{"id":480,"date":"2015-05-18T10:33:28","date_gmt":"2015-05-18T13:33:28","guid":{"rendered":"https:\/\/sistemafamato.org.br\/sindicatos-rurais\/2015\/05\/18\/expoverde-chega-a-16a-edicao-com-programacao-agropecuaria-fortalecida-e-grandes-atracoes\/"},"modified":"2015-05-18T10:33:28","modified_gmt":"2015-05-18T13:33:28","slug":"expoverde-chega-a-16a-edicao-com-programacao-agropecuaria-fortalecida-e-grandes-atracoes","status":"publish","type":"post","link":"https:\/\/sistemafamato.org.br\/sindicatos-rurais\/2015\/05\/18\/expoverde-chega-a-16a-edicao-com-programacao-agropecuaria-fortalecida-e-grandes-atracoes\/","title":{"rendered":"Expoverde chega \u00e0 16\u00aa edi\u00e7\u00e3o com programa\u00e7\u00e3o agropecu\u00e1ria fortalecida e grandes atra\u00e7\u00f5es"},"content":{"rendered":"<p style=\"text-align: justify;\">\nA Exposi\u00e7\u00e3o Agropecu\u00e1ria, Comercial e Industrial de Campo Verde \u2013 Expoverde \u2013 chega \u00e0 sua 16\u00aa edi\u00e7\u00e3o em 2015 entre os dias 1 e 4 de julho, com foco em fortalecer a programa\u00e7\u00e3o agropecu\u00e1ria e de neg\u00f3cios do evento, al\u00e9m de trazer grandes atra\u00e7\u00f5es musicais ao p\u00fablico.<\/p>\n<p style=\"text-align: justify;\">\n\u00a0<\/p>\n<p style=\"text-align: justify;\">\nSer\u00e3o 4 dias de festa, com uma estrutura que oportuniza a integra\u00e7\u00e3o entre o com\u00e9rcio local, estabelecimentos aliment\u00edcios, empresas de m\u00e1quinas e outros insumos agropecu\u00e1rios, prestadores de servi\u00e7os, produtores rurais e o grande p\u00fablico.<\/p>\n<p style=\"text-align: justify;\">\n\u00a0<\/p>\n<p style=\"text-align: justify;\">\nA programa\u00e7\u00e3o traz a 14\u00aa edi\u00e7\u00e3o do Torneio Leiteiro, palestras sobre o Mercado Futuro da Produ\u00e7\u00e3o Agropecu\u00e1ria e o Cen\u00e1rio Pol\u00edtico e Econ\u00f4mico de Mato Grosso e do Brasil, oficinas de incentivo a pequenos produtores, exposi\u00e7\u00f5es de animais, prova morfol\u00f3gica de Cavalos Crioulos e leil\u00e3o de gado, al\u00e9m de stands para visita\u00e7\u00e3o do p\u00fablico.<\/p>\n<p style=\"text-align: justify;\">\n\u00a0<\/p>\n<p style=\"text-align: justify;\">\nNa parte de entretenimento, a feira ter\u00e1 pra\u00e7a de alimenta\u00e7\u00e3o, parque infantil, grande festa de rodeio com a equipe Renato de Souza, show de motocross com Joaninha, queimas de fogos piromusicais e grandes nomes da m\u00fasica sertaneja.<\/p>\n<p style=\"text-align: justify;\">\n\u00a0<\/p>\n<p style=\"text-align: justify;\">\nNo dia 2, quinta-feira, Jads e Jadson comandam o palco. No dia 3, sexta, \u00e9 a vez da dupla Humberto e Ronaldo e, no encerramento da festa, dia 4, s\u00e1bado, Marcos e Belutti cantam seus grandes sucessos no palco da Expoverde.<\/p>\n<p style=\"text-align: justify;\">\n\u00a0<\/p>\n<p style=\"text-align: justify;\">\nPara o presidente do Sindicato Rural de Campo Verde, Gladir Tomazelli, a Expoverde \u00e9 uma grande oportunidade de movimentar neg\u00f3cios na regi\u00e3o, al\u00e9m de promover a uni\u00e3o de for\u00e7as entre diferentes entidades representativas do munic\u00edpio na organiza\u00e7\u00e3o do evento.<\/p>\n<p style=\"text-align: justify;\">\n\u00a0<\/p>\n<p style=\"text-align: justify;\">\n&#8220;Queremos convidar os empres\u00e1rios da regi\u00e3o para aproveitarem a Expoverde como uma vitrine de neg\u00f3cios e uma oportunidade de consolidar este evento como uma grande feira agropecu\u00e1ria, onde oportunidades, informa\u00e7\u00f5es e conhecimentos s\u00e3o disseminados. Tamb\u00e9m convidados o grande p\u00fablico a aproveitar as grandes atra\u00e7\u00f5es de entretenimento que a festa ir\u00e1 trazer&#8221;, afirmou Tomazelli na noite desta sexta-feira (15), durante solenidade de lan\u00e7amento da feira.<\/p>\n<p style=\"text-align: justify;\">\n\u00a0<\/p>\n<p style=\"text-align: justify;\">\nO prefeito municipal, F\u00e1bio Schroeter, salientou a import\u00e2ncia da vis\u00e3o do sindicato em trabalhar pela uni\u00e3o dos diversos setores que atuam na cidade. &#8220;Uni\u00e3o \u00e9 algo a ser perseguido e com trabalho e responsabilidade, chegamos l\u00e1. A parceria da prefeitura com o sindicato tem que ser exaltada, pois \u00e9 importante que estejamos juntos. Fico muito contente com o fortalecimento da programa\u00e7\u00e3o agropecu\u00e1ria. Tenho absoluta certeza de que ser\u00e1 um grande evento&#8221;, disse o prefeito.<\/p>\n<p style=\"text-align: justify;\">\n\u00a0<\/p>\n<p style=\"text-align: justify;\">\nA XVI Expoverde ser\u00e1 realizada de 1 a 4 de julho, no Parque de Exposi\u00e7\u00f5es Marco Ant\u00f4nio Esteves da Rocha. Realiza\u00e7\u00e3o do Sindicato Rural de Campo Verde. Apoio da Prefeitura Municipal, Famato e Senar-MT.<\/p>\n<p style=\"text-align: justify;\">\n\u00a0<\/p>\n<p style=\"text-align: justify;\">\n<strong>Ingressos &#8211;\u00a0<\/strong>A venda de ingressos para a XVI Expoverde ser\u00e1 realizada em duas frentes, para melhor atender aos moradores locais e visitantes de outras cidades. Os interessados poder\u00e3o adquirir suas entradas pelo site oficial do evento &#8211;\u00a0<a href=\"http:\/\/www.expoverde2015.com\/\" target=\"_blank\" rel=\"noopener\">www.expoverde2015.com<\/a>\u00a0&#8211; e tamb\u00e9m atrav\u00e9s da C\u00e2mara de Dirigentes Logistas (CDL) de Campo Verde.<\/p>\n<p style=\"text-align: justify;\">\n\u00a0<\/p>\n<p style=\"text-align: justify;\">\nOs ingressos j\u00e1 podem ser adquiridos a partir do dia 18 de maio, com custo de R$ 60 por dia (R$ 30 meia entrada). Os passaportes, modalidade de ingresso promocional que d\u00e1 acesso ao parque durante todos os dias de evento, custam R$ 60 o primeiro lote.<\/p>\n<p style=\"text-align: justify;\">\n\u00a0<\/p>\n<p style=\"text-align: justify;\">\nA CDL presentear\u00e1 o p\u00fablico da cidade com a promo\u00e7\u00e3o \u201cCDL te leva \u00e0 Expoverde\u201d, atrav\u00e9s da qual ser\u00e3o sorteados 300 passaportes. Para participar, basta realizar compras em lojas associadas. Os sorteios ser\u00e3o realizados todos os s\u00e1bados entre 23\/05 e 27\/06.<\/p>\n<p style=\"text-align: justify;\">\n\u00a0<\/p>\n<p style=\"text-align: justify;\">\nSegundo o presidente da CDL Campo Verde, Marcos Wiesenhutter, o investimento do \u00f3rg\u00e3o na compra desses passaportes para sorteio visa fomentar o com\u00e9rcio local, trazendo benef\u00edcios tanto aos lojistas quanto aos consumidores. No pr\u00f3ximo s\u00e1bado a CDL j\u00e1 ir\u00e1 sortear 50 passaportes. Informa\u00e7\u00f5es sobre os pontos de venda pelo (66) 3419-2223.<\/p>\n<p style=\"text-align: justify;\">\n\u00a0<\/p>\n<p style=\"text-align: justify;\">\n<strong>Informa\u00e7\u00f5es:<\/strong><\/p>\n<p style=\"text-align: justify;\">\n<a href=\"http:\/\/www.expoverde2015.com\/\" target=\"_blank\" rel=\"noopener\">www.expoverde2015.com<\/a><\/p>\n<p style=\"text-align: justify;\">\nFacebook: <a href=\"http:\/\/www.facebook.com\/expoverde2015\" target=\"_blank\" rel=\"noopener\">www.facebook.com\/expoverde2015<\/a><\/p>\n<p style=\"text-align: justify;\">\nIngressos \u2013 CDL \u2013 (66) 3419-2223<\/p>\n","protected":false},"excerpt":{"rendered":"<p>A Exposi\u00e7\u00e3o Agropecu\u00e1ria, Comercial e Industrial de Campo Verde \u2013 Expoverde \u2013 chega \u00e0 sua 16\u00aa edi\u00e7\u00e3o em 2015 entre os dias 1 e 4 de julho, com foco em fortalecer a programa\u00e7\u00e3o agropecu\u00e1ria e de neg\u00f3cios do evento, al\u00e9m de trazer grandes atra\u00e7\u00f5es musicais ao p\u00fablico. \u00a0 Ser\u00e3o 4 dias de festa, com uma [&hellip;]<\/p>\n","protected":false},"author":1,"featured_media":481,"comment_status":"open","ping_status":"open","sticky":false,"template":"","format":"standard","meta":{"footnotes":""},"categories":[1],"tags":[],"class_list":["post-480","post","type-post","status-publish","format-standard","has-post-thumbnail","hentry","category-geral"],"acf":[],"_links":{"self":[{"href":"https:\/\/sistemafamato.org.br\/sindicatos-rurais\/wp-json\/wp\/v2\/posts\/480","targetHints":{"allow":["GET"]}}],"collection":[{"href":"https:\/\/sistemafamato.org.br\/sindicatos-rurais\/wp-json\/wp\/v2\/posts"}],"about":[{"href":"https:\/\/sistemafamato.org.br\/sindicatos-rurais\/wp-json\/wp\/v2\/types\/post"}],"author":[{"embeddable":true,"href":"https:\/\/sistemafamato.org.br\/sindicatos-rurais\/wp-json\/wp\/v2\/users\/1"}],"replies":[{"embeddable":true,"href":"https:\/\/sistemafamato.org.br\/sindicatos-rurais\/wp-json\/wp\/v2\/comments?post=480"}],"version-history":[{"count":0,"href":"https:\/\/sistemafamato.org.br\/sindicatos-rurais\/wp-json\/wp\/v2\/posts\/480\/revisions"}],"wp:featuredmedia":[{"embeddable":true,"href":"https:\/\/sistemafamato.org.br\/sindicatos-rurais\/wp-json\/wp\/v2\/media\/481"}],"wp:attachment":[{"href":"https:\/\/sistemafamato.org.br\/sindicatos-rurais\/wp-json\/wp\/v2\/media?parent=480"}],"wp:term":[{"taxonomy":"category","embeddable":true,"href":"https:\/\/sistemafamato.org.br\/sindicatos-rurais\/wp-json\/wp\/v2\/categories?post=480"},{"taxonomy":"post_tag","embeddable":true,"href":"https:\/\/sistemafamato.org.br\/sindicatos-rurais\/wp-json\/wp\/v2\/tags?post=480"}],"curies":[{"name":"wp","href":"https:\/\/api.w.org\/{rel}","templated":true}]}}