{"id":476,"date":"2015-05-13T17:08:47","date_gmt":"2015-05-13T20:08:47","guid":{"rendered":"https:\/\/sistemafamato.org.br\/sindicatos-rurais\/2015\/05\/13\/rondonopolis-volta-a-sediar-uma-feira-de-negocios-para-a-agropecuaria\/"},"modified":"2015-05-13T17:08:47","modified_gmt":"2015-05-13T20:08:47","slug":"rondonopolis-volta-a-sediar-uma-feira-de-negocios-para-a-agropecuaria","status":"publish","type":"post","link":"https:\/\/sistemafamato.org.br\/sindicatos-rurais\/2015\/05\/13\/rondonopolis-volta-a-sediar-uma-feira-de-negocios-para-a-agropecuaria\/","title":{"rendered":"Rondon\u00f3polis volta a sediar uma feira de neg\u00f3cios para a agropecu\u00e1ria"},"content":{"rendered":"<p style=\"text-align: justify;\">\nQuase 10 anos ap&oacute;s a &uacute;ltima edi&ccedil;&atilde;o da Agrishow Cerrado em Rondon&oacute;polis, o munic&iacute;pio volta a sediar uma feira de neg&oacute;cios voltada para a agropecu&aacute;ria. Trata-se da Vitrine Agropec &#8211; Feira de Tecnologia Agr&iacute;cola e Pecu&aacute;ria de Rondon&oacute;polis.<\/p>\n<p style=\"text-align: justify;\">\n&nbsp;<\/p>\n<p style=\"text-align: justify;\">\nA Agropec acontecer&aacute; entre os dias 10 e 12 de agosto, paralelamente &agrave; 43&ordf; Exposul, que ocorrer&aacute; no per&iacute;odo noturno nos dias 08, 09, 13, 14 e 15 de agosto com rodeio profissional em touros e cavalos, al&eacute;m da grade tradicional de shows nacionais.<\/p>\n<p style=\"text-align: justify;\">\n&nbsp;<\/p>\n<p style=\"text-align: justify;\">\nJ&aacute; a Vitrine Agropec vai&nbsp;expor as novidades do agroneg&oacute;cio brasileiro, com demonstra&ccedil;&otilde;es de m&aacute;quinas, equipamentos e implementos agr&iacute;colas, vitrines tecnol&oacute;gicas,&nbsp;sementes, defensivos, fertilizantes, al&eacute;m de&nbsp;palestras t&eacute;cnicas e sobre mercado agropecu&aacute;rio &ndash; no per&iacute;odo da 8h &agrave;s 18h. &nbsp;<\/p>\n<p style=\"text-align: justify;\">\n&nbsp;<\/p>\n<p style=\"text-align: justify;\">\nA realiza&ccedil;&atilde;o dos dois eventos &eacute; do Sindicato Rural do Rondon&oacute;polis. Conforme avalia o vice-presidente da institui&ccedil;&atilde;o, Aylon Arruda, a Agropec vem para suprir uma demanda de anos. Isto, tanto de empresas do setor quanto dos produtores rurais da regi&atilde;o.<\/p>\n<p style=\"text-align: justify;\">\n&nbsp;<\/p>\n<p style=\"text-align: justify;\">\nArruda lembra que a &uacute;ltima edi&ccedil;&atilde;o de um evento neste formato no munic&iacute;pio ocorreu em 2006 [que foi a Agrishow Cerrado]. &quot;A Exposul j&aacute; &eacute; tradi&ccedil;&atilde;o e vai continuar com as mesmas atra&ccedil;&otilde;es e voltada ao grande p&uacute;blico. A diferen&ccedil;a, neste ano, &eacute; que tamb&eacute;m teremos uma feira direcionada para neg&oacute;cios&quot;, disse Aylon Arruda.<\/p>\n<p style=\"text-align: justify;\">\n&nbsp;<\/p>\n<p style=\"text-align: justify;\">\nDe acordo com ele, a Agropec &nbsp;atender&aacute; outra parcela do p&uacute;blico de Rondon&oacute;polis e regi&atilde;o, &quot;que s&atilde;o aqueles diretamente ligados ao agroneg&oacute;cio&quot;.<\/p>\n<p style=\"text-align: justify;\">\n&nbsp;<\/p>\n<p style=\"text-align: justify;\">\nO representante do sindicato de Rondon&oacute;polis destaca que a expectativa &eacute; de que a Agropec se torne&nbsp;uma das maiores do Estado. &quot;Apesar de ter nascido este ano queremos alcan&ccedil;ar o objetivo de estar entre as melhores de Mato Grosso e na lista das cinco maiores do pa&iacute;s em volume de vendas&quot;.<\/p>\n<p style=\"text-align: justify;\">\n&nbsp;<\/p>\n<p style=\"text-align: justify;\">\n<strong>Agrishow Cerrado &#8211;&nbsp;<\/strong>A Agrishow Cerrado foi uma vers&atilde;o da grife Agrishow &#8211; considerada a maior do segmento no Brasil e que acontece todos os anos em Ribeir&atilde;o Preto, S&atilde;o Paulo &#8211; e foi realizada em Rondon&oacute;polis de 2002 a 2006.<\/p>\n<p style=\"text-align: justify;\">\n&nbsp;<\/p>\n<p style=\"text-align: justify;\">\n&quot;Mato Grosso &eacute; um estado eminentemente agr&iacute;cola e campe&atilde;o na produ&ccedil;&atilde;o de gr&atilde;os, a regi&atilde;o de Rondon&oacute;polis tem grande participa&ccedil;&atilde;o nesses n&uacute;meros e merece um espa&ccedil;o de oportunidades ao produtor rural. Esse &eacute; o papel da Agropec&quot;, falou Aylon.<\/p>\n","protected":false},"excerpt":{"rendered":"<p>Quase 10 anos ap&oacute;s a &uacute;ltima edi&ccedil;&atilde;o da Agrishow Cerrado em Rondon&oacute;polis, o munic&iacute;pio volta a sediar uma feira de neg&oacute;cios voltada para a agropecu&aacute;ria. Trata-se da Vitrine Agropec &#8211; Feira de Tecnologia Agr&iacute;cola e Pecu&aacute;ria de Rondon&oacute;polis. &nbsp; A Agropec acontecer&aacute; entre os dias 10 e 12 de agosto, paralelamente &agrave; 43&ordf; Exposul, que [&hellip;]<\/p>\n","protected":false},"author":1,"featured_media":477,"comment_status":"open","ping_status":"open","sticky":false,"template":"","format":"standard","meta":{"footnotes":""},"categories":[1],"tags":[],"class_list":["post-476","post","type-post","status-publish","format-standard","has-post-thumbnail","hentry","category-geral"],"acf":[],"_links":{"self":[{"href":"https:\/\/sistemafamato.org.br\/sindicatos-rurais\/wp-json\/wp\/v2\/posts\/476","targetHints":{"allow":["GET"]}}],"collection":[{"href":"https:\/\/sistemafamato.org.br\/sindicatos-rurais\/wp-json\/wp\/v2\/posts"}],"about":[{"href":"https:\/\/sistemafamato.org.br\/sindicatos-rurais\/wp-json\/wp\/v2\/types\/post"}],"author":[{"embeddable":true,"href":"https:\/\/sistemafamato.org.br\/sindicatos-rurais\/wp-json\/wp\/v2\/users\/1"}],"replies":[{"embeddable":true,"href":"https:\/\/sistemafamato.org.br\/sindicatos-rurais\/wp-json\/wp\/v2\/comments?post=476"}],"version-history":[{"count":0,"href":"https:\/\/sistemafamato.org.br\/sindicatos-rurais\/wp-json\/wp\/v2\/posts\/476\/revisions"}],"wp:featuredmedia":[{"embeddable":true,"href":"https:\/\/sistemafamato.org.br\/sindicatos-rurais\/wp-json\/wp\/v2\/media\/477"}],"wp:attachment":[{"href":"https:\/\/sistemafamato.org.br\/sindicatos-rurais\/wp-json\/wp\/v2\/media?parent=476"}],"wp:term":[{"taxonomy":"category","embeddable":true,"href":"https:\/\/sistemafamato.org.br\/sindicatos-rurais\/wp-json\/wp\/v2\/categories?post=476"},{"taxonomy":"post_tag","embeddable":true,"href":"https:\/\/sistemafamato.org.br\/sindicatos-rurais\/wp-json\/wp\/v2\/tags?post=476"}],"curies":[{"name":"wp","href":"https:\/\/api.w.org\/{rel}","templated":true}]}}