{"id":468,"date":"2015-04-15T18:21:10","date_gmt":"2015-04-15T21:21:10","guid":{"rendered":"https:\/\/sistemafamato.org.br\/sindicatos-rurais\/2015\/04\/15\/taques-destaca-potencial-tecnologico-da-parecis-superagro-e-anuncia-investimentos-em-estrada\/"},"modified":"2015-04-15T18:21:10","modified_gmt":"2015-04-15T21:21:10","slug":"taques-destaca-potencial-tecnologico-da-parecis-superagro-e-anuncia-investimentos-em-estrada","status":"publish","type":"post","link":"https:\/\/sistemafamato.org.br\/sindicatos-rurais\/2015\/04\/15\/taques-destaca-potencial-tecnologico-da-parecis-superagro-e-anuncia-investimentos-em-estrada\/","title":{"rendered":"Taques destaca potencial tecnol\u00f3gico da Parecis SuperAgro e anuncia investimentos em estrada"},"content":{"rendered":"<p style=\"text-align: justify;\">\nO governador de Mato Grosso, Pedro Taques (PDT), esteve nesta quarta-feira (15.04), no \u00faltimo dia da Parecis SuperAgro, em Campo Novo do Parecis. Ao lado do secret\u00e1rio de Infraestrutura, Marcelo Duarte, e de Desenvolvimento Econ\u00f4mico, Seneri Paludo, ele participou de um f\u00f3rum em que debateu sobre os 100 primeiros dias de sua gest\u00e3o. Tamb\u00e9m participaram o presidente do Sistema Famato\/Senar, Rui Prado, e o presidente da Aprosoja, Ricardo Tomczyk.<\/p>\n<p style=\"text-align: justify;\">\n\u00a0<\/p>\n<p style=\"text-align: justify;\">\nAntes do painel, o chefe do Executivo estadual fez quest\u00e3o de lembrar que \u00e9 a terceira vez que prestigia a Parecis SuperAgro, sendo dois anos como senador e agora como governador.<\/p>\n<p style=\"text-align: justify;\">\n\u00a0<\/p>\n<p style=\"text-align: justify;\">\nA import\u00e2ncia do agroneg\u00f3cio para o Produto Interno Bruto (PIB) de Mato Grosso foi outro ponto ressaltado pelo pedetista, que afirmou que o avan\u00e7o da produ\u00e7\u00e3o de gr\u00e3os s\u00f3 \u00e9 poss\u00edvel devido ao desenvolvimento da tecnologia e feiras tecnol\u00f3gicas como a Parecis SuperAgro.<\/p>\n<p style=\"text-align: justify;\">\n\u00a0<\/p>\n<p style=\"text-align: justify;\">\n&#8220;N\u00f3s sabemos que o agroneg\u00f3cio representa uma grande parte do nosso PIB, e temos produtores que desenvolvem essas tecnologias que est\u00e3o expostas aqui na feira. Portanto, eventos como este, com todo este potencial de desenvolvimento tecnol\u00f3gico, eu fa\u00e7o quest\u00e3o de apoiar&#8221;, afirmou.<\/p>\n<p style=\"text-align: justify;\">\n\u00a0<\/p>\n<p style=\"text-align: justify;\">\nQuestionado sobre o motivo de realizar o f\u00f3rum a respeito dos cem dias de gest\u00e3o em Campo Novo dos Parecis, Pedro Taques destacou o poder econ\u00f4mico da regi\u00e3o, que produz 70% do milho pipoca do pa\u00eds, e 60% dos girass\u00f3is.<\/p>\n<p style=\"text-align: justify;\">\n\u00a0<\/p>\n<p style=\"text-align: justify;\">\n&#8220;Queremos e vamos resolver os problemas de Mato Grosso, por mais que fa\u00e7amos bastante, sabemos tamb\u00e9m que muito ainda precisa ser feito. N\u00e3o posso pedir paci\u00eancia ao produtor que necessita de estrada em bom estado para escoar a produ\u00e7\u00e3o, mas vim dizer que vamos resolver os problemas do nosso Estado. Esse \u00e9 o meu compromisso e por isso fui eleito&#8221;, finalizou.<\/p>\n<p style=\"text-align: justify;\">\n\u00a0<\/p>\n<p style=\"text-align: justify;\">\nAn\u00fancio &#8211; Pedro Taques anunciou durante o f\u00f3rum as primeiras a\u00e7\u00f5es do Programa Pr\u00f3-Estradas, que busca a melhoria da malha rodovi\u00e1ria pavimentada de Mato Grosso.<\/p>\n<p style=\"text-align: justify;\">\n\u00a0<\/p>\n<p style=\"text-align: justify;\">\nTaques determinou que seja feita a recupera\u00e7\u00e3o de cerca de 700 quil\u00f4metros de quatro rodovias das regi\u00f5es do Chapad\u00e3o dos Parecis e do noroeste do Estado, com in\u00edcio ainda em 2015.<\/p>\n<p style=\"text-align: justify;\">\n\u00a0<\/p>\n<p style=\"text-align: justify;\">\nO investimento est\u00e1 estimado em R$ 55 milh\u00f5es e o in\u00edcio do trabalho deve ocorrer no dia 02 de maio.<\/p>\n","protected":false},"excerpt":{"rendered":"<p>O governador de Mato Grosso, Pedro Taques (PDT), esteve nesta quarta-feira (15.04), no \u00faltimo dia da Parecis SuperAgro, em Campo Novo do Parecis. Ao lado do secret\u00e1rio de Infraestrutura, Marcelo Duarte, e de Desenvolvimento Econ\u00f4mico, Seneri Paludo, ele participou de um f\u00f3rum em que debateu sobre os 100 primeiros dias de sua gest\u00e3o. Tamb\u00e9m participaram [&hellip;]<\/p>\n","protected":false},"author":1,"featured_media":469,"comment_status":"open","ping_status":"open","sticky":false,"template":"","format":"standard","meta":{"footnotes":""},"categories":[1],"tags":[],"class_list":["post-468","post","type-post","status-publish","format-standard","has-post-thumbnail","hentry","category-geral"],"acf":[],"_links":{"self":[{"href":"https:\/\/sistemafamato.org.br\/sindicatos-rurais\/wp-json\/wp\/v2\/posts\/468","targetHints":{"allow":["GET"]}}],"collection":[{"href":"https:\/\/sistemafamato.org.br\/sindicatos-rurais\/wp-json\/wp\/v2\/posts"}],"about":[{"href":"https:\/\/sistemafamato.org.br\/sindicatos-rurais\/wp-json\/wp\/v2\/types\/post"}],"author":[{"embeddable":true,"href":"https:\/\/sistemafamato.org.br\/sindicatos-rurais\/wp-json\/wp\/v2\/users\/1"}],"replies":[{"embeddable":true,"href":"https:\/\/sistemafamato.org.br\/sindicatos-rurais\/wp-json\/wp\/v2\/comments?post=468"}],"version-history":[{"count":0,"href":"https:\/\/sistemafamato.org.br\/sindicatos-rurais\/wp-json\/wp\/v2\/posts\/468\/revisions"}],"wp:featuredmedia":[{"embeddable":true,"href":"https:\/\/sistemafamato.org.br\/sindicatos-rurais\/wp-json\/wp\/v2\/media\/469"}],"wp:attachment":[{"href":"https:\/\/sistemafamato.org.br\/sindicatos-rurais\/wp-json\/wp\/v2\/media?parent=468"}],"wp:term":[{"taxonomy":"category","embeddable":true,"href":"https:\/\/sistemafamato.org.br\/sindicatos-rurais\/wp-json\/wp\/v2\/categories?post=468"},{"taxonomy":"post_tag","embeddable":true,"href":"https:\/\/sistemafamato.org.br\/sindicatos-rurais\/wp-json\/wp\/v2\/tags?post=468"}],"curies":[{"name":"wp","href":"https:\/\/api.w.org\/{rel}","templated":true}]}}