{"id":464,"date":"2015-04-07T18:26:57","date_gmt":"2015-04-07T21:26:57","guid":{"rendered":"https:\/\/sistemafamato.org.br\/sindicatos-rurais\/2015\/04\/07\/formato-inovador-da-parecis-superagro-e-referencia-em-eventos-de-agronegocio-em-mato-grosso\/"},"modified":"2015-04-07T18:26:57","modified_gmt":"2015-04-07T21:26:57","slug":"formato-inovador-da-parecis-superagro-e-referencia-em-eventos-de-agronegocio-em-mato-grosso","status":"publish","type":"post","link":"https:\/\/sistemafamato.org.br\/sindicatos-rurais\/2015\/04\/07\/formato-inovador-da-parecis-superagro-e-referencia-em-eventos-de-agronegocio-em-mato-grosso\/","title":{"rendered":"Formato inovador da Parecis SuperAgro \u00e9 refer\u00eancia em eventos de agroneg\u00f3cio em Mato Grosso"},"content":{"rendered":"<p style=\"text-align: justify;\">\nMais do que uma feira agropecu\u00e1ria, a Parecis SuperAgro 2015 \u00e9 considerada modelo em eventos de agroneg\u00f3cio por seu formato inovador, na avalia\u00e7\u00e3o das entidades parceiras do evento, a Federa\u00e7\u00e3o da Agricultura e Pecu\u00e1ria de Mato Grosso (Famato), o Servi\u00e7o nacional de Aprendizagem Rural (Senar-MT) e a Associa\u00e7\u00e3o dos Produtores do Soja e Milho (Aprosoja-MT). Em sua oitava edi\u00e7\u00e3o e considerada a maior feira de tecnologia e neg\u00f3cios agropecu\u00e1rios de Mato Grosso, neste ano o evento deve movimentar R$ 175 milh\u00f5es entre os dias 12 e 15 de abril, em Campo Novo do Parecis.<\/p>\n<p style=\"text-align: justify;\">\n\u00a0<\/p>\n<p style=\"text-align: justify;\">\nPromovida pelo Sindicato Rural de Campo Novo do Parecis, tem como foco, principalmente, a segunda safra &#8212; conhecida como safrinha. Atualmente, Campo Novo dos Parecis \u00e9 respons\u00e1vel por 15% da produ\u00e7\u00e3o mundial de milho pipoca e 70% da produ\u00e7\u00e3o nacional. J\u00e1 o cultivo de girassol do munic\u00edpio corresponde a 70% da produ\u00e7\u00e3o brasileira.<\/p>\n<p style=\"text-align: justify;\">\n\u00a0<\/p>\n<p style=\"text-align: justify;\">\nSegundo o presidente do Sistema Famato\/Senar, Rui Prado, a Parecis SuperAgro \u00e9 um evento que sempre traz novidades aos produtores rurais do ponto de vista de tecnologia e conhecimento e que mostra a diversifica\u00e7\u00e3o da produ\u00e7\u00e3o agropecu\u00e1ria. &#8220;Tem uma import\u00e2ncia muito grande para Mato Grosso, tanto por conta das novidades t\u00e9cnicas que traz para o produtor rural quanto de neg\u00f3cios realizados&#8221;, pontua Prado.<\/p>\n<p style=\"text-align: justify;\">\n\u00a0<\/p>\n<p style=\"text-align: justify;\">\nPara o presidente da Aprosoja, Ricardo Tomczky, &#8220;a Parecis SuperAgro j\u00e1 \u00e9 refer\u00eancia em eventos de agroneg\u00f3cio por seu formato inovador que, felizmente, vem servindo de exemplo para outras feiras agropecu\u00e1rias. Neste evento, temos acesso a neg\u00f3cios, informa\u00e7\u00f5es sobre tecnologias e debates econ\u00f4micos e pol\u00edticos com personalidades de n\u00edvel nacional. A Aprosoja tem muito orgulho de apoiar o evento&#8221;, destaca Tomczky.<\/p>\n<p style=\"text-align: justify;\">\n\u00a0<\/p>\n<p style=\"text-align: justify;\">\nAl\u00e9m de vitrines tecnol\u00f3gicas e estandes das principais empresas do agroneg\u00f3cio, A Parecis SuperAgro 2015 tamb\u00e9m contar\u00e1 com palestras t\u00e9cnicas e que abordar\u00e3o assuntos como o cen\u00e1rio pol\u00edtico e econ\u00f4mico do pa\u00eds, com participa\u00e7\u00e3o de Ciro Gomes, Sallete Lemos e Augusto Cury. No dia 15 de abril o governador Pedro Taques, o vice-governador Carlos Favaro e secret\u00e1rios estaduais far\u00e3o um balan\u00e7o dos 100 dias de gest\u00e3o.<\/p>\n<p style=\"text-align: justify;\">\n\u00a0<\/p>\n<p style=\"text-align: justify;\">\nMais informa\u00e7\u00f5es em <a href=\"http:\/\/www.parecissuperagro.com.br\/\">www.parecissuperagro.com.br<\/a>.<\/p>\n<p style=\"text-align: justify;\">\n\u00a0<\/p>\n<p style=\"text-align: justify;\">\n<strong>Programa\u00e7\u00e3o Parecis SuperAgro 2015<\/strong><\/p>\n<p style=\"text-align: justify;\">\n\u00a0<\/p>\n<p style=\"text-align: justify;\">\n<strong>12 de abril (domingo)<\/strong><br \/>\n13h &#8211; Leil\u00e3o<\/p>\n<p style=\"text-align: justify;\">\n\u00a0<\/p>\n<p style=\"text-align: justify;\">\n<strong>13 de abril (segunda-feira)<\/strong><br \/>\n08h30 &#8211; Solenidade de abertura<br \/>\n09h \u2013 Palestra com Ciro Gomes &#8211; Conjuntura Pol\u00edtica-Econ\u00f4mica Brasileira<br \/>\n14h \u2013 Palestra com Eng\u00ba Agr\u00f4nomo Luiz Paulo Ferrari da Costa &#8211; Integra\u00e7\u00e3o Lavoura Pecu\u00e1ria &#8211; Matsuda<br \/>\n15h30 \u2013 Palestra com Eng\u00ba Agr\u00f4nomo Eric Henrique Pozza &#8211; Manejo na Irriga\u00e7\u00e3o \u2013 Krebs<\/p>\n<p style=\"text-align: justify;\">\n<strong>14 de abril (ter\u00e7a-feira)<\/strong><br \/>\n09h \u2013 Palestra com Salette Lemos &#8211; &#8220;Pol\u00edtica e Economia &#8211; Crises X Oportunidades&#8221;<br \/>\n14h \u2013 Palestra com Dra Carolina Deuner &#8211; Manejo de Doen\u00e7as visando altas produtividades em Soja \u2013 Basf<br \/>\n15h \u2013 Palestra com Dr Marcos Tamai &#8211; &#8220;Manejo biol\u00f3gico como ferramenta de sucesso no manejo de pragas&#8221;\u2013 Ihara<\/p>\n<p><strong>15 de abril (quarta-feira)<\/strong><br \/>\n9h \u2013 Palestra com Augusto Cury &#8211; Pais Inteligente Formam Sucessores N\u00e3o Herdeiros<br \/>\n14h \u2013 Painel Pol\u00edtico &#8211; &#8220;100 dias de governo&#8221;<br \/>\nParticipantes:<br \/>\nPedro Taques \u2013 governador do Estado<br \/>\nCarlos F\u00e1varo \u2013 vice-governador do Estado<br \/>\nSeneri Paludo &#8211; secret\u00e1rio de Estado de Desenvolvimento Econ\u00f4mico<br \/>\nMarcelo Duarte &#8211; secret\u00e1rio de Estado de Infraestrutura e Log\u00edstica<br \/>\nRui Prado \u2013 presidente do Sistema Famato\/Senar<br \/>\nRicardo Tomczyk \u2013 presidente da Aprosoja<br \/>\nMediador \u2013 jornalista Luiz Patroni<br \/>\n18h &#8211; Solenidade de encerramento\u00a0<\/p>\n","protected":false},"excerpt":{"rendered":"<p>Mais do que uma feira agropecu\u00e1ria, a Parecis SuperAgro 2015 \u00e9 considerada modelo em eventos de agroneg\u00f3cio por seu formato inovador, na avalia\u00e7\u00e3o das entidades parceiras do evento, a Federa\u00e7\u00e3o da Agricultura e Pecu\u00e1ria de Mato Grosso (Famato), o Servi\u00e7o nacional de Aprendizagem Rural (Senar-MT) e a Associa\u00e7\u00e3o dos Produtores do Soja e Milho (Aprosoja-MT). [&hellip;]<\/p>\n","protected":false},"author":1,"featured_media":465,"comment_status":"open","ping_status":"open","sticky":false,"template":"","format":"standard","meta":{"footnotes":""},"categories":[1],"tags":[],"class_list":["post-464","post","type-post","status-publish","format-standard","has-post-thumbnail","hentry","category-geral"],"acf":[],"_links":{"self":[{"href":"https:\/\/sistemafamato.org.br\/sindicatos-rurais\/wp-json\/wp\/v2\/posts\/464","targetHints":{"allow":["GET"]}}],"collection":[{"href":"https:\/\/sistemafamato.org.br\/sindicatos-rurais\/wp-json\/wp\/v2\/posts"}],"about":[{"href":"https:\/\/sistemafamato.org.br\/sindicatos-rurais\/wp-json\/wp\/v2\/types\/post"}],"author":[{"embeddable":true,"href":"https:\/\/sistemafamato.org.br\/sindicatos-rurais\/wp-json\/wp\/v2\/users\/1"}],"replies":[{"embeddable":true,"href":"https:\/\/sistemafamato.org.br\/sindicatos-rurais\/wp-json\/wp\/v2\/comments?post=464"}],"version-history":[{"count":0,"href":"https:\/\/sistemafamato.org.br\/sindicatos-rurais\/wp-json\/wp\/v2\/posts\/464\/revisions"}],"wp:featuredmedia":[{"embeddable":true,"href":"https:\/\/sistemafamato.org.br\/sindicatos-rurais\/wp-json\/wp\/v2\/media\/465"}],"wp:attachment":[{"href":"https:\/\/sistemafamato.org.br\/sindicatos-rurais\/wp-json\/wp\/v2\/media?parent=464"}],"wp:term":[{"taxonomy":"category","embeddable":true,"href":"https:\/\/sistemafamato.org.br\/sindicatos-rurais\/wp-json\/wp\/v2\/categories?post=464"},{"taxonomy":"post_tag","embeddable":true,"href":"https:\/\/sistemafamato.org.br\/sindicatos-rurais\/wp-json\/wp\/v2\/tags?post=464"}],"curies":[{"name":"wp","href":"https:\/\/api.w.org\/{rel}","templated":true}]}}