{"id":462,"date":"2015-03-30T09:50:07","date_gmt":"2015-03-30T12:50:07","guid":{"rendered":"https:\/\/sistemafamato.org.br\/sindicatos-rurais\/2015\/03\/30\/farm-show-apresentara-painel-sobre-politica-agricola\/"},"modified":"2015-03-30T09:50:07","modified_gmt":"2015-03-30T12:50:07","slug":"farm-show-apresentara-painel-sobre-politica-agricola","status":"publish","type":"post","link":"https:\/\/sistemafamato.org.br\/sindicatos-rurais\/2015\/03\/30\/farm-show-apresentara-painel-sobre-politica-agricola\/","title":{"rendered":"FARM SHOW apresentar\u00e1 Painel sobre Pol\u00edtica Agr\u00edcola"},"content":{"rendered":"<p style=\"text-align: justify;\">\nEntre um dos maiores entraves ao agroneg\u00f3cio no Brasil, est\u00e1 a inexist\u00eancia de uma pol\u00edtica agr\u00edcola, indispens\u00e1vel ao desenvolvimento econ\u00f4mico e \u00e0 balan\u00e7a comercial.<\/p>\n<p style=\"text-align: justify;\">\n\u00a0<\/p>\n<p style=\"text-align: justify;\">\nDurante o terceiro dia da FARM SHOW, em 09 de abril, ser\u00e1 apresentado um Painel sobre Pol\u00edtica Agr\u00edcola, contando com a participa\u00e7\u00e3o de autoridades brasileiras no assunto, sob a media\u00e7\u00e3o do jornalista e apresentador do Canal Rural, Jo\u00e3o Batista Olive.<\/p>\n<p style=\"text-align: justify;\">\n\u00a0<\/p>\n<p style=\"text-align: justify;\">\nParticipam desse painel os deputados Federais por Mato Grosso, Nilson Leit\u00e3o e Adilton Sachetti, junto ao Deputado Federal de Minas Gerais e Presidente da Frente Parlamentar de Agricultura, Marcos Montes. A FAMATO estar\u00e1 representada pelo seu Presidente, Rui Prado, e o Senado Federal se far\u00e1 presente atrav\u00e9s do Senador de Goi\u00e1s, Ronaldo Caiado.<\/p>\n<p style=\"text-align: justify;\">\n\u00a0<\/p>\n<p style=\"text-align: justify;\">\nO tema ter\u00e1 como objetivo colocar em pauta as distor\u00e7\u00f5es que vem sendo difundidas pelo atual governo, e ao mesmo tempo, a postura adotada pelos que representam o partido do poder. O exemplo mais recente vem do questionamento, levantado pelo Senador Ronaldo Caiado, que defende o fim da tese difundida por alguns integrantes do PT de que o investimento externo na agricultura brasileira atenta contra a soberania nacional. \u00a0&#8220;O Brasil \u00e9 muito competente em incorporar tecnologia, temos alta produtividade e o produtor sabe respeitar o meio ambiente&#8221;, destacou Ronaldo Caiado, ao citar a inten\u00e7\u00e3o da Jord\u00e2nia em investir na agricultura brasileira, considerando que o pa\u00eds importa 93% dos produtos agr\u00edcolas consumidos internamente.<\/p>\n<p style=\"text-align: justify;\">\n\u00a0<\/p>\n<p style=\"text-align: justify;\">\nOutro ponto importante que ser\u00e1 apresentado pelo Senador aos demais componentes da mesa, est\u00e1 &#8220;a abertura de mercado \u00e0 carne brasileira in natura.&#8221; &#8220;Hoje, o Brasil j\u00e1 \u00e9 o maior exportador mundial de carne bovina in natura&#8221;, comenta Caiado.<\/p>\n<p style=\"text-align: justify;\">\n\u00a0<\/p>\n<p style=\"text-align: justify;\">\nEstes s\u00e3o apenas alguns dos muitos aspectos a serem abordados durante o painel que, sem d\u00favida, trar\u00e1 importantes alertas e poss\u00edveis solu\u00e7\u00f5es aplic\u00e1veis ao agroneg\u00f3cio nacional.<\/p>\n<p style=\"text-align: justify;\">\n\u00a0<\/p>\n<p>\n\u00a0<\/p>\n","protected":false},"excerpt":{"rendered":"<p>Entre um dos maiores entraves ao agroneg\u00f3cio no Brasil, est\u00e1 a inexist\u00eancia de uma pol\u00edtica agr\u00edcola, indispens\u00e1vel ao desenvolvimento econ\u00f4mico e \u00e0 balan\u00e7a comercial. \u00a0 Durante o terceiro dia da FARM SHOW, em 09 de abril, ser\u00e1 apresentado um Painel sobre Pol\u00edtica Agr\u00edcola, contando com a participa\u00e7\u00e3o de autoridades brasileiras no assunto, sob a media\u00e7\u00e3o [&hellip;]<\/p>\n","protected":false},"author":1,"featured_media":463,"comment_status":"open","ping_status":"open","sticky":false,"template":"","format":"standard","meta":{"footnotes":""},"categories":[1],"tags":[],"class_list":["post-462","post","type-post","status-publish","format-standard","has-post-thumbnail","hentry","category-geral"],"acf":[],"_links":{"self":[{"href":"https:\/\/sistemafamato.org.br\/sindicatos-rurais\/wp-json\/wp\/v2\/posts\/462","targetHints":{"allow":["GET"]}}],"collection":[{"href":"https:\/\/sistemafamato.org.br\/sindicatos-rurais\/wp-json\/wp\/v2\/posts"}],"about":[{"href":"https:\/\/sistemafamato.org.br\/sindicatos-rurais\/wp-json\/wp\/v2\/types\/post"}],"author":[{"embeddable":true,"href":"https:\/\/sistemafamato.org.br\/sindicatos-rurais\/wp-json\/wp\/v2\/users\/1"}],"replies":[{"embeddable":true,"href":"https:\/\/sistemafamato.org.br\/sindicatos-rurais\/wp-json\/wp\/v2\/comments?post=462"}],"version-history":[{"count":0,"href":"https:\/\/sistemafamato.org.br\/sindicatos-rurais\/wp-json\/wp\/v2\/posts\/462\/revisions"}],"wp:featuredmedia":[{"embeddable":true,"href":"https:\/\/sistemafamato.org.br\/sindicatos-rurais\/wp-json\/wp\/v2\/media\/463"}],"wp:attachment":[{"href":"https:\/\/sistemafamato.org.br\/sindicatos-rurais\/wp-json\/wp\/v2\/media?parent=462"}],"wp:term":[{"taxonomy":"category","embeddable":true,"href":"https:\/\/sistemafamato.org.br\/sindicatos-rurais\/wp-json\/wp\/v2\/categories?post=462"},{"taxonomy":"post_tag","embeddable":true,"href":"https:\/\/sistemafamato.org.br\/sindicatos-rurais\/wp-json\/wp\/v2\/tags?post=462"}],"curies":[{"name":"wp","href":"https:\/\/api.w.org\/{rel}","templated":true}]}}