{"id":458,"date":"2015-03-26T16:52:12","date_gmt":"2015-03-26T19:52:12","guid":{"rendered":"https:\/\/sistemafamato.org.br\/sindicatos-rurais\/2015\/03\/26\/parecis-superagro-divulga-programacao-de-palestras\/"},"modified":"2015-03-26T16:52:12","modified_gmt":"2015-03-26T19:52:12","slug":"parecis-superagro-divulga-programacao-de-palestras","status":"publish","type":"post","link":"https:\/\/sistemafamato.org.br\/sindicatos-rurais\/2015\/03\/26\/parecis-superagro-divulga-programacao-de-palestras\/","title":{"rendered":"Parecis SuperAgro divulga programa\u00e7\u00e3o de palestras"},"content":{"rendered":"<p style=\"text-align: justify;\">\nAl\u00e9m de exposi\u00e7\u00e3o de m\u00e1quinas e implementos agr\u00edcolas e estandes das mais renomadas empresas de tecnologia do agroneg\u00f3cio, a Parecis SuperAgro 2015 tamb\u00e9m contar\u00e1 com uma programa\u00e7\u00e3o de palestras que ir\u00e1 abordar assuntos t\u00e9cnicos e discutir o momento socioecon\u00f4mico e pol\u00edtico do pa\u00eds. Grandes nomes estar\u00e3o presentes, como o ex-ministro Ciro Gomes, o escritor Augusto Cury e o consultor Bol\u00edvar Lamounier. Al\u00e9m disso, o governador de Mato Grosso e seu secretariado falar\u00e3o sobre as a\u00e7\u00f5es nos primeiros 100 dias de governo.<\/p>\n<p style=\"text-align: justify;\">\n\u00a0<\/p>\n<p style=\"text-align: justify;\">\nConsiderada a maior feira de tecnologia e neg\u00f3cios agropecu\u00e1rios de Mato Grosso, neste ano, a expectativa \u00e9 de movimentar mais de R$ 175 milh\u00f5es. A feira ser\u00e1 realizada entre os dias 12 e 15 de abril, no parque de exposi\u00e7\u00f5es Odenir Ortolan, em Campo Novo do Parecis. A realiza\u00e7\u00e3o \u00e9 do Sindicato Rural do munic\u00edpio.<\/p>\n<p style=\"text-align: justify;\">\n\u00a0<\/p>\n<p style=\"text-align: justify;\">\nAbrindo o ciclo de palestras, Ciro Gomes falar\u00e1 no dia 13 de abril, \u00e0s 9h, sobre a atual conjuntura pol\u00edtica-econ\u00f4mica brasileira. No dia seguinte (14.04), \u00e0s 9h, o consultor Bolivar Lamounier apresenta a palestra &#8220;Pol\u00edtica e Economia &#8211; Crises X Oportunidades\u201d. J\u00e1 na quarta-feira (14.04), \u00e0s 9h, o escritor Augusto Cury abordar\u00e1 o tema \u201cPais Inteligentes Formam Sucessores N\u00e3o Herdeiros\u201d.<\/p>\n<p style=\"text-align: justify;\">\n\u00a0<\/p>\n<p style=\"text-align: justify;\">\nNo mesmo dia, a partir das 14h, acontece o painel pol\u00edtico &#8211; &#8220;100 dias de governo&#8221;, com a presen\u00e7a do governador do Estado, Pedro Taques, do vice-governador, Carlos F\u00e1varo, \u00a0secret\u00e1rios de Estado, do presidente do Sistema Famato\/Senar, Rui Prado e do presidente da Aprosoja, Ricardo Tomczyk. A media\u00e7\u00e3o ficar\u00e1 por conta do jornalista Luiz Patroni.<\/p>\n<p style=\"text-align: justify;\">\n\u00a0<\/p>\n<p style=\"text-align: justify;\">\nO presidente do Sindicato Rural de Campo Novo do Parecis, Alex Utida, pontua que a programa\u00e7\u00e3o foi toda pensada focando no atual momento pol\u00edtico-econ\u00f4mico do Brasil e do agroneg\u00f3cio. &#8220;Nosso objetivo \u00e9 motivar a discuss\u00e3o destes temas e orientar os produtores rurais sobre os caminhos a se tomar neste e nos pr\u00f3ximos anos. Nosso papel principal \u00e9 auxilia-los na tomada de decis\u00f5es e na informa\u00e7\u00e3o&#8221;.<\/p>\n<p>Na programa\u00e7\u00e3o de palestras t\u00e9cnicas, os temas abordados ser\u00e3o Integra\u00e7\u00e3o Lavoura-Pecu\u00e1ria (ILP), manejo de irriga\u00e7\u00e3o, manejo de doen\u00e7as visando altas produtividades em soja e manejo de plantas daninhas em soja.<\/p>\n<p style=\"text-align: justify;\">\n\u00a0<\/p>\n<p style=\"text-align: justify;\">\nMais informa\u00e7\u00f5es em <a href=\"http:\/\/www.parecissuperagro.com.br\/\">www.parecissuperagro.com.br<\/a>.<\/p>\n<p style=\"text-align: justify;\">\n<br \/>\n<strong>Programa\u00e7\u00e3o Parecis SuperAgro 2015<\/strong><\/p>\n<p style=\"text-align: justify;\">\n\u00a0<\/p>\n<p style=\"text-align: justify;\">\n<strong>12 de abril (domingo)<\/strong><br \/>\n13h &#8211; Leil\u00e3o<\/p>\n<p style=\"text-align: justify;\">\n\u00a0<\/p>\n<p style=\"text-align: justify;\">\n<strong>13 de abril (segunda-feira)<\/strong><br \/>\n8h30 &#8211; Solenidade de abertura<br \/>\n9h \u2013 Palestra com Ciro Gomes \u2013 \u201cConjuntura Pol\u00edtica-Econ\u00f4mica Brasileira\u201d<br \/>\n14h \u2013 Palestra com Eng\u00ba Agr\u00f4nomo Luiz Paulo Ferrari da Costa \u2013\u201c Integra\u00e7\u00e3o Lavoura Pecu\u00e1ria \u2013 Matsuda\u201d<br \/>\n15h30 \u2013 Palestra com Eng\u00ba Agr\u00f4nomo Eric Henrique Pozza \u2013 \u201cManejo na Irriga\u00e7\u00e3o\u201d \u2013 Krebs<\/p>\n<p style=\"text-align: justify;\">\n<strong>14 de abril (ter\u00e7a-feira)<\/strong><br \/>\n9h \u2013 Palestra com Bolivar Lamounier &#8211; &#8220;Pol\u00edtica e Economia &#8211; Crises X Oportunidades&#8221;<br \/>\n14h \u2013 Palestra com Dra Carolina Deuner \u2013 \u201cManejo de Doen\u00e7as visando altas produtividades em Soja\u201d \u2013 Basf<br \/>\n15h \u2013 Palestra com Dr Marcos Tamai \u2013 \u201cManejo de Plantas Daninhas em soja\u201d \u2013 Ihara<\/p>\n<p><strong>15 de abril (quarta-feira)<\/strong><br \/>\n9h \u2013 Palestra com Augusto Cury \u2013 \u201cPais Inteligentes Formam Sucessores N\u00e3o Herdeiros\u201d<br \/>\n14h \u2013 Painel Pol\u00edtico &#8211; &#8220;100 dias de governo&#8221;<br \/>\nParticipantes:<br \/>\nPedro Taques \u2013 governador do Estado<br \/>\nCarlos F\u00e1varo \u2013 vice-governador do Estado<br \/>\nSeneri Paludo &#8211; secret\u00e1rio de Estado de Desenvolvimento Econ\u00f4mico<br \/>\nMarcelo Duarte &#8211; secret\u00e1rio de Estado de Infraestrutura e Log\u00edstica<br \/>\nRui Prado \u2013 presidente do Sistema Famato\/Senar<br \/>\nRicardo Tomczyk \u2013 presidente da Aprosoja<br \/>\nMediador \u2013 jornalista Luiz Petroni<br \/>\n18h &#8211; Solenidade de encerramento<\/p>\n<p style=\"text-align: justify;\">\n\u00a0<\/p>\n<p>\n\u00a0<\/p>\n","protected":false},"excerpt":{"rendered":"<p>Al\u00e9m de exposi\u00e7\u00e3o de m\u00e1quinas e implementos agr\u00edcolas e estandes das mais renomadas empresas de tecnologia do agroneg\u00f3cio, a Parecis SuperAgro 2015 tamb\u00e9m contar\u00e1 com uma programa\u00e7\u00e3o de palestras que ir\u00e1 abordar assuntos t\u00e9cnicos e discutir o momento socioecon\u00f4mico e pol\u00edtico do pa\u00eds. Grandes nomes estar\u00e3o presentes, como o ex-ministro Ciro Gomes, o escritor Augusto [&hellip;]<\/p>\n","protected":false},"author":1,"featured_media":459,"comment_status":"open","ping_status":"open","sticky":false,"template":"","format":"standard","meta":{"footnotes":""},"categories":[1],"tags":[],"class_list":["post-458","post","type-post","status-publish","format-standard","has-post-thumbnail","hentry","category-geral"],"acf":[],"_links":{"self":[{"href":"https:\/\/sistemafamato.org.br\/sindicatos-rurais\/wp-json\/wp\/v2\/posts\/458","targetHints":{"allow":["GET"]}}],"collection":[{"href":"https:\/\/sistemafamato.org.br\/sindicatos-rurais\/wp-json\/wp\/v2\/posts"}],"about":[{"href":"https:\/\/sistemafamato.org.br\/sindicatos-rurais\/wp-json\/wp\/v2\/types\/post"}],"author":[{"embeddable":true,"href":"https:\/\/sistemafamato.org.br\/sindicatos-rurais\/wp-json\/wp\/v2\/users\/1"}],"replies":[{"embeddable":true,"href":"https:\/\/sistemafamato.org.br\/sindicatos-rurais\/wp-json\/wp\/v2\/comments?post=458"}],"version-history":[{"count":0,"href":"https:\/\/sistemafamato.org.br\/sindicatos-rurais\/wp-json\/wp\/v2\/posts\/458\/revisions"}],"wp:featuredmedia":[{"embeddable":true,"href":"https:\/\/sistemafamato.org.br\/sindicatos-rurais\/wp-json\/wp\/v2\/media\/459"}],"wp:attachment":[{"href":"https:\/\/sistemafamato.org.br\/sindicatos-rurais\/wp-json\/wp\/v2\/media?parent=458"}],"wp:term":[{"taxonomy":"category","embeddable":true,"href":"https:\/\/sistemafamato.org.br\/sindicatos-rurais\/wp-json\/wp\/v2\/categories?post=458"},{"taxonomy":"post_tag","embeddable":true,"href":"https:\/\/sistemafamato.org.br\/sindicatos-rurais\/wp-json\/wp\/v2\/tags?post=458"}],"curies":[{"name":"wp","href":"https:\/\/api.w.org\/{rel}","templated":true}]}}