{"id":450,"date":"2015-03-19T18:12:41","date_gmt":"2015-03-19T21:12:41","guid":{"rendered":"https:\/\/sistemafamato.org.br\/sindicatos-rurais\/2015\/03\/19\/presidente-do-sindicato-rural-de-juina-e-recebido-pelo-presidente-do-indea-mt\/"},"modified":"2015-03-19T18:12:41","modified_gmt":"2015-03-19T21:12:41","slug":"presidente-do-sindicato-rural-de-juina-e-recebido-pelo-presidente-do-indea-mt","status":"publish","type":"post","link":"https:\/\/sistemafamato.org.br\/sindicatos-rurais\/2015\/03\/19\/presidente-do-sindicato-rural-de-juina-e-recebido-pelo-presidente-do-indea-mt\/","title":{"rendered":"Presidente do Sindicato Rural de Ju\u00edna \u00e9 recebido pelo presidente do Indea-MT"},"content":{"rendered":"<p style=\"text-align: justify;\">\nO presidente do Sindicato Rural de Ju\u00edna, Jos\u00e9 Lino Geraldo Martins Rodrigues, foi recebido na tarde hoje (19.03) pelo presidente do Instituto de Defesa Agropecu\u00e1ria do Estado de Mato Grosso (Indea-MT), Guilherme Nolasco.<\/p>\n<p style=\"text-align: justify;\">\n\u00a0<\/p>\n<p style=\"text-align: justify;\">\nA reuni\u00e3o aconteceu a pedido do presidente do sindicato. &#8220;Como assumimos a diretoria da entidade este m\u00eas, viemos at\u00e9 aqui para nos apresentar e trazer das demandas dos produtores do nosso munic\u00edpio&#8221;, afirma.<\/p>\n<p style=\"text-align: justify;\">\n\u00a0<\/p>\n<p style=\"text-align: justify;\">\nSegundo Rodrigues, o atendimento na Unidade Local de Execu\u00e7\u00e3o (ULE) do Indea em Ju\u00edna est\u00e1 aqu\u00e9m do esperado. &#8220;Os nossos produtores est\u00e3o encontrando bastante dificuldade no posto de Ju\u00edna. Precisamos de um atendimento mais \u00e1gil, pois produtores de v\u00e1rios munic\u00edpios da regi\u00e3o recorrem \u00e0 unidade em busca dos servi\u00e7os do \u00f3rg\u00e3o&#8221;, pontua.<\/p>\n<p style=\"text-align: justify;\">\n\u00a0<\/p>\n<p style=\"text-align: justify;\">\nO presidente tamb\u00e9m pediu que sejam tomadas as provid\u00eancias necess\u00e1rias para que a tradicional cavalgada que abre a Expoju, feira agropecu\u00e1ria de Ju\u00edna, seja liberada. &#8220;N\u00f3s estamos dispostos a fazer o que for preciso para realizar a cavalgada. N\u00e3o podemos deixar de fazer esse evento que j\u00e1 acontece h\u00e1 30 anos no munic\u00edpio&#8221;, destaca.<\/p>\n<p style=\"text-align: justify;\">\n\u00a0<\/p>\n<p style=\"text-align: justify;\">\nO tesoureiro do sindicato, Paulo Frisanco Filho, o suplente da diretoria, Carlos Tanizaki, e o assessor jur\u00eddico da entidade, Darli Figueira, tamb\u00e9m acompanharam a reuni\u00e3o.<\/p>\n<p style=\"text-align: justify;\">\n\u00a0<\/p>\n<p style=\"text-align: justify;\">\nO Sindicato Rural de Ju\u00edna e outros 86 Sindicatos Rurais, a Famato, o Senar-MT e o Imea formam o Sistema Famato. Acompanhe nossas redes sociais: <a href=\"http:\/\/www.facebook.com\/sistemafamato\">www.facebook.com\/sistemafamato<\/a> (facebook) e @sistemafamato (twitter e instagram).<\/p>\n","protected":false},"excerpt":{"rendered":"<p>O presidente do Sindicato Rural de Ju\u00edna, Jos\u00e9 Lino Geraldo Martins Rodrigues, foi recebido na tarde hoje (19.03) pelo presidente do Instituto de Defesa Agropecu\u00e1ria do Estado de Mato Grosso (Indea-MT), Guilherme Nolasco. \u00a0 A reuni\u00e3o aconteceu a pedido do presidente do sindicato. &#8220;Como assumimos a diretoria da entidade este m\u00eas, viemos at\u00e9 aqui para [&hellip;]<\/p>\n","protected":false},"author":1,"featured_media":451,"comment_status":"open","ping_status":"open","sticky":false,"template":"","format":"standard","meta":{"footnotes":""},"categories":[1],"tags":[],"class_list":["post-450","post","type-post","status-publish","format-standard","has-post-thumbnail","hentry","category-geral"],"acf":[],"_links":{"self":[{"href":"https:\/\/sistemafamato.org.br\/sindicatos-rurais\/wp-json\/wp\/v2\/posts\/450","targetHints":{"allow":["GET"]}}],"collection":[{"href":"https:\/\/sistemafamato.org.br\/sindicatos-rurais\/wp-json\/wp\/v2\/posts"}],"about":[{"href":"https:\/\/sistemafamato.org.br\/sindicatos-rurais\/wp-json\/wp\/v2\/types\/post"}],"author":[{"embeddable":true,"href":"https:\/\/sistemafamato.org.br\/sindicatos-rurais\/wp-json\/wp\/v2\/users\/1"}],"replies":[{"embeddable":true,"href":"https:\/\/sistemafamato.org.br\/sindicatos-rurais\/wp-json\/wp\/v2\/comments?post=450"}],"version-history":[{"count":0,"href":"https:\/\/sistemafamato.org.br\/sindicatos-rurais\/wp-json\/wp\/v2\/posts\/450\/revisions"}],"wp:featuredmedia":[{"embeddable":true,"href":"https:\/\/sistemafamato.org.br\/sindicatos-rurais\/wp-json\/wp\/v2\/media\/451"}],"wp:attachment":[{"href":"https:\/\/sistemafamato.org.br\/sindicatos-rurais\/wp-json\/wp\/v2\/media?parent=450"}],"wp:term":[{"taxonomy":"category","embeddable":true,"href":"https:\/\/sistemafamato.org.br\/sindicatos-rurais\/wp-json\/wp\/v2\/categories?post=450"},{"taxonomy":"post_tag","embeddable":true,"href":"https:\/\/sistemafamato.org.br\/sindicatos-rurais\/wp-json\/wp\/v2\/tags?post=450"}],"curies":[{"name":"wp","href":"https:\/\/api.w.org\/{rel}","templated":true}]}}