{"id":445,"date":"2015-03-17T18:23:56","date_gmt":"2015-03-17T21:23:56","guid":{"rendered":"https:\/\/sistemafamato.org.br\/sindicatos-rurais\/2015\/03\/17\/parecis-superagro-e-a-maior-feira-de-negocios-agropecuarios-de-mt-afirma-utida\/"},"modified":"2021-11-10T14:50:42","modified_gmt":"2021-11-10T17:50:42","slug":"parecis-superagro-e-a-maior-feira-de-negocios-agropecuarios-de-mt-afirma-utida","status":"publish","type":"post","link":"https:\/\/sistemafamato.org.br\/sindicatos-rurais\/2015\/03\/17\/parecis-superagro-e-a-maior-feira-de-negocios-agropecuarios-de-mt-afirma-utida\/","title":{"rendered":"Parecis SuperAgro \u00e9 a maior feira de neg\u00f3cios agropecu\u00e1rios de MT, afirma Utida"},"content":{"rendered":"<p style=\"text-align: justify;\">\nFoi lan\u00e7ada nesta ter\u00e7a-feira (17.03), em Cuiab\u00e1, a Parecis SuperAgro 2015 &#8212; considerada a maior feira de tecnologia e neg\u00f3cios agropecu\u00e1rios de Mato Grosso. A feira ser\u00e1 realizada entre os dias 12 e 15 de abril, em Campo Novo do Parecis e, neste ano, a expectativa \u00e9 de movimentar mais de R$ 175 milh\u00f5es.<\/p>\n<p style=\"text-align: justify;\">\n\u00a0<\/p>\n<p style=\"text-align: justify;\">\nO lan\u00e7amento contou com a presen\u00e7a de representantes da Federa\u00e7\u00e3o da Agricultura e Pecu\u00e1ria de Mato Grosso (Famato) e da Associa\u00e7\u00e3o dos Produtores de Soja e Milho (Aprosoja), parceiras do evento, al\u00e9m de expositores e jornalistas.<\/p>\n<p style=\"text-align: justify;\">\n\u00a0<\/p>\n<p style=\"text-align: justify;\">\nPromovida pelo Sindicato Rural de Campo Novo do Parecis, a feira tem como foco, principalmente, a segunda safra &#8212; conhecida como safrinha. Atualmente, Campo Novo dos Parecis \u00e9 respons\u00e1vel por 15% da produ\u00e7\u00e3o mundial de milho pipoca e 70% da produ\u00e7\u00e3o nacional. J\u00e1 o cultivo de girassol do munic\u00edpio corresponde a 70% da produ\u00e7\u00e3o brasileira.<\/p>\n<p style=\"text-align: justify;\">\n\u00a0<\/p>\n<p style=\"text-align: justify;\">\n&#8220;Em 2014, nos tornamos a maior feira de Mato Grosso em faturamento no segmento de neg\u00f3cios agropecu\u00e1rios. Neste ano, em sua oitava edi\u00e7\u00e3o, a Parecis SuperAgro ganha mais\u00a0 amadurecimento&#8221;, destacou o presidente do Sindicato Rural de Campo Novo do Parecis, Alex Utida.<\/p>\n<p style=\"text-align: justify;\">\n\u00a0<\/p>\n<p style=\"text-align: justify;\">\n&#8220;Al\u00e9m do foco nos neg\u00f3cios e na apresenta\u00e7\u00e3o de novas tecnologias, durante as palestras vamos discutir o momento socioecon\u00f4mico e pol\u00edtico pelo qual passa o pa\u00eds. Momento este que requer uma boa interpreta\u00e7\u00e3o para que os produtores rurais e empres\u00e1rios do setor estejam preparados para fazer as escolhas certas&#8221;, afirmou Utida.<\/p>\n<p style=\"text-align: justify;\">\n\u00a0<\/p>\n<p style=\"text-align: justify;\">\nO diretor de Rela\u00e7\u00f5es Institucionais da Famato, Rog\u00e9rio Romanini, disse que a Parecis SuperAgro \u00e9 pioneira no modelo de feira de neg\u00f3cios voltados para o campo. &#8220;Campo Novo saiu na frente e hoje \u00e9 refer\u00eancia quando se fala em feira agropecu\u00e1ria voltada para neg\u00f3cios, que proporciona o contato entre tecnologia, conhecimento e produtor rural&#8221;, falou Romanini.<\/p>\n<p style=\"text-align: justify;\">\n\u00a0<\/p>\n<p style=\"text-align: justify;\">\nPara o presidente da Aprosoja, Ricardo Tomczyk, al\u00e9m do formato inovador, refer\u00eancia em neg\u00f3cios e tecnologia, a feira tem uma discuss\u00e3o pol\u00edtica muito importante para o crescimento do setor. &#8220;\u00c9 importante falar do momento atual e qual o impacto disso na agropecu\u00e1ria, e a Parecis SuperAgro vem cumprindo o papel de provocar essas discuss\u00f5es&#8221;.<\/p>\n<p style=\"text-align: justify;\">\n\u00a0<\/p>\n<p style=\"text-align: justify;\">\nNa programa\u00e7\u00e3o do evento est\u00e3o previstas exposi\u00e7\u00f5es de m\u00e1quinas e implementos agr\u00edcolas, palestras t\u00e9cnicas e de personalidades nacionais, cursos do Servi\u00e7o Nacional de Aprendizagem Rural (Senar) e apresenta\u00e7\u00e3o de novas tecnologias no campo. O evento \u00e9 promovido pelo Sindicato Rural de Campo Novo do Parecis.<\/p>\n<p style=\"text-align: justify;\">\n\u00a0<\/p>\n<p style=\"text-align: justify;\">\nEntre os temas a serem abordados nas palestras da Parecis SuperAgro deste ano est\u00e1 a Integra\u00e7\u00e3o Lavoura-Pecu\u00e1ria (ILP). O pol\u00edtico Ciro Gomes far\u00e1 palestra no dia 13 de abril e a expectativa \u00e9 de que o governador Pedro Taques (PDT), o vice-governador Carlos Favaro (PP) e secret\u00e1rios estaduais fa\u00e7am um balan\u00e7o dos 100 dias de gest\u00e3o no dia 15 de abril.<\/p>\n<p style=\"text-align: justify;\">\n\u00a0<\/p>\n<p style=\"text-align: justify;\">\nAcesse o site\u00a0<a href=\"http:\/\/www.parecisuperagro.com.br\/\" target=\"_blank\" rel=\"noopener\">www.parecisuperagro.com.br<\/a>\u00a0para saber mais sobre a programa\u00e7\u00e3o, informa\u00e7\u00f5es e expositores.<\/p>\n<p>\n\u00a0<\/p>\n","protected":false},"excerpt":{"rendered":"<p>Foi lan\u00e7ada nesta ter\u00e7a-feira (17.03), em Cuiab\u00e1, a Parecis SuperAgro 2015 &#8212; considerada a maior feira de tecnologia e neg\u00f3cios agropecu\u00e1rios de Mato Grosso. A feira ser\u00e1 realizada entre os dias 12 e 15 de abril, em Campo Novo do Parecis e, neste ano, a expectativa \u00e9 de movimentar mais de R$ 175 milh\u00f5es. \u00a0 [&hellip;]<\/p>\n","protected":false},"author":1,"featured_media":447,"comment_status":"open","ping_status":"open","sticky":false,"template":"","format":"standard","meta":{"footnotes":""},"categories":[1],"tags":[],"class_list":["post-445","post","type-post","status-publish","format-standard","has-post-thumbnail","hentry","category-geral"],"acf":[],"_links":{"self":[{"href":"https:\/\/sistemafamato.org.br\/sindicatos-rurais\/wp-json\/wp\/v2\/posts\/445","targetHints":{"allow":["GET"]}}],"collection":[{"href":"https:\/\/sistemafamato.org.br\/sindicatos-rurais\/wp-json\/wp\/v2\/posts"}],"about":[{"href":"https:\/\/sistemafamato.org.br\/sindicatos-rurais\/wp-json\/wp\/v2\/types\/post"}],"author":[{"embeddable":true,"href":"https:\/\/sistemafamato.org.br\/sindicatos-rurais\/wp-json\/wp\/v2\/users\/1"}],"replies":[{"embeddable":true,"href":"https:\/\/sistemafamato.org.br\/sindicatos-rurais\/wp-json\/wp\/v2\/comments?post=445"}],"version-history":[{"count":1,"href":"https:\/\/sistemafamato.org.br\/sindicatos-rurais\/wp-json\/wp\/v2\/posts\/445\/revisions"}],"predecessor-version":[{"id":446,"href":"https:\/\/sistemafamato.org.br\/sindicatos-rurais\/wp-json\/wp\/v2\/posts\/445\/revisions\/446"}],"wp:featuredmedia":[{"embeddable":true,"href":"https:\/\/sistemafamato.org.br\/sindicatos-rurais\/wp-json\/wp\/v2\/media\/447"}],"wp:attachment":[{"href":"https:\/\/sistemafamato.org.br\/sindicatos-rurais\/wp-json\/wp\/v2\/media?parent=445"}],"wp:term":[{"taxonomy":"category","embeddable":true,"href":"https:\/\/sistemafamato.org.br\/sindicatos-rurais\/wp-json\/wp\/v2\/categories?post=445"},{"taxonomy":"post_tag","embeddable":true,"href":"https:\/\/sistemafamato.org.br\/sindicatos-rurais\/wp-json\/wp\/v2\/tags?post=445"}],"curies":[{"name":"wp","href":"https:\/\/api.w.org\/{rel}","templated":true}]}}