{"id":439,"date":"2015-03-12T14:37:00","date_gmt":"2015-03-12T17:37:00","guid":{"rendered":"https:\/\/sistemafamato.org.br\/sindicatos-rurais\/2015\/03\/12\/parecis-superagro-e-lancada-com-expectativa-de-movimentar-r-175-milhoes-em-campo-novo\/"},"modified":"2015-03-12T14:37:00","modified_gmt":"2015-03-12T17:37:00","slug":"parecis-superagro-e-lancada-com-expectativa-de-movimentar-r-175-milhoes-em-campo-novo","status":"publish","type":"post","link":"https:\/\/sistemafamato.org.br\/sindicatos-rurais\/2015\/03\/12\/parecis-superagro-e-lancada-com-expectativa-de-movimentar-r-175-milhoes-em-campo-novo\/","title":{"rendered":"Parecis SuperAgro \u00e9 lan\u00e7ada com expectativa de movimentar R$ 175 milh\u00f5es em Campo Novo"},"content":{"rendered":"<p style=\"text-align: justify;\">\nA oitava edi\u00e7\u00e3o da Parecis SuperAgro foi lan\u00e7ada na noite desta quarta-feira (11), no munic\u00edpio de Campo Novo dos Parecis, com a presen\u00e7a de produtores rurais, expositores e autoridades.\u00a0 O lan\u00e7amento foi feito pelos presidentes da Famato Rui Prado e do Sindicato Rural de Campo Novo dos Parecis, Alex Utida.<\/p>\n<p style=\"text-align: justify;\">\n\u00a0<\/p>\n<p style=\"text-align: justify;\">\nA feira ser\u00e1 realizada entre os dias 12 e 15 de abril, em Campo Novo dos Parecis, e promete reunir o que h\u00e1 de mais moderno em tecnologia no campo. A Parecis SuperAgro \u00e9 uma das maiores feiras de tecnologia e neg\u00f3cios agropecu\u00e1rios de Mato Grosso e a expectativa de neg\u00f3cios \u00e9 que se movimente mais de R$ 175\u00a0 milh\u00f5es.<\/p>\n<p style=\"text-align: justify;\">\n\u00a0<\/p>\n<p style=\"text-align: justify;\">\nRealizador da feira, Alex Utida ressaltou em discurso o orgulho de realizar a maior feira tecnol\u00f3gica de Mato Grosso. &#8220;A Parecis SuperAgro \u00e9 claramente um per\u00edodo de oportunidade&#8221;.\u00a0<\/p>\n<p style=\"text-align: justify;\">\n\u00a0<\/p>\n<p style=\"text-align: justify;\">\nConforme explanou Utida em sua fala, este ano, ser\u00e3o realizadas tamb\u00e9m oficinas do Senar e palestras t\u00e9cnicas e de personalidades nacionais. A organiza\u00e7\u00e3o do evento j\u00e1 confirmou a presen\u00e7a do pol\u00edtico Ciro Gomes, por exemplo.<\/p>\n<p style=\"text-align: justify;\">\n\u00a0<\/p>\n<p style=\"text-align: justify;\">\nRui Prado afirmou aos presentes que a feira tecnol\u00f3gica j\u00e1 \u00e9 conhecida no Brasil inteiro. &#8220;Essa feira n\u00e3o \u00e9 mais de Campo Novo, ela \u00e9 de Mato Grosso e do Brasil&#8221;, afirmou Prado. J\u00e1 Adolfo Petri, representante da Aprosoja, afirmou que &#8220;a Parecis SuperAgro mostra aos agricultores qual o rumo vai tomar a agricultura e a tecnologia no pr\u00f3ximo ano&#8221;.<\/p>\n<p style=\"text-align: justify;\">\n\u00a0<\/p>\n<p style=\"text-align: justify;\">\nO vereador Clovis de Paula participou do lan\u00e7amento representando a C\u00e2mara Municipal e afirmou que os moradores de Campo Novo do Parecis se sentem orgulhosos da maior feira tecnol\u00f3gica de Mato Grosso.\u00a0<\/p>\n<p style=\"text-align: justify;\">\n\u00a0<\/p>\n<p style=\"text-align: justify;\">\nO secret\u00e1rio de Desenvolvimento Econ\u00f4mico de Campo Novo, Claudiomiro Botim, lembrou a import\u00e2ncia que a Parecis SuperAgro tem anualmente no munic\u00edpio, devido \u00e0 gera\u00e7\u00e3o de emprego e renda. O prefeito Mauro Berft n\u00e3o se fez presente, pois estava em viagem a capital do Estado.\u00a0<\/p>\n<p style=\"text-align: justify;\">\n\u00a0<\/p>\n<p style=\"text-align: justify;\">\n<strong>PARECIS SUPERAGRO<\/strong> \u2013 A Parecis SuperAgro \u00e9 a maior feira de neg\u00f3cios de Mato Grosso em faturamento, em 2014, o volume de neg\u00f3cios registrados foi de R$ 175 milh\u00f5es e pela feira passaram mais de 30 mil pessoas.<\/p>\n<p style=\"text-align: justify;\">\n\u00a0<\/p>\n<p style=\"text-align: justify;\">\nEntre os temas a serem abordados nas palestras da Parecis SuperAgro est\u00e1 a Integra\u00e7\u00e3o Lavoura-Pecu\u00e1ria. Na edi\u00e7\u00e3o de 2014 entre os palestrantes estiveram a jornalista S\u00f4nia Bridi, o ent\u00e3o presidenci\u00e1vel A\u00e9cio Neves (PSDB) e o ex-ministro da Educa\u00e7\u00e3o, Cristovam Buarque (PDT).<\/p>\n<p style=\"text-align: justify;\">\n<br \/>\nA feira tem como foco, principalmente a segunda safra, a safrinha. Campo Novo dos Parecis \u00e9 hoje respons\u00e1vel por 15% da produ\u00e7\u00e3o mundial de milho pipoca e 70% da produ\u00e7\u00e3o nacional. A produ\u00e7\u00e3o de girassol do munic\u00edpio corresponde ainda a 70% da produ\u00e7\u00e3o nacional.<\/p>\n<p>\n\u00a0<\/p>\n","protected":false},"excerpt":{"rendered":"<p>A oitava edi\u00e7\u00e3o da Parecis SuperAgro foi lan\u00e7ada na noite desta quarta-feira (11), no munic\u00edpio de Campo Novo dos Parecis, com a presen\u00e7a de produtores rurais, expositores e autoridades.\u00a0 O lan\u00e7amento foi feito pelos presidentes da Famato Rui Prado e do Sindicato Rural de Campo Novo dos Parecis, Alex Utida. \u00a0 A feira ser\u00e1 realizada [&hellip;]<\/p>\n","protected":false},"author":1,"featured_media":440,"comment_status":"open","ping_status":"open","sticky":false,"template":"","format":"standard","meta":{"footnotes":""},"categories":[1],"tags":[],"class_list":["post-439","post","type-post","status-publish","format-standard","has-post-thumbnail","hentry","category-geral"],"acf":[],"_links":{"self":[{"href":"https:\/\/sistemafamato.org.br\/sindicatos-rurais\/wp-json\/wp\/v2\/posts\/439","targetHints":{"allow":["GET"]}}],"collection":[{"href":"https:\/\/sistemafamato.org.br\/sindicatos-rurais\/wp-json\/wp\/v2\/posts"}],"about":[{"href":"https:\/\/sistemafamato.org.br\/sindicatos-rurais\/wp-json\/wp\/v2\/types\/post"}],"author":[{"embeddable":true,"href":"https:\/\/sistemafamato.org.br\/sindicatos-rurais\/wp-json\/wp\/v2\/users\/1"}],"replies":[{"embeddable":true,"href":"https:\/\/sistemafamato.org.br\/sindicatos-rurais\/wp-json\/wp\/v2\/comments?post=439"}],"version-history":[{"count":0,"href":"https:\/\/sistemafamato.org.br\/sindicatos-rurais\/wp-json\/wp\/v2\/posts\/439\/revisions"}],"wp:featuredmedia":[{"embeddable":true,"href":"https:\/\/sistemafamato.org.br\/sindicatos-rurais\/wp-json\/wp\/v2\/media\/440"}],"wp:attachment":[{"href":"https:\/\/sistemafamato.org.br\/sindicatos-rurais\/wp-json\/wp\/v2\/media?parent=439"}],"wp:term":[{"taxonomy":"category","embeddable":true,"href":"https:\/\/sistemafamato.org.br\/sindicatos-rurais\/wp-json\/wp\/v2\/categories?post=439"},{"taxonomy":"post_tag","embeddable":true,"href":"https:\/\/sistemafamato.org.br\/sindicatos-rurais\/wp-json\/wp\/v2\/tags?post=439"}],"curies":[{"name":"wp","href":"https:\/\/api.w.org\/{rel}","templated":true}]}}