{"id":433,"date":"2015-03-04T16:59:52","date_gmt":"2015-03-04T19:59:52","guid":{"rendered":"https:\/\/sistemafamato.org.br\/sindicatos-rurais\/2015\/03\/04\/rio-branco-recebe-palestra-sobre-o-car-nesta-sexta-feira\/"},"modified":"2015-03-04T16:59:52","modified_gmt":"2015-03-04T19:59:52","slug":"rio-branco-recebe-palestra-sobre-o-car-nesta-sexta-feira","status":"publish","type":"post","link":"https:\/\/sistemafamato.org.br\/sindicatos-rurais\/2015\/03\/04\/rio-branco-recebe-palestra-sobre-o-car-nesta-sexta-feira\/","title":{"rendered":"Rio Branco recebe palestra sobre o CAR nesta sexta-feira"},"content":{"rendered":"<p style=\"text-align: justify;\">\nOs produtores rurais de Rio Branco e regi\u00e3o ter\u00e3o a oportunidade de tirar suas d\u00favidas sobre o Cadastro Ambiental Rural (CAR) em uma palestra que ocorrer\u00e1 nesta sexta-feira (06.03), a partir das 19h, na sede do Sindicato Rural do munic\u00edpio. O evento \u00e9 uma realiza\u00e7\u00e3o do Sindicato Rural do Vale do Rio Branco em parceria com a Federa\u00e7\u00e3o da Agricultura e Pecu\u00e1ria de Mato Grosso (Famato). A entrada \u00e9 gratuita.<\/p>\n<p style=\"text-align: justify;\">\n\u00a0<\/p>\n<p style=\"text-align: justify;\">\nSegundo o presidente do sindicato, Eduardo Pimenta de Farias, al\u00e9m de tirar as principais d\u00favidas dos produtores sobre o CAR a palestra tem o objetivo de alert\u00e1-los quanto ao prazo de cadastramento que vence dia 6 de maio de 2015. &#8220;O prazo est\u00e1 chegando ao fim e ainda t\u00eam muitos produtores aqui na regi\u00e3o que n\u00e3o fizeram o CAR. Alguns deles at\u00e9 desconhecem a obrigatoriedade do cadastramento. Al\u00e9m disso, temos recebido muita gente \u00e0 procura de informa\u00e7\u00e3o&#8221;, conta Farias.<\/p>\n<p style=\"text-align: justify;\">\n\u00a0<\/p>\n<p style=\"text-align: justify;\">\nA palestra ser\u00e1 apresentada pela analista de Meio Ambiente da Famato, Luc\u00e9lia Avi. &#8220;Vamos apresentar as principais informa\u00e7\u00f5es sobre o CAR, tirar as principais d\u00favidas dos produtores e explicar a import\u00e2ncia de fazer o cadastramento dentro do prazo\u201d, explica Luc\u00e9lia.<\/p>\n<p style=\"text-align: justify;\">\n\u00a0<\/p>\n<p style=\"text-align: justify;\">\nO Sindicato Rural do Vale do Rio Branco e outros 86 sindicatos rurais de Mato Grosso, a Famato, o Senar-MT e o Imea formam o Sistema Famato. Acompanhe nossas redes sociais: <a href=\"http:\/\/www.facebook.com\/sistemafamato\">www.facebook.com\/sistemafamato<\/a> (facebook) e @sistemafamato (twitter e instagram).<\/p>\n<p>\n\u00a0<\/p>\n<p>\n<strong>SERVI\u00c7O<\/strong><\/p>\n<p>\n<strong>Data: <\/strong>06\/03\/2015<\/p>\n<p>\n<strong>Hor\u00e1rio:<\/strong> 19h<\/p>\n<p>\n<strong>Local:<\/strong> Sindicato Rural do Vale do Rio Branco<\/p>\n<p>\n<strong>Informa\u00e7\u00f5es: <\/strong>(66) 3257-1090<\/p>\n<p>\n<strong>Entrada gratuita<\/strong><\/p>\n<p>\n\u00a0<\/p>\n","protected":false},"excerpt":{"rendered":"<p>Os produtores rurais de Rio Branco e regi\u00e3o ter\u00e3o a oportunidade de tirar suas d\u00favidas sobre o Cadastro Ambiental Rural (CAR) em uma palestra que ocorrer\u00e1 nesta sexta-feira (06.03), a partir das 19h, na sede do Sindicato Rural do munic\u00edpio. O evento \u00e9 uma realiza\u00e7\u00e3o do Sindicato Rural do Vale do Rio Branco em parceria [&hellip;]<\/p>\n","protected":false},"author":1,"featured_media":434,"comment_status":"open","ping_status":"open","sticky":false,"template":"","format":"standard","meta":{"footnotes":""},"categories":[1],"tags":[],"class_list":["post-433","post","type-post","status-publish","format-standard","has-post-thumbnail","hentry","category-geral"],"acf":[],"_links":{"self":[{"href":"https:\/\/sistemafamato.org.br\/sindicatos-rurais\/wp-json\/wp\/v2\/posts\/433","targetHints":{"allow":["GET"]}}],"collection":[{"href":"https:\/\/sistemafamato.org.br\/sindicatos-rurais\/wp-json\/wp\/v2\/posts"}],"about":[{"href":"https:\/\/sistemafamato.org.br\/sindicatos-rurais\/wp-json\/wp\/v2\/types\/post"}],"author":[{"embeddable":true,"href":"https:\/\/sistemafamato.org.br\/sindicatos-rurais\/wp-json\/wp\/v2\/users\/1"}],"replies":[{"embeddable":true,"href":"https:\/\/sistemafamato.org.br\/sindicatos-rurais\/wp-json\/wp\/v2\/comments?post=433"}],"version-history":[{"count":0,"href":"https:\/\/sistemafamato.org.br\/sindicatos-rurais\/wp-json\/wp\/v2\/posts\/433\/revisions"}],"wp:featuredmedia":[{"embeddable":true,"href":"https:\/\/sistemafamato.org.br\/sindicatos-rurais\/wp-json\/wp\/v2\/media\/434"}],"wp:attachment":[{"href":"https:\/\/sistemafamato.org.br\/sindicatos-rurais\/wp-json\/wp\/v2\/media?parent=433"}],"wp:term":[{"taxonomy":"category","embeddable":true,"href":"https:\/\/sistemafamato.org.br\/sindicatos-rurais\/wp-json\/wp\/v2\/categories?post=433"},{"taxonomy":"post_tag","embeddable":true,"href":"https:\/\/sistemafamato.org.br\/sindicatos-rurais\/wp-json\/wp\/v2\/tags?post=433"}],"curies":[{"name":"wp","href":"https:\/\/api.w.org\/{rel}","templated":true}]}}