{"id":3237,"date":"2026-04-29T10:32:38","date_gmt":"2026-04-29T14:32:38","guid":{"rendered":"https:\/\/sistemafamato.org.br\/sindicatos-rurais\/?p=3237"},"modified":"2026-04-29T10:32:38","modified_gmt":"2026-04-29T14:32:38","slug":"feira-de-flores-em-tangara-da-serra-reune-produtores-atendidos-pelo-senar-mt-na-vespera-do-dia-das-maes","status":"publish","type":"post","link":"https:\/\/sistemafamato.org.br\/sindicatos-rurais\/2026\/04\/29\/feira-de-flores-em-tangara-da-serra-reune-produtores-atendidos-pelo-senar-mt-na-vespera-do-dia-das-maes\/","title":{"rendered":"Feira de Flores em Tangar\u00e1 da Serra re\u00fane produtores atendidos pelo Senar MT na v\u00e9spera do Dia das M\u00e3es"},"content":{"rendered":"\n<p>Na v\u00e9spera do Dia das M\u00e3es, produtores atendidos pela Assist\u00eancia T\u00e9cnica e Gerencial (ATeG) do Servi\u00e7o Nacional de Aprendizagem Rural de Mato Grosso (Senar MT) promovem a 5\u00aa edi\u00e7\u00e3o da Feira de Flores Natural do Campo, em Tangar\u00e1 da Serra. O evento ser\u00e1 realizado no dia 9 de maio, das 8h \u00e0s 21h, no estacionamento da ag\u00eancia Sicredi Centro. A visita\u00e7\u00e3o \u00e9 gratuita e aberta ao p\u00fablico.<\/p>\n\n\n\n<p>A feira \u00e9 organizada pelo Sistema Federa\u00e7\u00e3o da Agricultura e Pecu\u00e1ria de Mato Grosso (Sistema Famato\/Senar MT), em parceria com o Sindicato Rural de Tangar\u00e1 da Serra, e conta com o apoio da Prefeitura Municipal, por meio da Secretaria de Desenvolvimento Econ\u00f4mico e do Sicredi. Ao todo, 18 produtores da cadeia produtiva da floricultura, atendidos pela ATeG, ir\u00e3o comercializar uma grande variedade de produtos.<\/p>\n\n\n\n<p>Entre os itens dispon\u00edveis est\u00e3o flores tropicais, como helic\u00f4nias, alp\u00ednias, bast\u00f5es-do-imperador e sorvet\u00e3o; al\u00e9m de folhagens como samambaias, costela-de-ad\u00e3o, jiboias e dracenas. O p\u00fablico tamb\u00e9m encontrar\u00e1 cactos, suculentas e rosas-do-deserto, op\u00e7\u00f5es ideais para presentear na data comemorativa.<\/p>\n\n\n\n<p>A expectativa para este ano \u00e9 ampliar as vendas, impulsionadas tamb\u00e9m pelo hor\u00e1rio estendido da feira nesta edi\u00e7\u00e3o. Segundo o supervisor de campo do Senar MT, Thiago Salapata, a iniciativa tem papel estrat\u00e9gico no fortalecimento da atividade no munic\u00edpio.<\/p>\n\n\n\n<p>\u201cA feira tem como objetivo fortalecer a cadeia produtiva da floricultura local, ampliar as oportunidades de comercializa\u00e7\u00e3o dos produtores assistidos e promover a gera\u00e7\u00e3o de renda no meio rural, al\u00e9m de dar visibilidade aos resultados da ATeG\u201d, destaca.<\/p>\n\n\n\n<p>Para a produtora Aparecida Ramos, da floricultura Flores de Luz, o evento vem se consolidando ao longo dos anos. \u201cNossa feira cresce a cada edi\u00e7\u00e3o, com produtos feitos com dedica\u00e7\u00e3o por produtores locais. O cliente leva n\u00e3o apenas um presente bonito, mas tamb\u00e9m valoriza o que \u00e9 produzido aqui na nossa cidade\u201d, afirma.<\/p>\n\n\n<div class=\"wp-block-image\">\n<figure class=\"aligncenter size-large is-resized\"><img loading=\"lazy\" decoding=\"async\" width=\"1024\" height=\"768\" src=\"https:\/\/sistemafamato.org.br\/sindicatos-rurais\/wp-content\/uploads\/sites\/3\/2026\/04\/20250510_100944-scaled-1-1024x768.jpg\" alt=\"\" class=\"wp-image-3238\" style=\"width:755px;height:auto\" srcset=\"https:\/\/sistemafamato.org.br\/sindicatos-rurais\/wp-content\/uploads\/sites\/3\/2026\/04\/20250510_100944-scaled-1-1024x768.jpg 1024w, https:\/\/sistemafamato.org.br\/sindicatos-rurais\/wp-content\/uploads\/sites\/3\/2026\/04\/20250510_100944-scaled-1-300x225.jpg 300w, https:\/\/sistemafamato.org.br\/sindicatos-rurais\/wp-content\/uploads\/sites\/3\/2026\/04\/20250510_100944-scaled-1-768x576.jpg 768w, https:\/\/sistemafamato.org.br\/sindicatos-rurais\/wp-content\/uploads\/sites\/3\/2026\/04\/20250510_100944-scaled-1-1536x1152.jpg 1536w, https:\/\/sistemafamato.org.br\/sindicatos-rurais\/wp-content\/uploads\/sites\/3\/2026\/04\/20250510_100944-scaled-1-2048x1536.jpg 2048w\" sizes=\"auto, (max-width: 1024px) 100vw, 1024px\" \/><\/figure><\/div>\n\n\n<p><\/p>\n\n\n\n<p>A floricultura \u00e9 uma das cadeias produtivas atendidas pela ATeG do Senar MT, que oferece acompanhamento t\u00e9cnico cont\u00ednuo aos produtores rurais. Em Tangar\u00e1 da Serra, os atendimentos s\u00e3o realizados por t\u00e9cnico de campo credenciado \u00e0 institui\u00e7\u00e3o.<\/p>\n\n\n\n<p><strong>SERVI\u00c7O<\/strong><\/p>\n\n\n\n<p>O que: Feira de Flores Natural do Campo \u2013 5\u00aa edi\u00e7\u00e3o<\/p>\n\n\n\n<p>Quando: 9 de maio (s\u00e1bado), das 8h \u00e0s 21h<\/p>\n\n\n\n<p>Onde: Estacionamento do Sicredi \u2013 Ag\u00eancia Centro, Tangar\u00e1 da Serra (MT)<\/p>\n\n\n\n<p><\/p>\n","protected":false},"excerpt":{"rendered":"<p>Na v\u00e9spera do Dia das M\u00e3es, produtores atendidos pela Assist\u00eancia T\u00e9cnica e Gerencial (ATeG) do Servi\u00e7o Nacional de Aprendizagem Rural de Mato Grosso (Senar MT) promovem a 5\u00aa edi\u00e7\u00e3o da Feira de Flores Natural do Campo, em Tangar\u00e1 da Serra. O evento ser\u00e1 realizado no dia 9 de maio, das 8h \u00e0s 21h, no estacionamento [&hellip;]<\/p>\n","protected":false},"author":61,"featured_media":3239,"comment_status":"open","ping_status":"open","sticky":false,"template":"","format":"standard","meta":{"footnotes":""},"categories":[296],"tags":[295],"class_list":["post-3237","post","type-post","status-publish","format-standard","has-post-thumbnail","hentry","category-tangara-da-serra","tag-tangara-da-serra"],"acf":[],"_links":{"self":[{"href":"https:\/\/sistemafamato.org.br\/sindicatos-rurais\/wp-json\/wp\/v2\/posts\/3237","targetHints":{"allow":["GET"]}}],"collection":[{"href":"https:\/\/sistemafamato.org.br\/sindicatos-rurais\/wp-json\/wp\/v2\/posts"}],"about":[{"href":"https:\/\/sistemafamato.org.br\/sindicatos-rurais\/wp-json\/wp\/v2\/types\/post"}],"author":[{"embeddable":true,"href":"https:\/\/sistemafamato.org.br\/sindicatos-rurais\/wp-json\/wp\/v2\/users\/61"}],"replies":[{"embeddable":true,"href":"https:\/\/sistemafamato.org.br\/sindicatos-rurais\/wp-json\/wp\/v2\/comments?post=3237"}],"version-history":[{"count":1,"href":"https:\/\/sistemafamato.org.br\/sindicatos-rurais\/wp-json\/wp\/v2\/posts\/3237\/revisions"}],"predecessor-version":[{"id":3240,"href":"https:\/\/sistemafamato.org.br\/sindicatos-rurais\/wp-json\/wp\/v2\/posts\/3237\/revisions\/3240"}],"wp:featuredmedia":[{"embeddable":true,"href":"https:\/\/sistemafamato.org.br\/sindicatos-rurais\/wp-json\/wp\/v2\/media\/3239"}],"wp:attachment":[{"href":"https:\/\/sistemafamato.org.br\/sindicatos-rurais\/wp-json\/wp\/v2\/media?parent=3237"}],"wp:term":[{"taxonomy":"category","embeddable":true,"href":"https:\/\/sistemafamato.org.br\/sindicatos-rurais\/wp-json\/wp\/v2\/categories?post=3237"},{"taxonomy":"post_tag","embeddable":true,"href":"https:\/\/sistemafamato.org.br\/sindicatos-rurais\/wp-json\/wp\/v2\/tags?post=3237"}],"curies":[{"name":"wp","href":"https:\/\/api.w.org\/{rel}","templated":true}]}}