{"id":1288,"date":"2020-07-28T17:32:46","date_gmt":"2020-07-28T20:32:46","guid":{"rendered":"https:\/\/sistemafamato.org.br\/sindicatos-rurais\/2020\/07\/28\/sindicato-rural-de-rondonopolis-lamenta-o-falecimento-do-arquiteto-jose-vieira\/"},"modified":"2020-07-28T17:32:46","modified_gmt":"2020-07-28T20:32:46","slug":"sindicato-rural-de-rondonopolis-lamenta-o-falecimento-do-arquiteto-jose-vieira","status":"publish","type":"post","link":"https:\/\/sistemafamato.org.br\/sindicatos-rurais\/2020\/07\/28\/sindicato-rural-de-rondonopolis-lamenta-o-falecimento-do-arquiteto-jose-vieira\/","title":{"rendered":"Sindicato Rural de Rondon\u00f3polis lamenta o falecimento do arquiteto Jos\u00e9 Vieira"},"content":{"rendered":"<p style=\"text-align: justify;\">\nO Sindicato Rural de Rondon\u00f3polis comunica, com extremo pesar, o falecimento do arquiteto Jos\u00e9 Vieira da Silva, autor do projeto arquitet\u00f4nico do Parque de Exposi\u00e7\u00f5es Wilmar Peres de Farias, onde est\u00e1 instalada a sede do Sindicato. O parque tamb\u00e9m \u00e9 sede da tradicional Exposul, uma das maiores feiras agropecu\u00e1rias de Mato Grosso.<\/p>\n<p style=\"text-align: justify;\">\n\u00a0<\/p>\n<p style=\"text-align: justify;\">\nJos\u00e9 Vieira morreu nesta ter\u00e7a-feira (28\/07), v\u00edtima da Covid-19. Deixou a esposa Maria Aparecida Dutra Silva, tr\u00eas filhos e seis netos.<\/p>\n<p style=\"text-align: justify;\">\n\u00a0<\/p>\n<p style=\"text-align: justify;\">\nA perda de Jos\u00e9 Vieira representa um grande preju\u00edzo para o munic\u00edpio de Rondon\u00f3polis, pois era considerado uma pessoa de perfil extremamente t\u00e9cnico e competente.<\/p>\n<p style=\"text-align: justify;\">\n\u00a0<\/p>\n<p style=\"text-align: justify;\">\nAos familiares e amigos, externamos nossos votos de paz e solidariedade e prestamos nossas mais sinceras condol\u00eancias.<\/p>\n<p style=\"text-align: justify;\">\n\u00a0<\/p>\n<p style=\"text-align: justify;\">\nO sepultamento aconteceu \u00e0s 16h no Cemit\u00e9rio do Lourencinho, em Rondon\u00f3polis.<\/p>\n","protected":false},"excerpt":{"rendered":"<p>O Sindicato Rural de Rondon\u00f3polis comunica, com extremo pesar, o falecimento do arquiteto Jos\u00e9 Vieira da Silva, autor do projeto arquitet\u00f4nico do Parque de Exposi\u00e7\u00f5es Wilmar Peres de Farias, onde est\u00e1 instalada a sede do Sindicato. O parque tamb\u00e9m \u00e9 sede da tradicional Exposul, uma das maiores feiras agropecu\u00e1rias de Mato Grosso. \u00a0 Jos\u00e9 Vieira [&hellip;]<\/p>\n","protected":false},"author":1,"featured_media":1289,"comment_status":"open","ping_status":"open","sticky":false,"template":"","format":"standard","meta":{"footnotes":""},"categories":[1],"tags":[],"class_list":["post-1288","post","type-post","status-publish","format-standard","has-post-thumbnail","hentry","category-geral"],"acf":[],"_links":{"self":[{"href":"https:\/\/sistemafamato.org.br\/sindicatos-rurais\/wp-json\/wp\/v2\/posts\/1288","targetHints":{"allow":["GET"]}}],"collection":[{"href":"https:\/\/sistemafamato.org.br\/sindicatos-rurais\/wp-json\/wp\/v2\/posts"}],"about":[{"href":"https:\/\/sistemafamato.org.br\/sindicatos-rurais\/wp-json\/wp\/v2\/types\/post"}],"author":[{"embeddable":true,"href":"https:\/\/sistemafamato.org.br\/sindicatos-rurais\/wp-json\/wp\/v2\/users\/1"}],"replies":[{"embeddable":true,"href":"https:\/\/sistemafamato.org.br\/sindicatos-rurais\/wp-json\/wp\/v2\/comments?post=1288"}],"version-history":[{"count":0,"href":"https:\/\/sistemafamato.org.br\/sindicatos-rurais\/wp-json\/wp\/v2\/posts\/1288\/revisions"}],"wp:featuredmedia":[{"embeddable":true,"href":"https:\/\/sistemafamato.org.br\/sindicatos-rurais\/wp-json\/wp\/v2\/media\/1289"}],"wp:attachment":[{"href":"https:\/\/sistemafamato.org.br\/sindicatos-rurais\/wp-json\/wp\/v2\/media?parent=1288"}],"wp:term":[{"taxonomy":"category","embeddable":true,"href":"https:\/\/sistemafamato.org.br\/sindicatos-rurais\/wp-json\/wp\/v2\/categories?post=1288"},{"taxonomy":"post_tag","embeddable":true,"href":"https:\/\/sistemafamato.org.br\/sindicatos-rurais\/wp-json\/wp\/v2\/tags?post=1288"}],"curies":[{"name":"wp","href":"https:\/\/api.w.org\/{rel}","templated":true}]}}