{"id":1258,"date":"2020-08-25T17:11:50","date_gmt":"2020-08-25T20:11:50","guid":{"rendered":"https:\/\/sistemafamato.org.br\/sindicatos-rurais\/2020\/08\/25\/sindicato-rural-de-caceres-mobiliza-produtores-para-debater-o-codigo-ambiental-do-municipio\/"},"modified":"2020-08-25T17:11:50","modified_gmt":"2020-08-25T20:11:50","slug":"sindicato-rural-de-caceres-mobiliza-produtores-para-debater-o-codigo-ambiental-do-municipio","status":"publish","type":"post","link":"https:\/\/sistemafamato.org.br\/sindicatos-rurais\/2020\/08\/25\/sindicato-rural-de-caceres-mobiliza-produtores-para-debater-o-codigo-ambiental-do-municipio\/","title":{"rendered":"Sindicato Rural de C\u00e1ceres mobiliza produtores para debater o C\u00f3digo Ambiental do munic\u00edpio"},"content":{"rendered":"<p style=\"text-align: justify;\">\nO Sindicato Rural de C&aacute;ceres convida o setor produtivo rural e a comunidade urbana para debater o Projeto de Lei n&ordm; 40\/2018 que disp&otilde;e sobre o C&oacute;digo Ambiental Municipal de C&aacute;ceres. O tema ser&aacute; debatido durante uma Audi&ecirc;ncia P&uacute;blica de autoria da Comiss&atilde;o de Constitui&ccedil;&atilde;o, Justi&ccedil;a, Trabalho e Reda&ccedil;&atilde;o (CCJ) do Legislativo Municipal de C&aacute;ceres, na quarta-feira (26\/08), a partir das 18h30, na C&acirc;mara Municipal &ndash; Plen&aacute;rio Dr. H&ecirc;nio Maldonato.<\/p>\n<p style=\"text-align: justify;\">\nDevido &agrave;s orienta&ccedil;&otilde;es de preven&ccedil;&atilde;o contra a Covid-19, a participa&ccedil;&atilde;o ser&aacute; restrita a 16 pessoas. As demais participa&ccedil;&otilde;es devem ocorrer por videoconfer&ecirc;ncia, pela plataforma Zoom Meeting. O link ser&aacute; disponibilizado na p&aacute;gina da C&acirc;mara Municipal de C&aacute;ceres no Facebook (<a href=\"https:\/\/www.facebook.com\/camaramunicipalcaceres\/\" target=\"_blank\" rel=\"noopener\">https:\/\/www.facebook.com\/camaramunicipalcaceres\/<\/a> ).<\/p>\n<p style=\"text-align: justify;\">\nA proposta do projeto, que tem 182 artigos, traz normas, diretrizes, pol&iacute;ticas p&uacute;blicas municipais de meio ambiente e a cria&ccedil;&atilde;o de um fundo ambiental.<\/p>\n<p style=\"text-align: justify;\">\nNo encontro ser&atilde;o discutidos o Zoneamento Ecol&oacute;gico Econ&ocirc;mico (ZEE), Licenciamento Ambiental, fiscaliza&ccedil;&atilde;o, advert&ecirc;ncias, infra&ccedil;&otilde;es, multas, penalidades, entre outros.<\/p>\n<p style=\"text-align: justify;\">\nPara a presidente do Sindicato Rural de C&aacute;ceres, Ida Beatriz, a participa&ccedil;&atilde;o do setor produtivo rural e da zona urbana &eacute; fundamental. &ldquo;Estamos tratando de um projeto que interfere diretamente nas atividades agropecu&aacute;rias do nosso munic&iacute;pio. Portanto, precisamos estar atentos &agrave;s discuss&otilde;es e as tomadas de decis&atilde;o&rdquo;, disse Ida Beatriz.<\/p>\n<p style=\"text-align: justify;\">\n<strong>O projeto pode ser acessado na &iacute;ntegra<\/strong> <strong>pelo link:<\/strong> <a href=\"https:\/\/sapl.caceres.mt.leg.br\/media\/sapl\/public\/materialegislativa\/2018\/612\/protoc.3737_22102018_011.pdf\" target=\"_blank\" rel=\"noopener\">&nbsp;Projeto de Lei n&ordm;40, de 05\/07\/2018, que disp&otilde;e sobre o C&oacute;digo Ambiental Municipal.<\/a><\/p>\n<p style=\"text-align: justify;\">\n&nbsp;<\/p>\n<p style=\"text-align: justify;\">\n<strong>Servi&ccedil;o<\/strong><\/p>\n<p style=\"text-align: justify;\">\n<strong>O que:<\/strong> Audi&ecirc;ncia P&uacute;blica para discutir o Projeto de Lei n&ordm; 40\/2018 que disp&otilde;e sobre o C&oacute;digo Ambiental Municipal de C&aacute;ceres<\/p>\n<p style=\"text-align: justify;\">\n<strong>Onde:<\/strong> C&acirc;mara Municipal &ndash; Plen&aacute;rio Dr. H&ecirc;nio Maldonato<\/p>\n<p style=\"text-align: justify;\">\n<strong>Quando:<\/strong> 26 de agosto de 2020<\/p>\n<p style=\"text-align: justify;\">\n<strong>Hor&aacute;rio:<\/strong> 18h30<\/p>\n<p style=\"text-align: justify;\">\n<strong>Link de acesso:<\/strong> (<a href=\"https:\/\/www.facebook.com\/camaramunicipalcaceres\/\" target=\"_blank\" rel=\"noopener\">https:\/\/www.facebook.com\/camaramunicipalcaceres\/<\/a> ).<br \/>\n&nbsp;<\/p>\n<p style=\"text-align: justify;\">\n&nbsp;&nbsp;<\/p>\n<p style=\"text-align: justify;\">\n&nbsp;<\/p>\n<p>\n&nbsp;<\/p>\n","protected":false},"excerpt":{"rendered":"<p>O Sindicato Rural de C&aacute;ceres convida o setor produtivo rural e a comunidade urbana para debater o Projeto de Lei n&ordm; 40\/2018 que disp&otilde;e sobre o C&oacute;digo Ambiental Municipal de C&aacute;ceres. O tema ser&aacute; debatido durante uma Audi&ecirc;ncia P&uacute;blica de autoria da Comiss&atilde;o de Constitui&ccedil;&atilde;o, Justi&ccedil;a, Trabalho e Reda&ccedil;&atilde;o (CCJ) do Legislativo Municipal de C&aacute;ceres, [&hellip;]<\/p>\n","protected":false},"author":1,"featured_media":1259,"comment_status":"open","ping_status":"open","sticky":false,"template":"","format":"standard","meta":{"footnotes":""},"categories":[1],"tags":[],"class_list":["post-1258","post","type-post","status-publish","format-standard","has-post-thumbnail","hentry","category-geral"],"acf":[],"_links":{"self":[{"href":"https:\/\/sistemafamato.org.br\/sindicatos-rurais\/wp-json\/wp\/v2\/posts\/1258","targetHints":{"allow":["GET"]}}],"collection":[{"href":"https:\/\/sistemafamato.org.br\/sindicatos-rurais\/wp-json\/wp\/v2\/posts"}],"about":[{"href":"https:\/\/sistemafamato.org.br\/sindicatos-rurais\/wp-json\/wp\/v2\/types\/post"}],"author":[{"embeddable":true,"href":"https:\/\/sistemafamato.org.br\/sindicatos-rurais\/wp-json\/wp\/v2\/users\/1"}],"replies":[{"embeddable":true,"href":"https:\/\/sistemafamato.org.br\/sindicatos-rurais\/wp-json\/wp\/v2\/comments?post=1258"}],"version-history":[{"count":0,"href":"https:\/\/sistemafamato.org.br\/sindicatos-rurais\/wp-json\/wp\/v2\/posts\/1258\/revisions"}],"wp:featuredmedia":[{"embeddable":true,"href":"https:\/\/sistemafamato.org.br\/sindicatos-rurais\/wp-json\/wp\/v2\/media\/1259"}],"wp:attachment":[{"href":"https:\/\/sistemafamato.org.br\/sindicatos-rurais\/wp-json\/wp\/v2\/media?parent=1258"}],"wp:term":[{"taxonomy":"category","embeddable":true,"href":"https:\/\/sistemafamato.org.br\/sindicatos-rurais\/wp-json\/wp\/v2\/categories?post=1258"},{"taxonomy":"post_tag","embeddable":true,"href":"https:\/\/sistemafamato.org.br\/sindicatos-rurais\/wp-json\/wp\/v2\/tags?post=1258"}],"curies":[{"name":"wp","href":"https:\/\/api.w.org\/{rel}","templated":true}]}}