{"id":1252,"date":"2020-08-14T11:56:11","date_gmt":"2020-08-14T14:56:11","guid":{"rendered":"https:\/\/sistemafamato.org.br\/sindicatos-rurais\/2020\/08\/14\/com-foco-na-seguranca-sindicato-rural-de-pontes-e-lacerda-retoma-organizacao-da-oeste-rural\/"},"modified":"2020-08-14T11:56:11","modified_gmt":"2020-08-14T14:56:11","slug":"com-foco-na-seguranca-sindicato-rural-de-pontes-e-lacerda-retoma-organizacao-da-oeste-rural","status":"publish","type":"post","link":"https:\/\/sistemafamato.org.br\/sindicatos-rurais\/2020\/08\/14\/com-foco-na-seguranca-sindicato-rural-de-pontes-e-lacerda-retoma-organizacao-da-oeste-rural\/","title":{"rendered":"Com foco na seguran\u00e7a, Sindicato Rural de Pontes e Lacerda retoma organiza\u00e7\u00e3o da Oeste Rural"},"content":{"rendered":"<p style=\"text-align: justify;\">\nO Sindicato Rural de Pontes e Lacerda definiu a nova data para a realiza&ccedil;&atilde;o da segunda edi&ccedil;&atilde;o da Oeste Rural Show, evento com palestras, apresenta&ccedil;&otilde;es, debates e exposi&ccedil;&otilde;es que tem o importante papel de demonstrar ao p&uacute;blico o potencial econ&ocirc;mico da regi&atilde;o, considerada a nova fronteira agr&iacute;cola de Mato Grosso. A feira ser&aacute; realizada entre os dias 19 e 22 de maio de 2021.<\/p>\n<p style=\"text-align: justify;\">\n&nbsp;<\/p>\n<p style=\"text-align: justify;\">\nPresidente do sindicato, respons&aacute;vel por toda a organiza&ccedil;&atilde;o do evento, Michel Leinat, explica que a nova data foi definida levando em considera&ccedil;&atilde;o dois importantes crit&eacute;rios. &ldquo;O primeiro e o mais importante tem rela&ccedil;&atilde;o com a pandemia do novo coronav&iacute;rus. Vivemos um momento muito dif&iacute;cil neste ano e estamos aprendendo a lidar com este &lsquo;novo normal&rsquo;. E isso passa por dar toda seguran&ccedil;a poss&iacute;vel aos visitantes, expositores e pessoas que trabalham diretamente com a Oeste Rural Show&rdquo;.<\/p>\n<p style=\"text-align: justify;\">\n&nbsp;<\/p>\n<p style=\"text-align: justify;\">\nO segundo crit&eacute;rio &eacute; a manuten&ccedil;&atilde;o do n&iacute;vel de excel&ecirc;ncia das palestras que fazem parte da programa&ccedil;&atilde;o do evento. O programa conta com dois palestrantes nacionais, respons&aacute;veis pela abertura e encerramento da Oeste Rural Show. &ldquo;S&atilde;o duas pessoas com grande conhecimento do agroneg&oacute;cio, dos desafios que temos pela frente e fizemos quest&atilde;o de que eles participassem do evento&rdquo;, salienta Leinat.<\/p>\n<p style=\"text-align: justify;\">\n&nbsp;<\/p>\n<p style=\"text-align: justify;\">\nA abertura do evento, promovido pelo sindicato rural da cidade, ficar&aacute; a cargo do analista pol&iacute;tico e econ&ocirc;mico do Canal Rural, Miguel Daoud. J&aacute; o encerramento ter&aacute; como palestrante a agroinfluencer Camila Telles.<\/p>\n<p style=\"text-align: justify;\">\n&nbsp;<\/p>\n<p style=\"text-align: justify;\">\nO eixo central da palestra de Daoud ser&aacute; economia e pol&iacute;tica para quem produz. O analista pol&iacute;tico e econ&ocirc;mico tem forma&ccedil;&atilde;o pela Escola Superior de Administra&ccedil;&atilde;o de Neg&oacute;cios da Universidade Cat&oacute;lica de S&atilde;o Paulo &ndash; PUC, tendo mais de 10 anos de experi&ecirc;ncia nos meios de comunica&ccedil;&atilde;o, passando por programas de r&aacute;dio e televis&atilde;o em emissoras como Globo News, Band News, Record News, Jovem Pan e CBN.<\/p>\n<p style=\"text-align: justify;\">\n&nbsp;<\/p>\n<p style=\"text-align: justify;\">\nJ&aacute; Camila Telles, dona de um canal no Youtube com mais de 4 mil inscritos, com v&iacute;deos falando sobre o agroneg&oacute;cio e que se notabilizou por desmentir as fakenews envolvendo o setor, falar&aacute; sobre a nova comunica&ccedil;&atilde;o no mundo agro. O conhecimento adquirido por ela ao longo dos anos vem da sua hist&oacute;ria e da sua forma&ccedil;&atilde;o. Produtora rural, ela &eacute; tamb&eacute;m formada em rela&ccedil;&otilde;es p&uacute;blicas. No instagram, ela possui mais de 79 mil seguidores.<\/p>\n<p style=\"text-align: justify;\">\n&nbsp;<\/p>\n<p style=\"text-align: justify;\">\n<strong>Integra&ccedil;&atilde;o &#8211;<\/strong> A regi&atilde;o oeste de Mato Grosso &eacute; considerada a mais nova fronteira agr&iacute;cola por conta da tecnologia no agroneg&oacute;cio. Se j&aacute; era l&iacute;der na produ&ccedil;&atilde;o pecu&aacute;ria, a regi&atilde;o registra um aumento expressivo na produ&ccedil;&atilde;o de soja, possibilitada justamente pela integra&ccedil;&atilde;o entre a cria&ccedil;&atilde;o de gado e a lavoura. &ldquo;O evento vai tratar destes assuntos e dar sua contribui&ccedil;&atilde;o para que continuemos a nos aprimorar e a crescer&rdquo;, projeta Leinat.<\/p>\n<p style=\"text-align: justify;\">\n&nbsp;<\/p>\n<p style=\"text-align: justify;\">\nNa primeira edi&ccedil;&atilde;o do evento, realizada em 2019, os expositores movimentaram mais de R$ 20 milh&otilde;es em neg&oacute;cios. A inten&ccedil;&atilde;o para a edi&ccedil;&atilde;o de maio de 2021 &eacute; a de dobrar este montante.&nbsp;&nbsp;<\/p>\n<p>\n&nbsp;<\/p>\n","protected":false},"excerpt":{"rendered":"<p>O Sindicato Rural de Pontes e Lacerda definiu a nova data para a realiza&ccedil;&atilde;o da segunda edi&ccedil;&atilde;o da Oeste Rural Show, evento com palestras, apresenta&ccedil;&otilde;es, debates e exposi&ccedil;&otilde;es que tem o importante papel de demonstrar ao p&uacute;blico o potencial econ&ocirc;mico da regi&atilde;o, considerada a nova fronteira agr&iacute;cola de Mato Grosso. A feira ser&aacute; realizada entre [&hellip;]<\/p>\n","protected":false},"author":1,"featured_media":1253,"comment_status":"open","ping_status":"open","sticky":false,"template":"","format":"standard","meta":{"footnotes":""},"categories":[1],"tags":[],"class_list":["post-1252","post","type-post","status-publish","format-standard","has-post-thumbnail","hentry","category-geral"],"acf":[],"_links":{"self":[{"href":"https:\/\/sistemafamato.org.br\/sindicatos-rurais\/wp-json\/wp\/v2\/posts\/1252","targetHints":{"allow":["GET"]}}],"collection":[{"href":"https:\/\/sistemafamato.org.br\/sindicatos-rurais\/wp-json\/wp\/v2\/posts"}],"about":[{"href":"https:\/\/sistemafamato.org.br\/sindicatos-rurais\/wp-json\/wp\/v2\/types\/post"}],"author":[{"embeddable":true,"href":"https:\/\/sistemafamato.org.br\/sindicatos-rurais\/wp-json\/wp\/v2\/users\/1"}],"replies":[{"embeddable":true,"href":"https:\/\/sistemafamato.org.br\/sindicatos-rurais\/wp-json\/wp\/v2\/comments?post=1252"}],"version-history":[{"count":0,"href":"https:\/\/sistemafamato.org.br\/sindicatos-rurais\/wp-json\/wp\/v2\/posts\/1252\/revisions"}],"wp:featuredmedia":[{"embeddable":true,"href":"https:\/\/sistemafamato.org.br\/sindicatos-rurais\/wp-json\/wp\/v2\/media\/1253"}],"wp:attachment":[{"href":"https:\/\/sistemafamato.org.br\/sindicatos-rurais\/wp-json\/wp\/v2\/media?parent=1252"}],"wp:term":[{"taxonomy":"category","embeddable":true,"href":"https:\/\/sistemafamato.org.br\/sindicatos-rurais\/wp-json\/wp\/v2\/categories?post=1252"},{"taxonomy":"post_tag","embeddable":true,"href":"https:\/\/sistemafamato.org.br\/sindicatos-rurais\/wp-json\/wp\/v2\/tags?post=1252"}],"curies":[{"name":"wp","href":"https:\/\/api.w.org\/{rel}","templated":true}]}}