{"id":1226,"date":"2019-11-08T15:43:06","date_gmt":"2019-11-08T18:43:06","guid":{"rendered":"https:\/\/sistemafamato.org.br\/sindicatos-rurais\/2019\/11\/08\/sindicato-rural-de-canarana-faz-doacao-de-torre-de-radio-para-pm\/"},"modified":"2019-11-08T15:43:06","modified_gmt":"2019-11-08T18:43:06","slug":"sindicato-rural-de-canarana-faz-doacao-de-torre-de-radio-para-pm","status":"publish","type":"post","link":"https:\/\/sistemafamato.org.br\/sindicatos-rurais\/2019\/11\/08\/sindicato-rural-de-canarana-faz-doacao-de-torre-de-radio-para-pm\/","title":{"rendered":"Sindicato Rural de Canarana faz doa\u00e7\u00e3o de torre de r\u00e1dio para PM"},"content":{"rendered":"<p style=\"text-align: justify;\">\nPara melhorar as condi&ccedil;&otilde;es da seguran&ccedil;a p&uacute;blica no munic&iacute;pio de Canarana e regi&atilde;o, o Sindicato Rural da cidade fez a doa&ccedil;&atilde;o de uma torre de r&aacute;dio de 21 metros para o Conselho Comunit&aacute;rio de Seguran&ccedil;a P&uacute;blica (Conseg). Ela est&aacute; em funcionamento &nbsp;e foi instalada nas depend&ecirc;ncias da 5&ordf; Companhia Independente de Pol&iacute;cia Militar de Canarana (CIPM).<\/p>\n<p style=\"text-align: justify;\">\n&nbsp;<\/p>\n<p style=\"text-align: justify;\">\nO presidente do Sindicato Rural de Canarana, Alex Wisch, acredita que a inova&ccedil;&atilde;o vai melhorar o sistema de comunica&ccedil;&atilde;o via r&aacute;dio em um raio de aproximadamente 100 quil&ocirc;metros. &nbsp;<\/p>\n<p style=\"text-align: justify;\">\n&nbsp;<\/p>\n<p style=\"text-align: justify;\">\n&ldquo;A torre, que ser&aacute; utilizada exclusivamente pela PM, vai possibilitar uma melhor comunica&ccedil;&atilde;o entre a central e as viaturas em opera&ccedil;&atilde;o no campo e na cidade. Isso vai beneficiar toda a popula&ccedil;&atilde;o. Com o alcance dessa nova torre vamos ter uma cobertura melhor at&eacute; a zona rural&rdquo;, garantiu Wisch.<\/p>\n<p style=\"text-align: justify;\">\n&nbsp;<\/p>\n<p style=\"text-align: justify;\">\nNa oportunidade o presidente Alex Wisch, em nome do setor produtivo de Canarana, solicitou ao comandante geral da Policia Militar de Mato Grosso, Jonildo Jos&eacute; de Assis, o aumento de viaturas e efetivo para atender a zona rural e intensificar o patrulhamento rural na regi&atilde;o.<\/p>\n<p style=\"text-align: justify;\">\n&nbsp;<\/p>\n<p style=\"text-align: justify;\">\nO comandante Assis garantiu que em janeiro de 2020 o munic&iacute;pio de Canarana vai receber uma viatura para o patrulhamento rural e refor&ccedil;o no efetivo.<\/p>\n<p style=\"text-align: justify;\">\n&nbsp;<\/p>\n<p style=\"text-align: justify;\">\nA iniciativa estreita os la&ccedil;os de coopera&ccedil;&atilde;o entre o Sindicato Rural e a Pol&iacute;cia Militar e demais &oacute;rg&atilde;os de seguran&ccedil;a p&uacute;blica. &ldquo;&Eacute; uma resposta imediata &agrave;s demandas dos produtores rurais que sofrem com a viol&ecirc;ncia no campo e da sociedade de um modo geral. Portanto, estamos unindo esfor&ccedil;os e recursos para promover seguran&ccedil;a no campo e na cidade&rdquo;, apontou Alex.<\/p>\n<p style=\"text-align: justify;\">\n&nbsp;<\/p>\n<p style=\"text-align: justify;\">\n&nbsp;<\/p>\n<p style=\"text-align: justify;\">\n&nbsp;<\/p>\n<p>\n&nbsp;<\/p>\n","protected":false},"excerpt":{"rendered":"<p>Para melhorar as condi&ccedil;&otilde;es da seguran&ccedil;a p&uacute;blica no munic&iacute;pio de Canarana e regi&atilde;o, o Sindicato Rural da cidade fez a doa&ccedil;&atilde;o de uma torre de r&aacute;dio de 21 metros para o Conselho Comunit&aacute;rio de Seguran&ccedil;a P&uacute;blica (Conseg). Ela est&aacute; em funcionamento &nbsp;e foi instalada nas depend&ecirc;ncias da 5&ordf; Companhia Independente de Pol&iacute;cia Militar de Canarana [&hellip;]<\/p>\n","protected":false},"author":1,"featured_media":1227,"comment_status":"open","ping_status":"open","sticky":false,"template":"","format":"standard","meta":{"footnotes":""},"categories":[1],"tags":[],"class_list":["post-1226","post","type-post","status-publish","format-standard","has-post-thumbnail","hentry","category-geral"],"acf":[],"_links":{"self":[{"href":"https:\/\/sistemafamato.org.br\/sindicatos-rurais\/wp-json\/wp\/v2\/posts\/1226","targetHints":{"allow":["GET"]}}],"collection":[{"href":"https:\/\/sistemafamato.org.br\/sindicatos-rurais\/wp-json\/wp\/v2\/posts"}],"about":[{"href":"https:\/\/sistemafamato.org.br\/sindicatos-rurais\/wp-json\/wp\/v2\/types\/post"}],"author":[{"embeddable":true,"href":"https:\/\/sistemafamato.org.br\/sindicatos-rurais\/wp-json\/wp\/v2\/users\/1"}],"replies":[{"embeddable":true,"href":"https:\/\/sistemafamato.org.br\/sindicatos-rurais\/wp-json\/wp\/v2\/comments?post=1226"}],"version-history":[{"count":0,"href":"https:\/\/sistemafamato.org.br\/sindicatos-rurais\/wp-json\/wp\/v2\/posts\/1226\/revisions"}],"wp:featuredmedia":[{"embeddable":true,"href":"https:\/\/sistemafamato.org.br\/sindicatos-rurais\/wp-json\/wp\/v2\/media\/1227"}],"wp:attachment":[{"href":"https:\/\/sistemafamato.org.br\/sindicatos-rurais\/wp-json\/wp\/v2\/media?parent=1226"}],"wp:term":[{"taxonomy":"category","embeddable":true,"href":"https:\/\/sistemafamato.org.br\/sindicatos-rurais\/wp-json\/wp\/v2\/categories?post=1226"},{"taxonomy":"post_tag","embeddable":true,"href":"https:\/\/sistemafamato.org.br\/sindicatos-rurais\/wp-json\/wp\/v2\/tags?post=1226"}],"curies":[{"name":"wp","href":"https:\/\/api.w.org\/{rel}","templated":true}]}}