{"id":1222,"date":"2019-10-31T15:58:44","date_gmt":"2019-10-31T18:58:44","guid":{"rendered":"https:\/\/sistemafamato.org.br\/sindicatos-rurais\/2019\/10\/31\/sindicato-rural-de-agua-boa-e-entidades-pedem-a-atuacao-do-poder-publico\/"},"modified":"2019-10-31T15:58:44","modified_gmt":"2019-10-31T18:58:44","slug":"sindicato-rural-de-agua-boa-e-entidades-pedem-a-atuacao-do-poder-publico","status":"publish","type":"post","link":"https:\/\/sistemafamato.org.br\/sindicatos-rurais\/2019\/10\/31\/sindicato-rural-de-agua-boa-e-entidades-pedem-a-atuacao-do-poder-publico\/","title":{"rendered":"Sindicato Rural de \u00c1gua Boa e entidades pedem a atua\u00e7\u00e3o do Poder P\u00fablico"},"content":{"rendered":"<p style=\"text-align: justify;\">\nO Sindicato Rural de &Aacute;gua Boa, a Prefeitura Municipal de &Aacute;gua Boa e outras cinco entidades emitiram, nesta semana, uma Carta Aberta &agrave; sociedade mato-grossense manifestando a dor e a indigna&ccedil;&atilde;o pelas perdas financeiras e o abalo emocional causados por inc&ecirc;ndios criminosos no campo que atingem lavouras e pastos em propriedades rurais do munic&iacute;pio e regi&atilde;o.<\/p>\n<p style=\"text-align: justify;\">\n&nbsp;<\/p>\n<p style=\"text-align: justify;\">\nO presidente do Sindicato, Antonio Fernandes lamenta as acusa&ccedil;&otilde;es que recaem sobre os produtores rurais em rela&ccedil;&atilde;o &agrave;s queimadas criminosas, principalmente porque s&atilde;o eles os mais prejudicados. &ldquo;De v&iacute;timas passamos a vil&otilde;es. Nossas hist&oacute;rias de vida e nossos patrim&ocirc;nios est&atilde;o sendo destru&iacute;dos em chamas e ainda somos mal interpretados. Pior, somos condenados&rdquo;, desabafou.<\/p>\n<p style=\"text-align: justify;\">\n&nbsp;<\/p>\n<p style=\"text-align: justify;\">\nA Carta Aberta retrata a aus&ecirc;ncia do Estado nos casos de inc&ecirc;ndios criminosos em &aacute;reas ind&iacute;genas. &ldquo;Infelizmente, a espera positiva [pela atua&ccedil;&atilde;o das autoridades] se transformou-se em indigna&ccedil;&atilde;o. A sociedade e, em especial, os produtores rurais passaram a ser acusados como respons&aacute;veis pelas queimadas em &aacute;reas ind&iacute;genas&rdquo;, diz trecho da carta.&nbsp;<\/p>\n<p style=\"text-align: justify;\">\n&nbsp;<\/p>\n<p style=\"text-align: justify;\">\nS&atilde;o os propriet&aacute;rios de fazendas pr&oacute;ximas &agrave;s faixas de dom&iacute;nio das rodovias ou &agrave;s divisas com &aacute;reas ind&iacute;genas que sofrem os primeiros impactos nos casos de inc&ecirc;ndios criminosos iniciados por terceiros. &nbsp;Mesmo desestimulados, o setor produtivo rural de &Aacute;gua Boa e regi&atilde;o alimenta a esperan&ccedil;a de que o Poder P&uacute;blico vai resolver este grave problema.<\/p>\n<p style=\"text-align: justify;\">\n&nbsp;<\/p>\n<p style=\"text-align: justify;\">\nO per&iacute;odo de estiagem que resulta na baixa umidade do ar e o aumento no n&uacute;mero de focos de inc&ecirc;ndios trazem consequ&ecirc;ncias grav&iacute;ssimas &agrave; sociedade, como problemas respirat&oacute;rios, intoxica&ccedil;&atilde;o, baixa na qualidade de vida. Sendo as crian&ccedil;as e idosos os mais atingidos. Al&eacute;m, dos danos &agrave; sa&uacute;de humana, existem os danos causados ao meio ambiente e preju&iacute;zos financeiros.<\/p>\n<p style=\"text-align: justify;\">\n&nbsp;<\/p>\n<p style=\"text-align: justify;\">\nAs entidades autoras da Carta Aberta reafirmaram que o manifesto &eacute; v&aacute;lido e refor&ccedil;a a necessidade de uma atua&ccedil;&atilde;o imediata de &oacute;rg&atilde;os fiscalizadores estaduais e federais e que percebam a injusti&ccedil;a que o produtor rural sofre, porque &ldquo;somos n&oacute;s que queremos a solu&ccedil;&atilde;o para o problema das queimadas. Essa carta &eacute; um desabafo. Desejamos que a sociedade possa voltar a dormir tranquila e tenha sobretudo, qualidade de vida&rdquo;, disse Antonio Fernandes.<\/p>\n<p style=\"text-align: justify;\">\n&nbsp;<\/p>\n<p style=\"text-align: justify;\">\n&ldquo;Que os verdadeiros culpados sejam identificados e punidos. Que os criminosos que agem em &aacute;reas ind&iacute;genas sejam presos, julgados e responsabilizados&#8230; Essa &eacute; a nossa expectativa. Este &eacute; o nosso apelo&rdquo;, diz trecho do documento.<\/p>\n<p style=\"text-align: justify;\">\n&nbsp;<\/p>\n<p style=\"text-align: justify;\">\nAl&eacute;m do Sindicato Rural e da Prefeitura, assinaram a Carta Aberta: N&uacute;cleo da Aprosoja de &Aacute;gua Boa; Associa&ccedil;&atilde;o dos Engenheiros Agr&ocirc;nomos de &Aacute;gua Boa; Sindicato dos Trabalhadores Rurais; Associa&ccedil;&atilde;o Comercial e Empresarial de &Aacute;gua Boa (ACEAB) e a C&acirc;mara Municipal de &Aacute;gua Boa.<\/p>\n<p style=\"text-align: justify;\">\n&nbsp;<\/p>\n<p style=\"text-align: justify;\">\n&nbsp;<\/p>\n<p style=\"text-align: justify;\">\n&nbsp;<\/p>\n<p>\n&nbsp;<\/p>\n","protected":false},"excerpt":{"rendered":"<p>O Sindicato Rural de &Aacute;gua Boa, a Prefeitura Municipal de &Aacute;gua Boa e outras cinco entidades emitiram, nesta semana, uma Carta Aberta &agrave; sociedade mato-grossense manifestando a dor e a indigna&ccedil;&atilde;o pelas perdas financeiras e o abalo emocional causados por inc&ecirc;ndios criminosos no campo que atingem lavouras e pastos em propriedades rurais do munic&iacute;pio e [&hellip;]<\/p>\n","protected":false},"author":1,"featured_media":1223,"comment_status":"open","ping_status":"open","sticky":false,"template":"","format":"standard","meta":{"footnotes":""},"categories":[1],"tags":[],"class_list":["post-1222","post","type-post","status-publish","format-standard","has-post-thumbnail","hentry","category-geral"],"acf":[],"_links":{"self":[{"href":"https:\/\/sistemafamato.org.br\/sindicatos-rurais\/wp-json\/wp\/v2\/posts\/1222","targetHints":{"allow":["GET"]}}],"collection":[{"href":"https:\/\/sistemafamato.org.br\/sindicatos-rurais\/wp-json\/wp\/v2\/posts"}],"about":[{"href":"https:\/\/sistemafamato.org.br\/sindicatos-rurais\/wp-json\/wp\/v2\/types\/post"}],"author":[{"embeddable":true,"href":"https:\/\/sistemafamato.org.br\/sindicatos-rurais\/wp-json\/wp\/v2\/users\/1"}],"replies":[{"embeddable":true,"href":"https:\/\/sistemafamato.org.br\/sindicatos-rurais\/wp-json\/wp\/v2\/comments?post=1222"}],"version-history":[{"count":0,"href":"https:\/\/sistemafamato.org.br\/sindicatos-rurais\/wp-json\/wp\/v2\/posts\/1222\/revisions"}],"wp:featuredmedia":[{"embeddable":true,"href":"https:\/\/sistemafamato.org.br\/sindicatos-rurais\/wp-json\/wp\/v2\/media\/1223"}],"wp:attachment":[{"href":"https:\/\/sistemafamato.org.br\/sindicatos-rurais\/wp-json\/wp\/v2\/media?parent=1222"}],"wp:term":[{"taxonomy":"category","embeddable":true,"href":"https:\/\/sistemafamato.org.br\/sindicatos-rurais\/wp-json\/wp\/v2\/categories?post=1222"},{"taxonomy":"post_tag","embeddable":true,"href":"https:\/\/sistemafamato.org.br\/sindicatos-rurais\/wp-json\/wp\/v2\/tags?post=1222"}],"curies":[{"name":"wp","href":"https:\/\/api.w.org\/{rel}","templated":true}]}}