{"id":1218,"date":"2019-10-30T08:59:01","date_gmt":"2019-10-30T11:59:01","guid":{"rendered":"https:\/\/sistemafamato.org.br\/sindicatos-rurais\/2019\/10\/30\/em-agua-boa-cafe-da-manha-no-sindicato-rural-discute-temas-importantes-para-produtores\/"},"modified":"2019-10-30T08:59:01","modified_gmt":"2019-10-30T11:59:01","slug":"em-agua-boa-cafe-da-manha-no-sindicato-rural-discute-temas-importantes-para-produtores","status":"publish","type":"post","link":"https:\/\/sistemafamato.org.br\/sindicatos-rurais\/2019\/10\/30\/em-agua-boa-cafe-da-manha-no-sindicato-rural-discute-temas-importantes-para-produtores\/","title":{"rendered":"Em \u00c1gua Boa, caf\u00e9 da manh\u00e3 no Sindicato Rural discute temas importantes para produtores"},"content":{"rendered":"<p style=\"text-align: justify;\">\nO Sindicato Rural de &Aacute;gua Boa-MT promoveu na manh&atilde; desta segunda feira (28\/10) um caf&eacute; da manh&atilde; com produtores rurais. Trata-se de mais uma ferramenta implantada na gest&atilde;o Antonio Fernandes &lsquo;Tunico&rsquo; de Mello, visando aproximar cada vez mais a entidade do associado. Desde mar&ccedil;o, os produtores rurais participam do caf&eacute; da manh&atilde; mensal da entidade. Trata-se de um momento &uacute;nico em que todos discutem os principais problemas da atualidade. Nesta segunda, o encontro discutiu a quest&atilde;o do retorno das reclama&ccedil;&otilde;es contra o atendimento da Energisa no interior do munic&iacute;pio. Ficou definido que o sindicato continuar&aacute; cobrando da regional de Barra do Gar&ccedil;as, um melhor atendimento da concession&aacute;ria. H&aacute; casos em que os produtores ficaram dias sem luz mesmo diante de problemas simples. O l&iacute;der sindical salientou que alguns produtores rurais, cansados de esperar por solu&ccedil;&otilde;es que n&atilde;o vem, pensam em acionar o Minist&eacute;rio P&uacute;blico Estadual.<\/p>\n<p style=\"text-align: justify;\">\nOutro assunto discutido no encontro foi o abaixo-assinado cobrando das autoridades investiga&ccedil;&atilde;o s&eacute;ria para detectar os respons&aacute;veis por diversas queimadas ocorridas no recente per&iacute;odo de estiagem. Muitos produtores que n&atilde;o &ldquo;usam&rdquo; fogo h&aacute; tempos, tiveram suas propriedades rurais atingidas por inc&ecirc;ndios florestais. Outros focos de queimadas surgiram &agrave; beira das rodovias e causaram preju&iacute;zos nas propriedades rurais, como a queima das pastagens, da palhada do plantio direto e das cercas. H&aacute; casos de produtores que perderam v&aacute;rios quil&ocirc;metros de cercas queimadas. Os produtores, em sua maioria, dizem que o fogo originou em &aacute;reas ind&iacute;genas (Parabubur&ecirc;-Campin&aacute;polis), Are&otilde;es (Nova Nazar&eacute;) e Pimentel Barbosa (Serra Dourada, distrito de Canarana). &lsquo;Tunico&rsquo; disse que ficou definido para novembro, um encontro dos produtores com o Minist&eacute;rio P&uacute;blico Federal de Barra do Gar&ccedil;as, onde ir&atilde;o solicitar provid&ecirc;ncias urgentes. &ldquo;Primeiro faremos a planta da soja para depois buscarmos solu&ccedil;&atilde;o junto ao MPF-Barra do Gar&ccedil;as&rdquo;, disse ele.<\/p>\n<p style=\"text-align: justify;\">\nO caf&eacute; da manh&atilde; tamb&eacute;m tratou das d&iacute;vidas rurais e a possibilidade de encaminhamento de renegocia&ccedil;&atilde;o com os bancos. A quest&atilde;o da emiss&atilde;o da APF tamb&eacute;m entrou na pauta de discuss&otilde;es. Segundo &lsquo;Tunico&rsquo;, a burocracia da SEMA continua atrapalhando o agroneg&oacute;cio de Mato Grosso. Em todas as reivindica&ccedil;&otilde;es, &ldquo;a Famato tem sido parceira dos produtores rurais&rdquo; conclui o presidente.<\/p>\n","protected":false},"excerpt":{"rendered":"<p>O Sindicato Rural de &Aacute;gua Boa-MT promoveu na manh&atilde; desta segunda feira (28\/10) um caf&eacute; da manh&atilde; com produtores rurais. Trata-se de mais uma ferramenta implantada na gest&atilde;o Antonio Fernandes &lsquo;Tunico&rsquo; de Mello, visando aproximar cada vez mais a entidade do associado. Desde mar&ccedil;o, os produtores rurais participam do caf&eacute; da manh&atilde; mensal da entidade. [&hellip;]<\/p>\n","protected":false},"author":1,"featured_media":1219,"comment_status":"open","ping_status":"open","sticky":false,"template":"","format":"standard","meta":{"footnotes":""},"categories":[1],"tags":[],"class_list":["post-1218","post","type-post","status-publish","format-standard","has-post-thumbnail","hentry","category-geral"],"acf":[],"_links":{"self":[{"href":"https:\/\/sistemafamato.org.br\/sindicatos-rurais\/wp-json\/wp\/v2\/posts\/1218","targetHints":{"allow":["GET"]}}],"collection":[{"href":"https:\/\/sistemafamato.org.br\/sindicatos-rurais\/wp-json\/wp\/v2\/posts"}],"about":[{"href":"https:\/\/sistemafamato.org.br\/sindicatos-rurais\/wp-json\/wp\/v2\/types\/post"}],"author":[{"embeddable":true,"href":"https:\/\/sistemafamato.org.br\/sindicatos-rurais\/wp-json\/wp\/v2\/users\/1"}],"replies":[{"embeddable":true,"href":"https:\/\/sistemafamato.org.br\/sindicatos-rurais\/wp-json\/wp\/v2\/comments?post=1218"}],"version-history":[{"count":0,"href":"https:\/\/sistemafamato.org.br\/sindicatos-rurais\/wp-json\/wp\/v2\/posts\/1218\/revisions"}],"wp:featuredmedia":[{"embeddable":true,"href":"https:\/\/sistemafamato.org.br\/sindicatos-rurais\/wp-json\/wp\/v2\/media\/1219"}],"wp:attachment":[{"href":"https:\/\/sistemafamato.org.br\/sindicatos-rurais\/wp-json\/wp\/v2\/media?parent=1218"}],"wp:term":[{"taxonomy":"category","embeddable":true,"href":"https:\/\/sistemafamato.org.br\/sindicatos-rurais\/wp-json\/wp\/v2\/categories?post=1218"},{"taxonomy":"post_tag","embeddable":true,"href":"https:\/\/sistemafamato.org.br\/sindicatos-rurais\/wp-json\/wp\/v2\/tags?post=1218"}],"curies":[{"name":"wp","href":"https:\/\/api.w.org\/{rel}","templated":true}]}}