{"id":1212,"date":"2019-10-14T12:30:09","date_gmt":"2019-10-14T15:30:09","guid":{"rendered":"https:\/\/sistemafamato.org.br\/sindicatos-rurais\/2019\/10\/14\/doacoes-garantem-festa-para-o-dia-das-criancas\/"},"modified":"2019-10-14T12:30:09","modified_gmt":"2019-10-14T15:30:09","slug":"doacoes-garantem-festa-para-o-dia-das-criancas","status":"publish","type":"post","link":"https:\/\/sistemafamato.org.br\/sindicatos-rurais\/2019\/10\/14\/doacoes-garantem-festa-para-o-dia-das-criancas\/","title":{"rendered":"Doa\u00e7\u00f5es garantem festa para o dia das Crian\u00e7as"},"content":{"rendered":"<p>\nUma semana cheia de brincadeiras, lanches diferentes e muita anima&ccedil;&atilde;o no Centro Municipal de Educa&ccedil;&atilde;o Infantil &#8211; CMEI M&atilde;e Margarida, no bairro Vila Rica. S&atilde;o 380 alunos entre seis meses de idade e seis anos que aproveitaram as comemora&ccedil;&otilde;es do Dia da Crian&ccedil;a numa festa que durou cinco dias.<\/p>\n<p>\nA diretora Marlides Ferreira da Concei&ccedil;&atilde;o aproveita datas comemorativas e envolve a comunidade e os servidores da Escola para proporcionar atividades festivas para a crian&ccedil;ada. &quot;Dessa vez contamos com parcerias importantes como a Terra Premium, revendedora da New Holland, do Sindicato dos Produtores Rurais e da Aprosoja. Foi simplesmente maravilhoso e conseguimos trazer para dentro da Escola atividades, lanches, picol&eacute;s e muitos brinquedos, gra&ccedil;as aos &lsquo;padrinhos&rsquo; das nossas crian&ccedil;as&quot;.<\/p>\n<p>\nSimone Sanches, do departamento comercial da Terra Premium, disse que a a&ccedil;&atilde;o na CMEI foi muito interessante. &quot;Todos os anos escolhemos uma institui&ccedil;&atilde;o e uma data espec&iacute;fica. Na escola foi maravilhoso e levamos para as crian&ccedil;as o resultado da nossa mobiliza&ccedil;&atilde;o que envolveu os funcion&aacute;rios, a diretoria, clientes e fornecedores. Foi uma festa linda para a garotada&quot;.<\/p>\n<p>\nRepresentando o Sindicato Rural e a Aprosoja, T&aacute;rcis Sachetti, disse que essas a&ccedil;&otilde;es engrandecem as pessoas envolvidas. &quot;&Eacute; t&atilde;o simples fazer a alegria da garotada e proporcionar atividades diferentes que isso s&oacute; traz a sensa&ccedil;&atilde;o de dever cumprido, de participa&ccedil;&atilde;o e de gratid&atilde;o por poder fazer algo pelo pr&oacute;ximo. Al&eacute;m de colaborar com os lanches, trouxemos a bebida de soja com sabores de chocolate e banana. Deixamos na CMEI o p&oacute; para fazer 600 litros da bebida que &eacute; nutritiva e gostosa e, ainda, auxilia na alimenta&ccedil;&atilde;o saud&aacute;vel das crian&ccedil;as&quot;.<\/p>\n<p>\nDepois de apresenta&ccedil;&otilde;es art&iacute;sticas, m&uacute;sica e dan&ccedil;a as crian&ccedil;as receberam brinquedos e doces. &quot;A festa foi completa, muita divers&atilde;o e bolo para comemorar o Dia das crian&ccedil;as que ser&aacute; inesquec&iacute;vel para elas. Al&eacute;m disso a nossa brinquedoteca foi abastecida com bonecas, carrinhos, bolas e outros brinquedos. Foi especial&quot;, encerrou a diretora Marlides.<\/p>\n<p>\n<strong>PARCERIA &#8211; <\/strong>E neste s&aacute;bado (12.10), a festa foi para cerca de 2.000 crian&ccedil;as, na Par&oacute;quia S&atilde;o Jo&atilde;o Bosco, no bairro Vila Rica. V&aacute;rios parceiros abra&ccedil;aram a causa junto com o Braseiro e distribu&iacute;ram as senhas para que todas as crian&ccedil;as pudessem comemorar seu Dia. Celeiro, Aprosoja, Aprosmat, Sicredi, Renca, Tropical, Villa Toscana, Dialum e Climar se juntaram para proporcionar essa grande festa para a garotada.<\/p>\n<p>\nO refrigerante foi garantido pela Aprosoja e Sindicato Rural, foram mais de 500 litros distribu&iacute;dos junto com os hamb&uacute;rgueres. &quot;Solidariedade e disponibilidade fazem essa corrente que vai provocar uma comemora&ccedil;&atilde;o diferente para as crian&ccedil;as. Estamos juntos para participar de mais essa a&ccedil;&atilde;o&quot;, afirma T&aacute;rcis, diretor do Sindicato e delegado da Aprosoja.<\/p>\n<p>\nOutra a&ccedil;&atilde;o da Aprosoja foi a entrega de ingredientes para a realiza&ccedil;&atilde;o da Festa das Crian&ccedil;as da casa Maria do Sop&atilde;o, que serve diariamente 150 refei&ccedil;&otilde;es e vai fez uma comemora&ccedil;&atilde;o especial no Dia das Crian&ccedil;as.<\/p>\n<p>\n&nbsp;<\/p>\n","protected":false},"excerpt":{"rendered":"<p>Uma semana cheia de brincadeiras, lanches diferentes e muita anima&ccedil;&atilde;o no Centro Municipal de Educa&ccedil;&atilde;o Infantil &#8211; CMEI M&atilde;e Margarida, no bairro Vila Rica. S&atilde;o 380 alunos entre seis meses de idade e seis anos que aproveitaram as comemora&ccedil;&otilde;es do Dia da Crian&ccedil;a numa festa que durou cinco dias. A diretora Marlides Ferreira da Concei&ccedil;&atilde;o [&hellip;]<\/p>\n","protected":false},"author":1,"featured_media":1213,"comment_status":"open","ping_status":"open","sticky":false,"template":"","format":"standard","meta":{"footnotes":""},"categories":[1],"tags":[],"class_list":["post-1212","post","type-post","status-publish","format-standard","has-post-thumbnail","hentry","category-geral"],"acf":[],"_links":{"self":[{"href":"https:\/\/sistemafamato.org.br\/sindicatos-rurais\/wp-json\/wp\/v2\/posts\/1212","targetHints":{"allow":["GET"]}}],"collection":[{"href":"https:\/\/sistemafamato.org.br\/sindicatos-rurais\/wp-json\/wp\/v2\/posts"}],"about":[{"href":"https:\/\/sistemafamato.org.br\/sindicatos-rurais\/wp-json\/wp\/v2\/types\/post"}],"author":[{"embeddable":true,"href":"https:\/\/sistemafamato.org.br\/sindicatos-rurais\/wp-json\/wp\/v2\/users\/1"}],"replies":[{"embeddable":true,"href":"https:\/\/sistemafamato.org.br\/sindicatos-rurais\/wp-json\/wp\/v2\/comments?post=1212"}],"version-history":[{"count":0,"href":"https:\/\/sistemafamato.org.br\/sindicatos-rurais\/wp-json\/wp\/v2\/posts\/1212\/revisions"}],"wp:featuredmedia":[{"embeddable":true,"href":"https:\/\/sistemafamato.org.br\/sindicatos-rurais\/wp-json\/wp\/v2\/media\/1213"}],"wp:attachment":[{"href":"https:\/\/sistemafamato.org.br\/sindicatos-rurais\/wp-json\/wp\/v2\/media?parent=1212"}],"wp:term":[{"taxonomy":"category","embeddable":true,"href":"https:\/\/sistemafamato.org.br\/sindicatos-rurais\/wp-json\/wp\/v2\/categories?post=1212"},{"taxonomy":"post_tag","embeddable":true,"href":"https:\/\/sistemafamato.org.br\/sindicatos-rurais\/wp-json\/wp\/v2\/tags?post=1212"}],"curies":[{"name":"wp","href":"https:\/\/api.w.org\/{rel}","templated":true}]}}