{"id":9998,"date":"2016-09-12T09:36:47","date_gmt":"2016-09-12T12:36:47","guid":{"rendered":"https:\/\/sistemafamato.org.br\/senarmt\/2016\/09\/12\/senar-mt-e-sindicato-rural-realizam-programacao-tecnica-durante-a-51a-expocaceres\/"},"modified":"2016-09-12T09:36:47","modified_gmt":"2016-09-12T12:36:47","slug":"senar-mt-e-sindicato-rural-realizam-programacao-tecnica-durante-a-51a-expocaceres","status":"publish","type":"post","link":"https:\/\/sistemafamato.org.br\/senarmt\/2016\/09\/12\/senar-mt-e-sindicato-rural-realizam-programacao-tecnica-durante-a-51a-expocaceres\/","title":{"rendered":"SENAR-MT e Sindicato Rural realizam programa\u00e7\u00e3o t\u00e9cnica durante a 51\u00aa Expoc\u00e1ceres"},"content":{"rendered":"<p>\nUma das mais tradicionais exposi\u00e7\u00f5es agropecu\u00e1rias de Mato Grosso, a 51\u00aa Expoc\u00e1ceres, que ser\u00e1 realizada entre 05 e 09 de outubro, em C\u00e1ceres, trar\u00e1 grandes novidades neste ano.<\/p>\n<p>\n\u00a0<\/p>\n<p>\nAl\u00e9m dos j\u00e1 tradicionais rodeio, leil\u00f5es e shows art\u00edsticos, a exposi\u00e7\u00e3o contar\u00e1 com uma programa\u00e7\u00e3o t\u00e9cnica, que ser\u00e1 realizada durante o dia no Parque de Exposi\u00e7\u00f5es. A expectativa \u00e9 de que sejam movimentados mais de R$ 20 milh\u00f5es em neg\u00f3cios durante o evento.<\/p>\n<p>\n\u00a0<\/p>\n<p>\nNa programa\u00e7\u00e3o t\u00e9cnica, o Servi\u00e7o Nacional de Aprendizagem Rural de Mato Grosso (SENAR-MT), vai realizar em parceria com o Sindicato Rural 12 oficinas de capacita\u00e7\u00e3o, seis oficias do programa Filhos no Campo, quatro vitrines de demonstra\u00e7\u00e3o, tr\u00eas palestras t\u00e9cnicas e o workshop de doma racional. No total, a previs\u00e3o \u00e9 capacitar mais de 800 pessoas durante os cinco dias da Expoc\u00e1ceres.<\/p>\n<p>\n\u00a0<\/p>\n<p>\nDe acordo com o presidente do Sindicato Rural de C\u00e1ceres, Jeremias Pereira Leite, este novo formato tem como objetivo envolver programa\u00e7\u00e3o t\u00e9cnica, neg\u00f3cios e entretenimento em um mesmo evento, atraindo maior participa\u00e7\u00e3o do p\u00fablico rural na feira.<\/p>\n<p>\n\u00a0<\/p>\n<p>\n&#8220;Al\u00e9m dos tradicionais shows e rodeio, que movimentam a regi\u00e3o, estamos buscando um maior enfoque t\u00e9cnico e comercial, de olho no desenvolvimento agropecu\u00e1rio de C\u00e1ceres e regi\u00e3o&#8221;.<\/p>\n<p>\n\u00a0<\/p>\n<p>\nEntre as novidades que ser\u00e3o apresentadas durante o evento pelo SENAR-MT est\u00e1 a Vitrine de Cozinha Pantaneira, a Oficina de Controle Sanit\u00e1rio Bovino e o lan\u00e7amento do programa Boas Pr\u00e1ticas da Agropecu\u00e1ria (BPA).<\/p>\n<p>\n\u00a0<\/p>\n<p>\nAl\u00e9m disso, ser\u00e3o realizadas vitrines de Saladas e Entradas, Carne Bovina e Soja. Oficinas de Defensivos Naturais, Agricultura de Precis\u00e3o, Confec\u00e7\u00e3o de Bolsas e Cintos em Couro Bovino, Oficina de GTA Eletr\u00f4nico, Oficina de Beneficiamento de Pescado, Manuten\u00e7\u00e3o de Tratores, IN 62 \u2013 Qualidade do Leite, entre outras.<\/p>\n<p>\n\u00a0<\/p>\n<p>\nJ\u00e1 as palestras ter\u00e3o como tema Desenvolvimento Agropecu\u00e1rio Sustent\u00e1vel, Intensifica\u00e7\u00e3o da Pecu\u00e1ria de Corte no Mato Grosso e Leite a Pasto.<\/p>\n<p>\n\u00a0<\/p>\n<p>\nA analista de Projetos T\u00e9cnicos do SENAR-MT, Juliana Mardegan, explica que os temas das oficinas e palestras foram escolhidos de acordo com a voca\u00e7\u00e3o agropecu\u00e1ria da regi\u00e3o, que tem forte tradi\u00e7\u00e3o nas pecu\u00e1rias de corte e leite. &#8220;Ser\u00e1 uma boa oportunidade para o p\u00fablico aproveitar a exposi\u00e7\u00e3o para se capacitar. As a\u00e7\u00f5es ser\u00e3o realizadas no N\u00facleo Avan\u00e7ado de Capacita\u00e7\u00e3o (NAC) instalado dentro do Parque de Exposi\u00e7\u00f5es de C\u00e1ceres&#8221;.<\/p>\n<p>\n\u00a0<\/p>\n<p>\nA programa\u00e7\u00e3o t\u00e9cnica completa ser\u00e1 divulgada em breve.<\/p>\n<p>\n\u00a0<\/p>\n<p>\nO SENAR-MT faz parte de um conjunto de entidades que formam o Sistema Famato, assim como a Federa\u00e7\u00e3o, o Imea e os 90 Sindicatos Rurais do Estado. Essas entidades d\u00e3o suporte para o desenvolvimento sustent\u00e1vel do agroneg\u00f3cio. O Senar est\u00e1 no Facebook e no Instagram. Curta a Fan Page\u00a0<a href=\"http:\/\/www.facebook.com\/SenarMt\">www.facebook.com\/SenarMt<\/a>\u00a0e a conta\u00a0<a href=\"https:\/\/instagram.com\/senar_mt\/\">@senar_mt<\/a>.<\/p>\n","protected":false},"excerpt":{"rendered":"<p>Uma das mais tradicionais exposi\u00e7\u00f5es agropecu\u00e1rias de Mato Grosso, a 51\u00aa Expoc\u00e1ceres, que ser\u00e1 realizada entre 05 e 09 de outubro, em C\u00e1ceres, trar\u00e1 grandes novidades neste ano. \u00a0 Al\u00e9m dos j\u00e1 tradicionais rodeio, leil\u00f5es e shows art\u00edsticos, a exposi\u00e7\u00e3o contar\u00e1 com uma programa\u00e7\u00e3o t\u00e9cnica, que ser\u00e1 realizada durante o dia no Parque de Exposi\u00e7\u00f5es. [&hellip;]<\/p>\n","protected":false},"author":1,"featured_media":2729,"comment_status":"open","ping_status":"open","sticky":false,"template":"","format":"standard","meta":{"advgb_blocks_editor_width":"","advgb_blocks_columns_visual_guide":"","footnotes":""},"categories":[1],"tags":[],"class_list":["post-9998","post","type-post","status-publish","format-standard","has-post-thumbnail","hentry","category-geral"],"acf":[],"author_meta":{"display_name":"siteadmin","author_link":"https:\/\/sistemafamato.org.br\/senarmt\/author\/siteadmin\/"},"featured_img":"https:\/\/sistemafamato.org.br\/senarmt\/wp-content\/uploads\/sites\/2\/2016\/09\/12092016093636-300x169.jpg","coauthors":[],"tax_additional":{"categories":{"linked":["<a href=\"https:\/\/sistemafamato.org.br\/senarmt\/category\/geral\/\" class=\"advgb-post-tax-term\">Geral<\/a>"],"unlinked":["<span class=\"advgb-post-tax-term\">Geral<\/span>"]}},"comment_count":"0","relative_dates":{"created":"Publicado 10 anos atr\u00e1s","modified":"Atualizado 10 anos atr\u00e1s"},"absolute_dates":{"created":"Publicado em 12 de setembro de 2016","modified":"Atualizado em 12 de setembro de 2016"},"absolute_dates_time":{"created":"Publicado em 12 de setembro de 2016 09:36","modified":"Atualizado em 12 de setembro de 2016 09:36"},"featured_img_caption":"","series_order":"","_links":{"self":[{"href":"https:\/\/sistemafamato.org.br\/senarmt\/wp-json\/wp\/v2\/posts\/9998","targetHints":{"allow":["GET"]}}],"collection":[{"href":"https:\/\/sistemafamato.org.br\/senarmt\/wp-json\/wp\/v2\/posts"}],"about":[{"href":"https:\/\/sistemafamato.org.br\/senarmt\/wp-json\/wp\/v2\/types\/post"}],"author":[{"embeddable":true,"href":"https:\/\/sistemafamato.org.br\/senarmt\/wp-json\/wp\/v2\/users\/1"}],"replies":[{"embeddable":true,"href":"https:\/\/sistemafamato.org.br\/senarmt\/wp-json\/wp\/v2\/comments?post=9998"}],"version-history":[{"count":0,"href":"https:\/\/sistemafamato.org.br\/senarmt\/wp-json\/wp\/v2\/posts\/9998\/revisions"}],"wp:featuredmedia":[{"embeddable":true,"href":"https:\/\/sistemafamato.org.br\/senarmt\/wp-json\/wp\/v2\/media\/2729"}],"wp:attachment":[{"href":"https:\/\/sistemafamato.org.br\/senarmt\/wp-json\/wp\/v2\/media?parent=9998"}],"wp:term":[{"taxonomy":"category","embeddable":true,"href":"https:\/\/sistemafamato.org.br\/senarmt\/wp-json\/wp\/v2\/categories?post=9998"},{"taxonomy":"post_tag","embeddable":true,"href":"https:\/\/sistemafamato.org.br\/senarmt\/wp-json\/wp\/v2\/tags?post=9998"}],"curies":[{"name":"wp","href":"https:\/\/api.w.org\/{rel}","templated":true}]}}