{"id":9991,"date":"2016-09-05T10:05:38","date_gmt":"2016-09-05T13:05:38","guid":{"rendered":"https:\/\/sistemafamato.org.br\/senarmt\/2016\/09\/05\/projeto-auxilia-na-preservacao-e-recuperacao-do-bioma-amazonia\/"},"modified":"2016-09-05T10:05:38","modified_gmt":"2016-09-05T13:05:38","slug":"projeto-auxilia-na-preservacao-e-recuperacao-do-bioma-amazonia","status":"publish","type":"post","link":"https:\/\/sistemafamato.org.br\/senarmt\/2016\/09\/05\/projeto-auxilia-na-preservacao-e-recuperacao-do-bioma-amazonia\/","title":{"rendered":"Projeto auxilia na preserva\u00e7\u00e3o e recupera\u00e7\u00e3o do Bioma Amaz\u00f4nia"},"content":{"rendered":"<p>\n<strong>Bras&iacute;lia (05\/09\/2016)<\/strong> &ndash; Hoje, 5 de setembro, &eacute; comemorado o Dia da Amaz&ocirc;nia. &Eacute; uma data de grande relev&acirc;ncia, considerando que quase metade do territ&oacute;rio nacional &eacute; ocupada pelo Bioma Amaz&ocirc;nia, o que o torna o maior entre todos os biomas brasileiros. Estende-se por tr&ecirc;s das cinco regi&otilde;es do pa&iacute;s: Norte, onde concentra sua maior parte, Nordeste e Centro-Oeste.<\/p>\n<p>\n&nbsp;<\/p>\n<p>\nO bioma corresponde, legalmente, a mais 60% do territ&oacute;rio nacional, compreendendo parte dos estados do Mato Grosso e Maranh&atilde;o e a totalidade dos estados do Acre, Amazonas, Roraima, Par&aacute;, Amap&aacute; e Tocantins. A extensa e densa vegeta&ccedil;&atilde;o que ele apresenta, abrigando a maior floresta tropical do mundo e outros componentes, cria a situa&ccedil;&atilde;o ideal para que a flora possa se desenvolver. Entre esses componentes, destacam-se as chuvas constantes e a ampla bacia hidrogr&aacute;fica da Amaz&ocirc;nia.<\/p>\n<p>\n&nbsp;<\/p>\n<p>\nPara auxiliar na preserva&ccedil;&atilde;o, prote&ccedil;&atilde;o, recupera&ccedil;&atilde;o e uso sustent&aacute;vel do bioma, a Confedera&ccedil;&atilde;o da Agricultura e Pecu&aacute;ria do Brasil (CNA), e a Empresa Brasileira de Pesquisa Agropecu&aacute;ria (Embrapa), por meio de sua Unidade no Par&aacute; (Embrapa Amaz&ocirc;nia Oriental), e com o apoio da Universidade Federal do Sul e Sudeste do Par&aacute; (UNIFESSPA), Universidade Federal do Par&aacute; (UFPA), Universidade Federal Rural da Amaz&ocirc;nia (UFRA) e diversas institui&ccedil;&otilde;es de ensino e pesquisa, iniciaram em 2012, o Projeto Biomas Amaz&ocirc;nia.<\/p>\n<p>\n&nbsp;<\/p>\n<p>\nO projeto &eacute; realizado com o plantio de &aacute;rvores em sistemas produtivos rurais de forma homog&ecirc;nea ou consorciada com culturas anuais, para manter o equil&iacute;brio do bioma Amaz&ocirc;nia e, simultaneamente, proporcionar ao produtor rural fontes de renda alternativas. Naquele ano, foram iniciados os debates sobre pesquisas, escolha das &aacute;reas, esp&eacute;cies arb&oacute;reas a serem plantadas e sistemas propostos. Na mesma &eacute;poca, o projeto foi lan&ccedil;ado em Bel&eacute;m (PA), na Embrapa Amaz&ocirc;nia Oriental e em Marab&aacute;, munic&iacute;pio da regi&atilde;o Sudeste do Par&aacute;.<\/p>\n<p>\n&nbsp;<\/p>\n<p>\nSegundo o engenheiro florestal, pesquisador da Embrapa Amaz&ocirc;nia Oriental e coordenador regional do Bioma Amaz&ocirc;nia, Alexandre Mehl Lunz, &quot;a car&ecirc;ncia de informa&ccedil;&otilde;es t&eacute;cnicas para melhorias deste cen&aacute;rio cr&iacute;tico motivou o estabelecimento do projeto no Par&aacute;&quot;. Ao final de 2014 e in&iacute;cio de 2015, foram feitos os primeiros plantios de &aacute;rvores, cujas a&ccedil;&otilde;es de monitoramento e tomada de dados t&ecirc;m dura&ccedil;&atilde;o prevista at&eacute; 2019.<\/p>\n<p>\n&nbsp;<\/p>\n<p>\nA implanta&ccedil;&atilde;o do projeto ocorreu em duas propriedades rurais: a Fazenda Taboquinha, pertencente ao Grupo Revemar e que comp&otilde;e a Funda&ccedil;&atilde;o Zoobot&acirc;nica de Marab&aacute;, como &aacute;rea de refer&ecirc;ncia da vegeta&ccedil;&atilde;o original local, com cerca de 40 hectares utilizados, e a Fazenda Cristalina, &agrave;s margens da Rodovia Transamaz&ocirc;nica no munic&iacute;pio de S&atilde;o Domingos do Araguaia, como &aacute;rea experimental, onde s&atilde;o conduzidos os plantios avaliados, com cerca de 17 hectares. Lunz ressalta que &quot;ambas as &aacute;reas possuem o objetivo de proporcionar condi&ccedil;&otilde;es naturais para a condu&ccedil;&atilde;o de experimentos t&eacute;cnico-cient&iacute;ficos que subsidiem o produtor rural quanto &agrave;s alternativas poss&iacute;veis para o uso da &aacute;rvore em sistemas produtivos integrados ou n&atilde;o, bem como &agrave; manuten&ccedil;&atilde;o e manejo dos fragmentos existentes nas propriedades que, atualmente, comp&otilde;em um grande mosaico&quot;.<\/p>\n<p>\n&nbsp;<\/p>\n<p>\nPara o Projeto Biomas Amaz&ocirc;nia, pesquisadores de diversas institui&ccedil;&otilde;es de ensino e pesquisa da Amaz&ocirc;nia e mesmo de outras regi&otilde;es do pa&iacute;s propuseram a&ccedil;&otilde;es de plantio de &aacute;rvores em sistemas homog&ecirc;neos ou consorciados com pastagens, culturas anuais (milho, soja, arroz e feij&atilde;o) e frut&iacute;feras. Ap&oacute;s investimentos em infraestrutura, contrata&ccedil;&atilde;o de servi&ccedil;os de maquin&aacute;rios e de pessoal de campo, pouco mais de 20 subprojetos de pesquisa foram iniciados, conduzidos por quase 20 institui&ccedil;&otilde;es, participantes do projeto, e mais de 80 pesquisadores que colaboram direta ou indiretamente.<\/p>\n<p>\n&nbsp;<\/p>\n<p>\nDesde que o plantio foi iniciado, alguns resultados preliminares j&aacute; evidenciam o sucesso do investimento. Diversas a&ccedil;&otilde;es de transfer&ecirc;ncia de tecnologia j&aacute; foram executadas pela Embrapa e institui&ccedil;&otilde;es parceiras nas &aacute;reas do projeto, contabilizando cinco Dias de Campo e tr&ecirc;s cursos t&eacute;cnicos que levaram novas perspectivas de uso da terra centenas de pessoas. A dura&ccedil;&atilde;o do projeto &eacute; at&eacute; 2019 e h&aacute; previs&atilde;o de continuidade por meio de novos financiamentos e parcerias.<\/p>\n<p>\n&nbsp;<\/p>\n<p>\n<span style=\"margin: 0px; padding: 0px; color: rgb(35, 31, 32); font-family: Tahoma, Geneva, sans-serif; font-size: 14px; line-height: 21px; text-align: justify;\">O Senar-MT faz parte de um conjunto de entidades que formam o Sistema Famato. Essas entidades d&atilde;o suporte para o desenvolvimento sustent&aacute;vel do agroneg&oacute;cio. &Eacute; formado ainda pela Famato, Imea e pelos 89 sindicatos rurais do Estado. O Senar est&aacute; no Facebook e no Instagram. Curta a Fan Page&nbsp;<\/span><a href=\"http:\/\/www.facebook.com\/SenarMt\" style=\"margin: 0px; padding: 0px; font-family: Tahoma, Geneva, sans-serif; font-size: 14px; line-height: 21px; text-align: justify;\">www.facebook.com\/SenarMt<\/a><span style=\"margin: 0px; padding: 0px; color: rgb(35, 31, 32); font-family: Tahoma, Geneva, sans-serif; font-size: 14px; line-height: 21px; text-align: justify;\">&nbsp;e a conta<\/span><a href=\"https:\/\/www.instagram.com\/senar_mt\/?hl=pt-br\" style=\"margin: 0px; padding: 0px; font-family: Tahoma, Geneva, sans-serif; font-size: 14px; line-height: 21px; text-align: justify;\">&nbsp;@senar_mt<\/a><span style=\"margin: 0px; padding: 0px; color: rgb(35, 31, 32); font-family: Tahoma, Geneva, sans-serif; font-size: 14px; line-height: 21px; text-align: justify;\">.<\/span><\/p>\n","protected":false},"excerpt":{"rendered":"<p>Bras&iacute;lia (05\/09\/2016) &ndash; Hoje, 5 de setembro, &eacute; comemorado o Dia da Amaz&ocirc;nia. &Eacute; uma data de grande relev&acirc;ncia, considerando que quase metade do territ&oacute;rio nacional &eacute; ocupada pelo Bioma Amaz&ocirc;nia, o que o torna o maior entre todos os biomas brasileiros. Estende-se por tr&ecirc;s das cinco regi&otilde;es do pa&iacute;s: Norte, onde concentra sua maior [&hellip;]<\/p>\n","protected":false},"author":1,"featured_media":2715,"comment_status":"open","ping_status":"open","sticky":false,"template":"","format":"standard","meta":{"advgb_blocks_editor_width":"","advgb_blocks_columns_visual_guide":"","footnotes":""},"categories":[1],"tags":[],"class_list":["post-9991","post","type-post","status-publish","format-standard","has-post-thumbnail","hentry","category-geral"],"acf":[],"author_meta":{"display_name":"siteadmin","author_link":"https:\/\/sistemafamato.org.br\/senarmt\/author\/siteadmin\/"},"featured_img":"https:\/\/sistemafamato.org.br\/senarmt\/wp-content\/uploads\/sites\/2\/2016\/09\/05092016100529-300x200.jpg","coauthors":[],"tax_additional":{"categories":{"linked":["<a href=\"https:\/\/sistemafamato.org.br\/senarmt\/category\/geral\/\" class=\"advgb-post-tax-term\">Geral<\/a>"],"unlinked":["<span class=\"advgb-post-tax-term\">Geral<\/span>"]}},"comment_count":"0","relative_dates":{"created":"Publicado 10 anos atr\u00e1s","modified":"Atualizado 10 anos atr\u00e1s"},"absolute_dates":{"created":"Publicado em 5 de setembro de 2016","modified":"Atualizado em 5 de setembro de 2016"},"absolute_dates_time":{"created":"Publicado em 5 de setembro de 2016 10:05","modified":"Atualizado em 5 de setembro de 2016 10:05"},"featured_img_caption":"","series_order":"","_links":{"self":[{"href":"https:\/\/sistemafamato.org.br\/senarmt\/wp-json\/wp\/v2\/posts\/9991","targetHints":{"allow":["GET"]}}],"collection":[{"href":"https:\/\/sistemafamato.org.br\/senarmt\/wp-json\/wp\/v2\/posts"}],"about":[{"href":"https:\/\/sistemafamato.org.br\/senarmt\/wp-json\/wp\/v2\/types\/post"}],"author":[{"embeddable":true,"href":"https:\/\/sistemafamato.org.br\/senarmt\/wp-json\/wp\/v2\/users\/1"}],"replies":[{"embeddable":true,"href":"https:\/\/sistemafamato.org.br\/senarmt\/wp-json\/wp\/v2\/comments?post=9991"}],"version-history":[{"count":0,"href":"https:\/\/sistemafamato.org.br\/senarmt\/wp-json\/wp\/v2\/posts\/9991\/revisions"}],"wp:featuredmedia":[{"embeddable":true,"href":"https:\/\/sistemafamato.org.br\/senarmt\/wp-json\/wp\/v2\/media\/2715"}],"wp:attachment":[{"href":"https:\/\/sistemafamato.org.br\/senarmt\/wp-json\/wp\/v2\/media?parent=9991"}],"wp:term":[{"taxonomy":"category","embeddable":true,"href":"https:\/\/sistemafamato.org.br\/senarmt\/wp-json\/wp\/v2\/categories?post=9991"},{"taxonomy":"post_tag","embeddable":true,"href":"https:\/\/sistemafamato.org.br\/senarmt\/wp-json\/wp\/v2\/tags?post=9991"}],"curies":[{"name":"wp","href":"https:\/\/api.w.org\/{rel}","templated":true}]}}