{"id":9989,"date":"2016-09-02T11:32:15","date_gmt":"2016-09-02T14:32:15","guid":{"rendered":"https:\/\/sistemafamato.org.br\/senarmt\/2016\/09\/02\/senar-ead-ensina-como-cultivar-arvores-no-cerrado-com-retorno-ambiental-e-financeiro\/"},"modified":"2016-09-02T11:32:15","modified_gmt":"2016-09-02T14:32:15","slug":"senar-ead-ensina-como-cultivar-arvores-no-cerrado-com-retorno-ambiental-e-financeiro","status":"publish","type":"post","link":"https:\/\/sistemafamato.org.br\/senarmt\/2016\/09\/02\/senar-ead-ensina-como-cultivar-arvores-no-cerrado-com-retorno-ambiental-e-financeiro\/","title":{"rendered":"SENAR EaD  ensina como cultivar \u00e1rvores no Cerrado com retorno ambiental e financeiro"},"content":{"rendered":"<p>\n<em>Bras\u00edlia\/DF <\/em><em>(02\/09\/16) &#8211;<\/em> Novo programa oferecido no portal de educa\u00e7\u00e3o a dist\u00e2ncia do Servi\u00e7o Nacional de Aprendizagem Rural (SENAR) ensina ao produtor rural como o Cerrado pode ser generoso e devolver em lucro todo o investimento feito no reflorestamento da propriedade. O programa de capacita\u00e7\u00e3o tecnol\u00f3gica <em>Bioma Cerrado<\/em> inclui tr\u00eas diferentes cursos, todos a dist\u00e2ncia, livres e gratuitos, dispon\u00edveis no endere\u00e7o eletr\u00f4nico <a href=\"http:\/\/ead.senar.org.br\/\" target=\"_blank\" rel=\"noopener\">http:\/\/ead.senar.org.br\/<\/a>\u00a0.<\/p>\n<p>\n\u00a0<\/p>\n<p>\n&#8220;Queremos repassar ao profissional do campo, as informa\u00e7\u00f5es levantadas pelo Projeto Biomas, desenvolvido h\u00e1 seis anos pela Empresa Brasileira de Pesquisa Agropecu\u00e1ria (Embrapa) e a Confedera\u00e7\u00e3o da Agricultura e Pecu\u00e1ria do Brasil (CNA)&#8221; \u2013 explica Cl\u00e1udia Rabello, coordenadora executiva do projeto. &#8220;Precisamos mostrar ao produtor que ele\u00a0 pode ter\u00a0 retorno n\u00e3o apenas ambiental mas tamb\u00e9m financeiro com sua reserva legal e o plantio de \u00e1rvores em outras \u00e1reas da sua propriedade&#8221;.<\/p>\n<p>\n\u00a0<\/p>\n<p>\nJ\u00e1 em andamento h\u00e1 seis anos, o Projeto Biomas vem pesquisando as melhores tecnologias de cultivo da \u00e1rvore, para que o produtor possa cumprir a exig\u00eancia da regulariza\u00e7\u00e3o da reserva legal, prevista no novo C\u00f3digo Florestal, e ao mesmo tempo lucrar com o investimento. O projeto atua nos seis biomas brasileiros, Cerrado, Mata Atl\u00e2ntica, Pantanal, Pampa, Amaz\u00f4nia e Caatinga, envolvendo mais de 300 pesquisadores.<\/p>\n<p>\n\u00a0<\/p>\n<p>\n<strong>O que, onde e como plantar<\/strong><\/p>\n<p>\n\u00a0<\/p>\n<p>\nEm est\u00e1gio mais avan\u00e7ado, as pesquisas em \u00e1reas experimentais do Cerrado j\u00e1 resultaram em 21 projetos implantados e os resultados desse trabalho \u00e9 que ser\u00e3o agora repassados por meio do programa de capacita\u00e7\u00e3o tecnol\u00f3gica Bioma Cerrado da EaD SENAR. \u201cN\u00e3o resolve s\u00f3 pesquisar \u2013 observa Cl\u00e1udia \u2013 temos que repassar as informa\u00e7\u00f5es, diminuir a dist\u00e2ncia entre a ci\u00eancia e a produ\u00e7\u00e3o, tirar a ci\u00eancia da prateleira e levar para o campo\u201d.<\/p>\n<p>\n\u00a0<\/p>\n<p>\nOs tr\u00eas cursos oferecidos dentro do programa <em>Bioma Cerrado<\/em> s\u00e3o: <em>Elementos de paisagem e processos ecol\u00f3gico,<\/em> com uma carga hor\u00e1ria de 40 horas;<em> Coleta e beneficiamento de sementes e produ\u00e7\u00e3o de mudas<\/em>, com carga hor\u00e1ria de 20 horas; e <em>Inser\u00e7\u00e3o da \u00e1rvore na propriedade rural<\/em>, com 30 horas-aula<em>. <\/em>Eles abordam desde aspectos geogr\u00e1ficos e geol\u00f3gicos do bioma ao uso de novas tecnologias, passando tamb\u00e9m por quest\u00f5es legais. Conhecimentos fundamentais para quem busca harmonizar os sistemas de produ\u00e7\u00e3o e preserva\u00e7\u00e3o, otimizando recursos, avalia Cl\u00e1udia Rabello.<\/p>\n<p>\n\u00a0<\/p>\n<p>\n&#8220;O produtor precisa entender que a \u00e1rvore \u00e9 uma forma de se ter retorno financeiro. A silvicultura, por exemplo, \u00e9 uma poupan\u00e7a. Mas \u00e9 preciso que ele saiba o que, onde e como plantar&#8221;.<\/p>\n<p>\n\u00a0<\/p>\n<p>\nMais informa\u00e7\u00f5es: 0800 642 7070 ou no <a href=\"http:\/\/ead.senar.org.br\/\" target=\"_blank\" rel=\"noopener\">http:\/\/ead.senar.org.br\/<\/a>\u00a0\u00a0<\/p>\n<p>\n\u00a0<\/p>\n<p>\n<span style=\"color: rgb(35, 31, 32); font-family: Tahoma, Geneva, sans-serif; font-size: 14px; line-height: 21px; text-align: justify;\">O Senar-MT faz parte de um conjunto de entidades que formam o Sistema Famato. Essas entidades d\u00e3o suporte para o desenvolvimento sustent\u00e1vel do agroneg\u00f3cio. \u00c9 formado ainda pela Famato, Imea e pelos 89 sindicatos rurais do Estado. O Senar est\u00e1 no Facebook e no Instagram. Curta a Fan Page\u00a0<\/span><a href=\"http:\/\/www.facebook.com\/SenarMt\" style=\"margin: 0px; padding: 0px; font-family: Tahoma, Geneva, sans-serif; font-size: 14px; line-height: 21px; text-align: justify;\">www.facebook.com\/SenarMt<\/a><span style=\"color: rgb(35, 31, 32); font-family: Tahoma, Geneva, sans-serif; font-size: 14px; line-height: 21px; text-align: justify;\">\u00a0e a conta<\/span><a href=\"https:\/\/www.instagram.com\/senar_mt\/?hl=pt-br\" style=\"margin: 0px; padding: 0px; font-family: Tahoma, Geneva, sans-serif; font-size: 14px; line-height: 21px; text-align: justify;\">\u00a0@senar_mt<\/a><span style=\"color: rgb(35, 31, 32); font-family: Tahoma, Geneva, sans-serif; font-size: 14px; line-height: 21px; text-align: justify;\">.<\/span><\/p>\n","protected":false},"excerpt":{"rendered":"<p>Bras\u00edlia\/DF (02\/09\/16) &#8211; Novo programa oferecido no portal de educa\u00e7\u00e3o a dist\u00e2ncia do Servi\u00e7o Nacional de Aprendizagem Rural (SENAR) ensina ao produtor rural como o Cerrado pode ser generoso e devolver em lucro todo o investimento feito no reflorestamento da propriedade. O programa de capacita\u00e7\u00e3o tecnol\u00f3gica Bioma Cerrado inclui tr\u00eas diferentes cursos, todos a dist\u00e2ncia, [&hellip;]<\/p>\n","protected":false},"author":1,"featured_media":2711,"comment_status":"open","ping_status":"open","sticky":false,"template":"","format":"standard","meta":{"advgb_blocks_editor_width":"","advgb_blocks_columns_visual_guide":"","footnotes":""},"categories":[1],"tags":[],"class_list":["post-9989","post","type-post","status-publish","format-standard","has-post-thumbnail","hentry","category-geral"],"acf":[],"author_meta":{"display_name":"siteadmin","author_link":"https:\/\/sistemafamato.org.br\/senarmt\/author\/siteadmin\/"},"featured_img":"https:\/\/sistemafamato.org.br\/senarmt\/wp-content\/uploads\/sites\/2\/2016\/09\/02092016113205-300x200.jpg","coauthors":[],"tax_additional":{"categories":{"linked":["<a href=\"https:\/\/sistemafamato.org.br\/senarmt\/category\/geral\/\" class=\"advgb-post-tax-term\">Geral<\/a>"],"unlinked":["<span class=\"advgb-post-tax-term\">Geral<\/span>"]}},"comment_count":"0","relative_dates":{"created":"Publicado 10 anos atr\u00e1s","modified":"Atualizado 10 anos atr\u00e1s"},"absolute_dates":{"created":"Publicado em 2 de setembro de 2016","modified":"Atualizado em 2 de setembro de 2016"},"absolute_dates_time":{"created":"Publicado em 2 de setembro de 2016 11:32","modified":"Atualizado em 2 de setembro de 2016 11:32"},"featured_img_caption":"","series_order":"","_links":{"self":[{"href":"https:\/\/sistemafamato.org.br\/senarmt\/wp-json\/wp\/v2\/posts\/9989","targetHints":{"allow":["GET"]}}],"collection":[{"href":"https:\/\/sistemafamato.org.br\/senarmt\/wp-json\/wp\/v2\/posts"}],"about":[{"href":"https:\/\/sistemafamato.org.br\/senarmt\/wp-json\/wp\/v2\/types\/post"}],"author":[{"embeddable":true,"href":"https:\/\/sistemafamato.org.br\/senarmt\/wp-json\/wp\/v2\/users\/1"}],"replies":[{"embeddable":true,"href":"https:\/\/sistemafamato.org.br\/senarmt\/wp-json\/wp\/v2\/comments?post=9989"}],"version-history":[{"count":0,"href":"https:\/\/sistemafamato.org.br\/senarmt\/wp-json\/wp\/v2\/posts\/9989\/revisions"}],"wp:featuredmedia":[{"embeddable":true,"href":"https:\/\/sistemafamato.org.br\/senarmt\/wp-json\/wp\/v2\/media\/2711"}],"wp:attachment":[{"href":"https:\/\/sistemafamato.org.br\/senarmt\/wp-json\/wp\/v2\/media?parent=9989"}],"wp:term":[{"taxonomy":"category","embeddable":true,"href":"https:\/\/sistemafamato.org.br\/senarmt\/wp-json\/wp\/v2\/categories?post=9989"},{"taxonomy":"post_tag","embeddable":true,"href":"https:\/\/sistemafamato.org.br\/senarmt\/wp-json\/wp\/v2\/tags?post=9989"}],"curies":[{"name":"wp","href":"https:\/\/api.w.org\/{rel}","templated":true}]}}