{"id":9985,"date":"2016-08-30T10:59:14","date_gmt":"2016-08-30T13:59:14","guid":{"rendered":"https:\/\/sistemafamato.org.br\/senarmt\/2016\/08\/30\/encontro-de-trabalho-reune-presidentes-de-federacoes-e-superintendentes-do-senar\/"},"modified":"2016-08-30T10:59:14","modified_gmt":"2016-08-30T13:59:14","slug":"encontro-de-trabalho-reune-presidentes-de-federacoes-e-superintendentes-do-senar","status":"publish","type":"post","link":"https:\/\/sistemafamato.org.br\/senarmt\/2016\/08\/30\/encontro-de-trabalho-reune-presidentes-de-federacoes-e-superintendentes-do-senar\/","title":{"rendered":"Encontro de trabalho re\u00fane presidentes de Federa\u00e7\u00f5es e superintendentes do SENAR"},"content":{"rendered":"<p>\n&nbsp;<\/p>\n<p>\n<strong>Esteio\/Rio Grande do Sul ( 29\/08\/2016) &#8211;<\/strong> A 39&ordf; Expointer sediou o encontro de trabalho entre presidentes de Federa&ccedil;&otilde;es e superintendentes do Servi&ccedil;o Nacional de Aprendizagem Rural (SENAR), nesta segunda-feira (29\/8). Representantes de 25 estados participaram da reuni&atilde;o, a primeira conjunta em sete anos que foi coordenada pelo presidente da CNA, Jo&atilde;o Martins, e pelo secret&aacute;rio executivo do SENAR, Daniel Carrara.<\/p>\n<p>\n&nbsp;<\/p>\n<p>\nA inten&ccedil;&atilde;o do evento foi promover a integra&ccedil;&atilde;o entre presidentes e superintendentes do SENAR de v&aacute;rios Estados e receber sugest&otilde;es para projetos e programas estrat&eacute;gicos do SENAR.&nbsp; Ao abrir, Jo&atilde;o Martins destacou a import&acirc;ncia da integra&ccedil;&atilde;o e da an&aacute;lise constante das a&ccedil;&otilde;es que s&atilde;o levadas ao campo. &quot;Precisamos avaliar os programas do SENAR, que avan&ccedil;ou muito nos &uacute;ltimos anos e passou por algumas transforma&ccedil;&otilde;es. Nosso Sistema tem a obriga&ccedil;&atilde;o de estar na vanguarda da agropecu&aacute;ria e para isso, cr&iacute;ticas construtivas e sugest&otilde;es s&atilde;o importantes&quot;, destaca o presidente da CNA.<\/p>\n<p>\n&nbsp;<\/p>\n<p>\nDurante a reuni&atilde;o, foram apresentadas algumas das principais iniciativas da entidade, como a metodologia de Assist&ecirc;ncia T&eacute;cnica e Gerencial (ATeG), Rede e-Tec Brasil SENAR, Faculdade de Tecnologia CNA, Programa ABC Cerrado, CNA Jovem, SENAR nas Nuvens, o programa Integra SENAR e o rec&eacute;m lan&ccedil;ado Canal do Produtor TV. As palestras foram ministradas pelos respectivos chefes de departamento e pelo coordenador de ATeG e abordaram conceito, funcionamento e n&uacute;meros.<\/p>\n<p>\n&nbsp;<\/p>\n<p>\n&quot;Alguns presidentes de Federa&ccedil;&atilde;o infelizmente n&atilde;o conseguem participar do dia-a-dia das nossas regionais. Esse encontro favorece a integra&ccedil;&atilde;o e faz um nivelamento de informa&ccedil;&otilde;es&quot;, avalia Daniel Carrara.<\/p>\n<p>\n&nbsp;<\/p>\n<p>\n<span style=\"margin: 0px; padding: 0px; color: rgb(35, 31, 32); font-family: Tahoma, Geneva, sans-serif; font-size: 14px; line-height: 21px; text-align: justify;\">O Senar-MT faz parte de um conjunto de entidades que formam o Sistema Famato. Essas entidades d&atilde;o suporte para o desenvolvimento sustent&aacute;vel do agroneg&oacute;cio. &Eacute; formado ainda pela Famato, Imea e pelos 89 sindicatos rurais do Estado. O Senar est&aacute; no Facebook e no Instagram. Curta a Fan Page&nbsp;<\/span><a href=\"http:\/\/www.facebook.com\/SenarMt\" style=\"margin: 0px; padding: 0px; font-family: Tahoma, Geneva, sans-serif; font-size: 14px; line-height: 21px; text-align: justify;\">www.facebook.com\/SenarMt<\/a><span style=\"margin: 0px; padding: 0px; color: rgb(35, 31, 32); font-family: Tahoma, Geneva, sans-serif; font-size: 14px; line-height: 21px; text-align: justify;\">&nbsp;e a conta @senar_mt.<\/span><\/p>\n","protected":false},"excerpt":{"rendered":"<p>&nbsp; Esteio\/Rio Grande do Sul ( 29\/08\/2016) &#8211; A 39&ordf; Expointer sediou o encontro de trabalho entre presidentes de Federa&ccedil;&otilde;es e superintendentes do Servi&ccedil;o Nacional de Aprendizagem Rural (SENAR), nesta segunda-feira (29\/8). Representantes de 25 estados participaram da reuni&atilde;o, a primeira conjunta em sete anos que foi coordenada pelo presidente da CNA, Jo&atilde;o Martins, e [&hellip;]<\/p>\n","protected":false},"author":1,"featured_media":2703,"comment_status":"open","ping_status":"open","sticky":false,"template":"","format":"standard","meta":{"advgb_blocks_editor_width":"","advgb_blocks_columns_visual_guide":"","footnotes":""},"categories":[1],"tags":[],"class_list":["post-9985","post","type-post","status-publish","format-standard","has-post-thumbnail","hentry","category-geral"],"acf":[],"author_meta":{"display_name":"siteadmin","author_link":"https:\/\/sistemafamato.org.br\/senarmt\/author\/siteadmin\/"},"featured_img":"https:\/\/sistemafamato.org.br\/senarmt\/wp-content\/uploads\/sites\/2\/2016\/08\/30082016105905-300x200.jpg","coauthors":[],"tax_additional":{"categories":{"linked":["<a href=\"https:\/\/sistemafamato.org.br\/senarmt\/category\/geral\/\" class=\"advgb-post-tax-term\">Geral<\/a>"],"unlinked":["<span class=\"advgb-post-tax-term\">Geral<\/span>"]}},"comment_count":"0","relative_dates":{"created":"Publicado 10 anos atr\u00e1s","modified":"Atualizado 10 anos atr\u00e1s"},"absolute_dates":{"created":"Publicado em 30 de agosto de 2016","modified":"Atualizado em 30 de agosto de 2016"},"absolute_dates_time":{"created":"Publicado em 30 de agosto de 2016 10:59","modified":"Atualizado em 30 de agosto de 2016 10:59"},"featured_img_caption":"","series_order":"","_links":{"self":[{"href":"https:\/\/sistemafamato.org.br\/senarmt\/wp-json\/wp\/v2\/posts\/9985","targetHints":{"allow":["GET"]}}],"collection":[{"href":"https:\/\/sistemafamato.org.br\/senarmt\/wp-json\/wp\/v2\/posts"}],"about":[{"href":"https:\/\/sistemafamato.org.br\/senarmt\/wp-json\/wp\/v2\/types\/post"}],"author":[{"embeddable":true,"href":"https:\/\/sistemafamato.org.br\/senarmt\/wp-json\/wp\/v2\/users\/1"}],"replies":[{"embeddable":true,"href":"https:\/\/sistemafamato.org.br\/senarmt\/wp-json\/wp\/v2\/comments?post=9985"}],"version-history":[{"count":0,"href":"https:\/\/sistemafamato.org.br\/senarmt\/wp-json\/wp\/v2\/posts\/9985\/revisions"}],"wp:featuredmedia":[{"embeddable":true,"href":"https:\/\/sistemafamato.org.br\/senarmt\/wp-json\/wp\/v2\/media\/2703"}],"wp:attachment":[{"href":"https:\/\/sistemafamato.org.br\/senarmt\/wp-json\/wp\/v2\/media?parent=9985"}],"wp:term":[{"taxonomy":"category","embeddable":true,"href":"https:\/\/sistemafamato.org.br\/senarmt\/wp-json\/wp\/v2\/categories?post=9985"},{"taxonomy":"post_tag","embeddable":true,"href":"https:\/\/sistemafamato.org.br\/senarmt\/wp-json\/wp\/v2\/tags?post=9985"}],"curies":[{"name":"wp","href":"https:\/\/api.w.org\/{rel}","templated":true}]}}