{"id":9984,"date":"2016-08-29T14:42:06","date_gmt":"2016-08-29T17:42:06","guid":{"rendered":"https:\/\/sistemafamato.org.br\/senarmt\/2016\/08\/29\/sao-cinco-cursos-do-programa-de-gestao-de-pessoas-no-setor-rural\/"},"modified":"2016-08-29T14:42:06","modified_gmt":"2016-08-29T17:42:06","slug":"sao-cinco-cursos-do-programa-de-gestao-de-pessoas-no-setor-rural","status":"publish","type":"post","link":"https:\/\/sistemafamato.org.br\/senarmt\/2016\/08\/29\/sao-cinco-cursos-do-programa-de-gestao-de-pessoas-no-setor-rural\/","title":{"rendered":"S\u00e3o cinco cursos do Programa de Gest\u00e3o de Pessoas no Setor Rural"},"content":{"rendered":"<p>\nImagine realizar cursos de aperfei\u00e7oamento com a possibilidade de escolher o hor\u00e1rio e onde estudar. Isso j\u00e1 \u00e9 poss\u00edvel na Faculdade de Tecnologia CNA, institui\u00e7\u00e3o que tem a chancela da Confedera\u00e7\u00e3o da Agricultura e Pecu\u00e1ria do Brasil (CNA), entidade que representa cinco milh\u00f5es de produtores rurais brasileiros. Nessa quinta-feira (25\/08) a Faculdade CNA inicia o per\u00edodo de matr\u00edculas para os cursos do Programa de Gest\u00e3o de Pessoas no Setor Rural. As capacita\u00e7\u00f5es s\u00e3o 100% online e podem ser realizadas por pessoas que t\u00eam interesse em adquirir conhecimentos no setor que mais cresce no Brasil.<\/p>\n<p>\n\u00a0<\/p>\n<p>\nO Programa tem cinco cursos de extens\u00e3o totalmente a dist\u00e2ncia: 1- Relacionamento Interpessoal e Qualidade de Vida no Campo; 2 &#8211; Procedimentos de RH e Contabilidade na Gest\u00e3o Rural; 3 &#8211; Legisla\u00e7\u00e3o Trabalhista na Pr\u00e1tica do Campo; 4 &#8211; Remunera\u00e7\u00e3o, Incentivos e Avalia\u00e7\u00e3o de Desempenho; 5 &#8211; Recrutamento, Sele\u00e7\u00e3o e Treinamento. Cada curso tem carga hor\u00e1ria de 30 horas.<\/p>\n<p>\n\u00a0<\/p>\n<p>\nA coordenadora da educa\u00e7\u00e3o a dist\u00e2ncia da institui\u00e7\u00e3o, Dyovanna Depolo, explica que o programa foi criado para possibilitar o acesso de todos os interessados no Pa\u00eds. &#8220;Com o programa de Gest\u00e3o de Pessoas, \u00a0pretendemos contribuir com o desenvolvimento pessoal e profissional dos brasileiros que desejam impulsionar a carreira no campo. Tudo isso alinhado aos objetivos das propriedades rurais. S\u00e3o v\u00e1rias tem\u00e1ticas quem permeiam a legisla\u00e7\u00e3o trabalhista, com vi\u00e9s motivacional e conhecimentos da \u00e1rea administrativa no setor agropecu\u00e1rio. E como os cursos s\u00e3o de curta dura\u00e7\u00e3o \u00e9 poss\u00edvel concluir num curto espa\u00e7o de tempo&#8221;, observa.<\/p>\n<p>\n\u00a0<\/p>\n<p>\nEla complementa que os cursos tem linguagem clara e objetiva. &#8220;Quando falamos de gest\u00e3o de pessoas existem diversos exemplos na \u00e1rea urbana, mas isso ainda \u00e9 novidade no campo. Um dos diferenciais dos cursos da Faculdade CNA \u00e9 proporcionar conhecimento voltado para a agropecu\u00e1ria brasileira, com a expertise da entidade que representa o setor no Brasil&#8221;, avalia Dyovanna.<\/p>\n<p>\n\u00a0<\/p>\n<p>\n<strong>Como participar <\/strong><\/p>\n<p>\n\u00a0<\/p>\n<p>\nOs interessados devem ter idade acima de 18 anos e poder\u00e3o fazer a matr\u00edcula em apenas um curso ou o programa completo, com os cinco cursos. O investimento para um curso \u00e9 de R$ 450,00 (quatrocentos e cinquenta reais). Para quem quiser investir no programa completo, h\u00e1 desconto de 20%. O valor total fica R$ R$1.800,00 (Mil e oitocentos reais), e pode ser dividido em at\u00e9 seis vezes no cart\u00e3o de cr\u00e9dito.<\/p>\n<p>\n\u00a0<\/p>\n<p>\nPessoas vinculadas ou indicadas pelo sistema sindical e funcion\u00e1rios do SENAR e federa\u00e7\u00f5es de agricultura e pecu\u00e1ria t\u00eam desconto de 15% para um curso, totalizando R$ 382,00 (trezentos e oitenta e dois reais) ou desconto de 35% para o programa completo de cinco cursos.\u00a0 Nesse caso, o investimento \u00e9 de R$1.462,50 (mil quatrocentos e sessenta e dois reais e cinquenta centavos).<\/p>\n<p>\n\u00a0<\/p>\n<p>\nPara efetivar a compra \u00e9 bem simples. O interessado deve realizar o cadastro no site, escolher o curso ou programa completo e adicionar ao carrinho. Para finalizar a compra, basta escolher a op\u00e7\u00e3o de pagamento via boleto ou cart\u00e3o de cr\u00e9dito nas bandeiras Visa, Diners, Elo, JCB, Hipercard, Mastercard, Discover, AMEX, Aura, Hiper. A compra pode ser dividida em at\u00e9 seis vezes.<\/p>\n<p>\n\u00a0<\/p>\n<p>\nAp\u00f3s a compensa\u00e7\u00e3o do pagamento, o aluno pode iniciar os estudos no Ambiente Virtual de Aprendizagem.<\/p>\n<p>\n\u00a0<\/p>\n<p>\nPara efetivar a matr\u00edcula, acesse: <a href=\"http:\/\/www.faculdadecna.com.br\/ead\/\">http:\/\/www.faculdadecna.com.br\/ead\/<\/a><\/p>\n<p>\n<span style=\"margin: 0px; padding: 0px; color: rgb(35, 31, 32); font-family: Tahoma, Geneva, sans-serif; font-size: 14px; line-height: 21px; text-align: justify;\">O Senar-MT faz parte de um conjunto de entidades que formam o Sistema Famato. Essas entidades d\u00e3o suporte para o desenvolvimento sustent\u00e1vel do agroneg\u00f3cio. \u00c9 formado ainda pela Famato, Imea e pelos 89 sindicatos rurais do Estado. O Senar est\u00e1 no Facebook e no Instagram. Curta a Fan Page\u00a0<\/span><a href=\"http:\/\/www.facebook.com\/SenarMt\" style=\"margin: 0px; padding: 0px; font-family: Tahoma, Geneva, sans-serif; font-size: 14px; line-height: 21px; text-align: justify;\">www.facebook.com\/SenarMt<\/a><span style=\"margin: 0px; padding: 0px; color: rgb(35, 31, 32); font-family: Tahoma, Geneva, sans-serif; font-size: 14px; line-height: 21px; text-align: justify;\">\u00a0e a conta @senar_mt.<\/span><\/p>\n","protected":false},"excerpt":{"rendered":"<p>Imagine realizar cursos de aperfei\u00e7oamento com a possibilidade de escolher o hor\u00e1rio e onde estudar. Isso j\u00e1 \u00e9 poss\u00edvel na Faculdade de Tecnologia CNA, institui\u00e7\u00e3o que tem a chancela da Confedera\u00e7\u00e3o da Agricultura e Pecu\u00e1ria do Brasil (CNA), entidade que representa cinco milh\u00f5es de produtores rurais brasileiros. Nessa quinta-feira (25\/08) a Faculdade CNA inicia o [&hellip;]<\/p>\n","protected":false},"author":1,"featured_media":2701,"comment_status":"open","ping_status":"open","sticky":false,"template":"","format":"standard","meta":{"advgb_blocks_editor_width":"","advgb_blocks_columns_visual_guide":"","footnotes":""},"categories":[1],"tags":[],"class_list":["post-9984","post","type-post","status-publish","format-standard","has-post-thumbnail","hentry","category-geral"],"acf":[],"author_meta":{"display_name":"siteadmin","author_link":"https:\/\/sistemafamato.org.br\/senarmt\/author\/siteadmin\/"},"featured_img":"https:\/\/sistemafamato.org.br\/senarmt\/wp-content\/uploads\/sites\/2\/2016\/08\/29082016024226-300x160.jpg","coauthors":[],"tax_additional":{"categories":{"linked":["<a href=\"https:\/\/sistemafamato.org.br\/senarmt\/category\/geral\/\" class=\"advgb-post-tax-term\">Geral<\/a>"],"unlinked":["<span class=\"advgb-post-tax-term\">Geral<\/span>"]}},"comment_count":"0","relative_dates":{"created":"Publicado 10 anos atr\u00e1s","modified":"Atualizado 10 anos atr\u00e1s"},"absolute_dates":{"created":"Publicado em 29 de agosto de 2016","modified":"Atualizado em 29 de agosto de 2016"},"absolute_dates_time":{"created":"Publicado em 29 de agosto de 2016 14:42","modified":"Atualizado em 29 de agosto de 2016 14:42"},"featured_img_caption":"","series_order":"","_links":{"self":[{"href":"https:\/\/sistemafamato.org.br\/senarmt\/wp-json\/wp\/v2\/posts\/9984","targetHints":{"allow":["GET"]}}],"collection":[{"href":"https:\/\/sistemafamato.org.br\/senarmt\/wp-json\/wp\/v2\/posts"}],"about":[{"href":"https:\/\/sistemafamato.org.br\/senarmt\/wp-json\/wp\/v2\/types\/post"}],"author":[{"embeddable":true,"href":"https:\/\/sistemafamato.org.br\/senarmt\/wp-json\/wp\/v2\/users\/1"}],"replies":[{"embeddable":true,"href":"https:\/\/sistemafamato.org.br\/senarmt\/wp-json\/wp\/v2\/comments?post=9984"}],"version-history":[{"count":0,"href":"https:\/\/sistemafamato.org.br\/senarmt\/wp-json\/wp\/v2\/posts\/9984\/revisions"}],"wp:featuredmedia":[{"embeddable":true,"href":"https:\/\/sistemafamato.org.br\/senarmt\/wp-json\/wp\/v2\/media\/2701"}],"wp:attachment":[{"href":"https:\/\/sistemafamato.org.br\/senarmt\/wp-json\/wp\/v2\/media?parent=9984"}],"wp:term":[{"taxonomy":"category","embeddable":true,"href":"https:\/\/sistemafamato.org.br\/senarmt\/wp-json\/wp\/v2\/categories?post=9984"},{"taxonomy":"post_tag","embeddable":true,"href":"https:\/\/sistemafamato.org.br\/senarmt\/wp-json\/wp\/v2\/tags?post=9984"}],"curies":[{"name":"wp","href":"https:\/\/api.w.org\/{rel}","templated":true}]}}