{"id":9981,"date":"2016-08-24T18:05:24","date_gmt":"2016-08-24T21:05:24","guid":{"rendered":"https:\/\/sistemafamato.org.br\/senarmt\/2016\/08\/24\/sao-felix-do-araguaia-fecha-programacao-de-seminarios-em-mato-grosso\/"},"modified":"2016-08-24T18:05:24","modified_gmt":"2016-08-24T21:05:24","slug":"sao-felix-do-araguaia-fecha-programacao-de-seminarios-em-mato-grosso","status":"publish","type":"post","link":"https:\/\/sistemafamato.org.br\/senarmt\/2016\/08\/24\/sao-felix-do-araguaia-fecha-programacao-de-seminarios-em-mato-grosso\/","title":{"rendered":"S\u00e3o F\u00e9lix do Araguaia fecha programa\u00e7\u00e3o de semin\u00e1rios em Mato Grosso"},"content":{"rendered":"<p style=\"text-align: justify;\">\nS\u00e3o F\u00e9lix do Araguaia foi o \u00faltimo munic\u00edpio mato-grossense a receber o semin\u00e1rio do Projeto de Recupera\u00e7\u00e3o de \u00c1reas Degradadas na Amaz\u00f4nia (PRADAM) em Mato Grosso. O evento aconteceu na segunda-feira (22.08) com a participa\u00e7\u00e3o de mais de noventa pessoas e abordou Recupera\u00e7\u00e3o de Pastagens no Plano da Agricultura de Baixa Emiss\u00e3o de Carbono (Plano ABC) e Sistemas Agroflorestais, com \u00eanfase no cacau e na seringueira.<\/p>\n<p style=\"text-align: justify;\">\n\u00a0<\/p>\n<p style=\"text-align: justify;\">\nO munic\u00edpio foi um dos escolhidos para o projeto em Mato Grosso por ter seu territ\u00f3rio dentro da Amaz\u00f4nia Legal e por estar situado em uma regi\u00e3o que passa pelo processo de transi\u00e7\u00e3o da pecu\u00e1ria de corte para a agricultura. Na safra 2015\/2016, a produ\u00e7\u00e3o de gr\u00e3os foi de aproximadamente 733 mil toneladas, enquanto que o rebanho bovino concentra 223 mil animais.<\/p>\n<p style=\"text-align: justify;\">\n\u00a0<\/p>\n<p style=\"text-align: justify;\">\nO PRADAM \u00e9 uma parceria entre o SENAR Brasil, a Organiza\u00e7\u00e3o das Na\u00e7\u00f5es Unidas para Alimenta\u00e7\u00e3o e Agricultura (FAO), o Minist\u00e9rio da Agricultura, Pecu\u00e1ria e Abastecimento (Mapa) e a Embrapa. O projeto faz parte de um Acordo de Coopera\u00e7\u00e3o com a FAO e tem por objetivo o fomento da tecnologia sustent\u00e1vel para a produ\u00e7\u00e3o agropecu\u00e1ria na Amaz\u00f4nia brasileira. Em Mato Grosso, o PRADAM conta com o apoio do SENAR-MT.<\/p>\n<p style=\"text-align: justify;\">\n\u00a0<\/p>\n<p style=\"text-align: justify;\">\nO assessor t\u00e9cnico do Departamento de Educa\u00e7\u00e3o Profissional e Promo\u00e7\u00e3o Social do SENAR Central, Mauro M\u00fczell, explica que o PRADAM est\u00e1 sendo realizado em seis estados situados no bioma da Amaz\u00f4nica (Mato Grosso, Acre, Amazonas, Maranh\u00e3o, Par\u00e1 e Rond\u00f4nia). &#8220;O objetivo \u00e9 difundir tecnologias e levar alternativas aos produtores rurais no seu processo produtivo. O projeto \u00e9 dividido em eventos de sensibiliza\u00e7\u00e3o, que s\u00e3o os semin\u00e1rios, e na capacita\u00e7\u00e3o de t\u00e9cnicos de assist\u00eancia t\u00e9cnica, para auxiliar os produtores neste processo. Nosso foco \u00e9 levar estas informa\u00e7\u00f5es para quem realmente precisa delas, que s\u00e3o os produtores rurais que est\u00e3o nos mais variados cantos do bioma Amaz\u00f4nico&#8221;.<\/p>\n<p style=\"text-align: justify;\">\n\u00a0<\/p>\n<p style=\"text-align: justify;\">\nO presidente do Sindicato Rural de S\u00e3o F\u00e9lix do Araguaia, Almir Assad, agradeceu a parceria com o SENAR e agradeceu pelo munic\u00edpio ter sido um dos escolhidos para sediar o semin\u00e1rio. &#8220;Para o produtor \u00e9 um grande desafio este processo de recupera\u00e7\u00e3o de pastagens e de tornar a propriedade mais produtiva, Nossa regi\u00e3o carece de informa\u00e7\u00f5es e eventos como este nos possibilitam esta troca de conhecimento&#8221;.<\/p>\n<p style=\"text-align: justify;\">\n\u00a0<\/p>\n<p style=\"text-align: justify;\">\nO gerente de Educa\u00e7\u00e3o Formal e Assist\u00eancia T\u00e9cnica do SENAR-MT, Armando Urenha, avaliou como bastante positiva a realiza\u00e7\u00e3o dos semin\u00e1rios do PRADAM em Mato Grosso, que aconteceram em Juara, Ga\u00facha do Norte, Confresa e S\u00e3o F\u00e9lix do Araguaia. &#8220;Foram quatro munic\u00edpios estrat\u00e9gicos, que passam pelo processo de transi\u00e7\u00e3o da pecu\u00e1ria para a agricultura e o que percebemos foi que os produtores est\u00e3o interessados em fazer uma produ\u00e7\u00e3o mais sustent\u00e1vel ecologicamente e ao mesmo tempo rent\u00e1vel financeiramente, mas muitas vezes esbarram na falta de conhecimento e assist\u00eancia e neste ponto, o projeto vem ao encontro destas necessidades&#8221;. \u00a0<\/p>\n<p style=\"text-align: justify;\">\n\u00a0<\/p>\n<p style=\"text-align: justify;\">\n<strong>A\u00e7\u00f5es &#8211;<\/strong> Al\u00e9m dos semin\u00e1rios, t\u00e9cnicos de assist\u00eancia t\u00e9cnica que atuar\u00e3o na aplica\u00e7\u00e3o das tecnologias de produ\u00e7\u00e3o sustent\u00e1vel difundidas pelo PRADAM estar\u00e3o prontos para atender os produtores rurais do bioma amaz\u00f4nico no final deste m\u00eas, ap\u00f3s passarem por capacita\u00e7\u00e3o na Embrapa Agrossilvipastoril, em Sinop.\u00a0<\/p>\n<p style=\"text-align: justify;\">\n\u00a0<\/p>\n<p style=\"text-align: justify;\">\nO Senar-MT faz parte de um conjunto de entidades que forma o Sistema Famato. Essas entidades d\u00e3o suporte para o desenvolvimento sustent\u00e1vel do agroneg\u00f3cio e representam os interesses dos produtores rurais do Estado. \u00c9 formado ainda pela Federa\u00e7\u00e3o da Agricultura e Pecu\u00e1ria do Estado de Mato Grosso (Famato), pelo Instituto Mato-Grossense de Economia Agropecu\u00e1ria (Imea) e pelos 90 Sindicatos Rurais do Estado. O Senar est\u00e1 no Twitter e no Facebook. Siga\u00a0<a href=\"https:\/\/twitter.com\/senar_mt\">@senar_mt<\/a>\u00a0e curta a Fan Page (<a href=\"http:\/\/www.facebook.com\/SenarMt\">www.facebook.com\/SenarMt<\/a>).<\/p>\n","protected":false},"excerpt":{"rendered":"<p>S\u00e3o F\u00e9lix do Araguaia foi o \u00faltimo munic\u00edpio mato-grossense a receber o semin\u00e1rio do Projeto de Recupera\u00e7\u00e3o de \u00c1reas Degradadas na Amaz\u00f4nia (PRADAM) em Mato Grosso. O evento aconteceu na segunda-feira (22.08) com a participa\u00e7\u00e3o de mais de noventa pessoas e abordou Recupera\u00e7\u00e3o de Pastagens no Plano da Agricultura de Baixa Emiss\u00e3o de Carbono (Plano [&hellip;]<\/p>\n","protected":false},"author":1,"featured_media":2695,"comment_status":"open","ping_status":"open","sticky":false,"template":"","format":"standard","meta":{"advgb_blocks_editor_width":"","advgb_blocks_columns_visual_guide":"","footnotes":""},"categories":[1],"tags":[],"class_list":["post-9981","post","type-post","status-publish","format-standard","has-post-thumbnail","hentry","category-geral"],"acf":[],"author_meta":{"display_name":"siteadmin","author_link":"https:\/\/sistemafamato.org.br\/senarmt\/author\/siteadmin\/"},"featured_img":"https:\/\/sistemafamato.org.br\/senarmt\/wp-content\/uploads\/sites\/2\/2016\/08\/24082016060514-300x200.jpg","coauthors":[],"tax_additional":{"categories":{"linked":["<a href=\"https:\/\/sistemafamato.org.br\/senarmt\/category\/geral\/\" class=\"advgb-post-tax-term\">Geral<\/a>"],"unlinked":["<span class=\"advgb-post-tax-term\">Geral<\/span>"]}},"comment_count":"0","relative_dates":{"created":"Publicado 10 anos atr\u00e1s","modified":"Atualizado 10 anos atr\u00e1s"},"absolute_dates":{"created":"Publicado em 24 de agosto de 2016","modified":"Atualizado em 24 de agosto de 2016"},"absolute_dates_time":{"created":"Publicado em 24 de agosto de 2016 18:05","modified":"Atualizado em 24 de agosto de 2016 18:05"},"featured_img_caption":"","series_order":"","_links":{"self":[{"href":"https:\/\/sistemafamato.org.br\/senarmt\/wp-json\/wp\/v2\/posts\/9981","targetHints":{"allow":["GET"]}}],"collection":[{"href":"https:\/\/sistemafamato.org.br\/senarmt\/wp-json\/wp\/v2\/posts"}],"about":[{"href":"https:\/\/sistemafamato.org.br\/senarmt\/wp-json\/wp\/v2\/types\/post"}],"author":[{"embeddable":true,"href":"https:\/\/sistemafamato.org.br\/senarmt\/wp-json\/wp\/v2\/users\/1"}],"replies":[{"embeddable":true,"href":"https:\/\/sistemafamato.org.br\/senarmt\/wp-json\/wp\/v2\/comments?post=9981"}],"version-history":[{"count":0,"href":"https:\/\/sistemafamato.org.br\/senarmt\/wp-json\/wp\/v2\/posts\/9981\/revisions"}],"wp:featuredmedia":[{"embeddable":true,"href":"https:\/\/sistemafamato.org.br\/senarmt\/wp-json\/wp\/v2\/media\/2695"}],"wp:attachment":[{"href":"https:\/\/sistemafamato.org.br\/senarmt\/wp-json\/wp\/v2\/media?parent=9981"}],"wp:term":[{"taxonomy":"category","embeddable":true,"href":"https:\/\/sistemafamato.org.br\/senarmt\/wp-json\/wp\/v2\/categories?post=9981"},{"taxonomy":"post_tag","embeddable":true,"href":"https:\/\/sistemafamato.org.br\/senarmt\/wp-json\/wp\/v2\/tags?post=9981"}],"curies":[{"name":"wp","href":"https:\/\/api.w.org\/{rel}","templated":true}]}}