{"id":9980,"date":"2016-08-24T11:26:49","date_gmt":"2016-08-24T14:26:49","guid":{"rendered":"https:\/\/sistemafamato.org.br\/senarmt\/2016\/08\/24\/castanheira-se-prepara-para-construir-nucleo-avancado-de-capacitacao\/"},"modified":"2016-08-24T11:26:49","modified_gmt":"2016-08-24T14:26:49","slug":"castanheira-se-prepara-para-construir-nucleo-avancado-de-capacitacao","status":"publish","type":"post","link":"https:\/\/sistemafamato.org.br\/senarmt\/2016\/08\/24\/castanheira-se-prepara-para-construir-nucleo-avancado-de-capacitacao\/","title":{"rendered":"Castanheira se prepara para construir N\u00facleo Avan\u00e7ado de Capacita\u00e7\u00e3o"},"content":{"rendered":"<p>\nO Sindicato Rural de Castanheira, no noroeste de Mato Grosso, est\u00e1 bem perto de ser um dos 20 do Estado que v\u00e3o inaugurar, at\u00e9 o final de 2016, um N\u00facleo Avan\u00e7ado de Capacita\u00e7\u00e3o (NAC). A presidente da entidade, Greicy Cordeiro da Silva, esteve em reuni\u00e3o, nesta semana, com o presidente do Sistema Famato\/SENAR-MT, Rui Prado, para acertar detalhes sobre o terreno onde pode ser constru\u00edda a unidade e j\u00e1 demonstrou a expectativa em rela\u00e7\u00e3o ao in\u00edcio das obras.<\/p>\n<p>\n\u00a0<\/p>\n<p>\n&#8220;A expectativa \u00e9 a melhor poss\u00edvel porque o NAC \u00e9 uma estrutura adequada para realiza\u00e7\u00e3o dos nossos treinamentos em parceria com o SENAR-MT. Por muitas vezes, o aproveitamento dos cursos n\u00e3o \u00e9 total em Castanheira justamente por falta de estrutura, de espa\u00e7o, por falta das instala\u00e7\u00f5es ideais. Com o N\u00facleo, n\u00e3o temos d\u00favida de que nossa demanda por cursos e nossas realiza\u00e7\u00f5es ser\u00e3o maiores&#8221;, comentou a presidente, depois da reuni\u00e3o na sede do Sistema.<\/p>\n<p>\n\u00a0<\/p>\n<p>\nO Sindicato de Castanheira est\u00e1 ligado \u00e0 Regional de Ju\u00edna, cidade que est\u00e1 a cerca de 40 quil\u00f4metros. A principal atividade da regi\u00e3o \u00e9 a pecu\u00e1ria. &#8220;Muitos produtores t\u00eam vontade de solicitar os cursos, mas, por n\u00e3o disporem do local mais apropriado, deixam de fazer. Isso vai mudar&#8221;, previu Greicy.<\/p>\n<p>\n\u00a0<\/p>\n<p>\nConforme o presidente Rui Prado, a equipe do SENAR-MT n\u00e3o medir\u00e1 esfor\u00e7os para concluir os N\u00facleos Avan\u00e7ados previstos. Alguns outros a serem entregues estar\u00e3o em Comodoro, Brasnorte, Parana\u00edta, Carlinda, Ipiranga do Norte, Paranatinga, Campin\u00e1polis, Tabapor\u00e3, Sapezal, Campos de J\u00falio, Ribeir\u00e3o Cascalheira e Quer\u00eancia.<\/p>\n<p>\n\u00a0<\/p>\n<p>\n&#8220;Fa\u00e7o esse an\u00fancio com muito otimismo de que at\u00e9 o fim do ano, vamos inaugurar mais 20 NACs, essas estruturas adequadas para oferecer as melhores instala\u00e7\u00f5es nos cursos e qualifica\u00e7\u00f5es do SENAR-MT em parceria com os Sindicatos Rurais&#8221;, comentou Prado.<\/p>\n<p>\n\u00a0<\/p>\n<p>\nA \u00faltima unidade entregue em Mato Grosso foi o NAC de Ju\u00edna, localizado ao lado do Parque de Exposi\u00e7\u00f5es da cidade. Tamb\u00e9m foi inaugurada em 2016 a unidade de Cortrigua\u00e7u. Outros cinco em funcionamento est\u00e3o em Tangar\u00e1 da Serra, Barra do Bugres, S\u00e3o Jos\u00e9 dos Quatro marcos, C\u00e1ceres e Primavera do Leste. Os N\u00facleos s\u00e3o equipados com cozinhas, salas de aula e todas as ferramentas necess\u00e1rias para os treinamentos ofertados pelo SENAR-MT.<\/p>\n<p>\n\u00a0<\/p>\n<p>\nO Senar-MT faz parte de um conjunto de entidades que formam o Sistema Famato. Essas entidades d\u00e3o suporte para o desenvolvimento sustent\u00e1vel do agroneg\u00f3cio e representam os interesses dos produtores rurais do Estado. \u00c9 formado ainda pela Famato, Imea e pelos 89 sindicatos rurais do Estado.<\/p>\n","protected":false},"excerpt":{"rendered":"<p>O Sindicato Rural de Castanheira, no noroeste de Mato Grosso, est\u00e1 bem perto de ser um dos 20 do Estado que v\u00e3o inaugurar, at\u00e9 o final de 2016, um N\u00facleo Avan\u00e7ado de Capacita\u00e7\u00e3o (NAC). A presidente da entidade, Greicy Cordeiro da Silva, esteve em reuni\u00e3o, nesta semana, com o presidente do Sistema Famato\/SENAR-MT, Rui Prado, [&hellip;]<\/p>\n","protected":false},"author":1,"featured_media":2693,"comment_status":"open","ping_status":"open","sticky":false,"template":"","format":"standard","meta":{"advgb_blocks_editor_width":"","advgb_blocks_columns_visual_guide":"","footnotes":""},"categories":[1],"tags":[],"class_list":["post-9980","post","type-post","status-publish","format-standard","has-post-thumbnail","hentry","category-geral"],"acf":[],"author_meta":{"display_name":"siteadmin","author_link":"https:\/\/sistemafamato.org.br\/senarmt\/author\/siteadmin\/"},"featured_img":"https:\/\/sistemafamato.org.br\/senarmt\/wp-content\/uploads\/sites\/2\/2016\/08\/24082016112637-300x169.jpg","coauthors":[],"tax_additional":{"categories":{"linked":["<a href=\"https:\/\/sistemafamato.org.br\/senarmt\/category\/geral\/\" class=\"advgb-post-tax-term\">Geral<\/a>"],"unlinked":["<span class=\"advgb-post-tax-term\">Geral<\/span>"]}},"comment_count":"0","relative_dates":{"created":"Publicado 10 anos atr\u00e1s","modified":"Atualizado 10 anos atr\u00e1s"},"absolute_dates":{"created":"Publicado em 24 de agosto de 2016","modified":"Atualizado em 24 de agosto de 2016"},"absolute_dates_time":{"created":"Publicado em 24 de agosto de 2016 11:26","modified":"Atualizado em 24 de agosto de 2016 11:26"},"featured_img_caption":"","series_order":"","_links":{"self":[{"href":"https:\/\/sistemafamato.org.br\/senarmt\/wp-json\/wp\/v2\/posts\/9980","targetHints":{"allow":["GET"]}}],"collection":[{"href":"https:\/\/sistemafamato.org.br\/senarmt\/wp-json\/wp\/v2\/posts"}],"about":[{"href":"https:\/\/sistemafamato.org.br\/senarmt\/wp-json\/wp\/v2\/types\/post"}],"author":[{"embeddable":true,"href":"https:\/\/sistemafamato.org.br\/senarmt\/wp-json\/wp\/v2\/users\/1"}],"replies":[{"embeddable":true,"href":"https:\/\/sistemafamato.org.br\/senarmt\/wp-json\/wp\/v2\/comments?post=9980"}],"version-history":[{"count":0,"href":"https:\/\/sistemafamato.org.br\/senarmt\/wp-json\/wp\/v2\/posts\/9980\/revisions"}],"wp:featuredmedia":[{"embeddable":true,"href":"https:\/\/sistemafamato.org.br\/senarmt\/wp-json\/wp\/v2\/media\/2693"}],"wp:attachment":[{"href":"https:\/\/sistemafamato.org.br\/senarmt\/wp-json\/wp\/v2\/media?parent=9980"}],"wp:term":[{"taxonomy":"category","embeddable":true,"href":"https:\/\/sistemafamato.org.br\/senarmt\/wp-json\/wp\/v2\/categories?post=9980"},{"taxonomy":"post_tag","embeddable":true,"href":"https:\/\/sistemafamato.org.br\/senarmt\/wp-json\/wp\/v2\/tags?post=9980"}],"curies":[{"name":"wp","href":"https:\/\/api.w.org\/{rel}","templated":true}]}}