{"id":9978,"date":"2016-08-22T17:40:30","date_gmt":"2016-08-22T20:40:30","guid":{"rendered":"https:\/\/sistemafamato.org.br\/senarmt\/2016\/08\/22\/seminario-leva-conhecimento-sobre-manejo-e-sistemas-agroflorestais-para-confresa\/"},"modified":"2016-08-22T17:40:30","modified_gmt":"2016-08-22T20:40:30","slug":"seminario-leva-conhecimento-sobre-manejo-e-sistemas-agroflorestais-para-confresa","status":"publish","type":"post","link":"https:\/\/sistemafamato.org.br\/senarmt\/2016\/08\/22\/seminario-leva-conhecimento-sobre-manejo-e-sistemas-agroflorestais-para-confresa\/","title":{"rendered":"Semin\u00e1rio leva conhecimento sobre manejo e sistemas agroflorestais para Confresa"},"content":{"rendered":"<p>\nConfresa recebeu o terceiro semin\u00e1rio em Mato Grosso do Projeto de Recupera\u00e7\u00e3o de \u00c1reas Degradadas na Amaz\u00f4nia (PRADAM), no s\u00e1bado (20.08). O munic\u00edpio possui uma \u00e1rea total de cerca de 583 mil hectares, sendo que 564 mil ha s\u00e3o considerados Amaz\u00f4nia Legal. A produ\u00e7\u00e3o de gr\u00e3os na safra 2015\/2016 foi de aproximadamente 47 mil toneladas, mas o destaque na regi\u00e3o \u00e9 a bovinocultura de corte, com um rebanho de 400 mil animais.<\/p>\n<p>\n\u00a0<\/p>\n<p>\nOs temas abordados em Confresa foram Recupera\u00e7\u00e3o de Pastagens no Plano da Agricultura de Baixa Emiss\u00e3o de Carbono (Plano ABC) e Sistemas Agroflorestais, com \u00eanfase no cacau e na seringueira.<\/p>\n<p>\n\u00a0<\/p>\n<p>\nVale pontuar que a regi\u00e3o Centro-Oeste concentra 30 milh\u00f5es de hectares de pastagens degradas, sendo que 25 milh\u00f5es de ha est\u00e3o em Mato Grosso. O Governo Federal, por meio do Plano ABC tra\u00e7ou a estrat\u00e9gia de recuperar, at\u00e9 2020, 15 milh\u00f5es de ha em todo o pa\u00eds, por meio de manejo adequado. Para incentivar os produtores, existe uma linha de cr\u00e9dito espec\u00edfica para investimentos nesta \u00e1rea. Para a safra 2016\/2017 est\u00e3o sendo disponibilizados R$ 2,9 bilh\u00f5es para projetos de recupera\u00e7\u00e3o de pastagens.<\/p>\n<p>\n\u00a0<\/p>\n<p>\nPresente no evento, o presidente do Sindicato Rural de Porto Alegre do Norte, distante 30 quil\u00f4metros de Confresa, Marcelo Gon\u00e7alves, destacou que a regi\u00e3o est\u00e1 iniciando o processo de transi\u00e7\u00e3o da pecu\u00e1ria para a agricultura e por isso iniciativas como a do PRADAM s\u00e3o importantes para levar informa\u00e7\u00f5es e motivar os produtores, tanto pequenos quanto m\u00e9dios e grandes. &#8220;S\u00e3o tecnologias que o produtor tem condi\u00e7\u00e3o de adotar, mas que muitas vezes ainda n\u00e3o tem o conhecimento&#8221;.<\/p>\n<p>\n\u00a0<\/p>\n<p>\nO gerente de Educa\u00e7\u00e3o Formal e Assist\u00eancia T\u00e9cnica do SENAR-MT, Armando Urenha, pontuou que os semin\u00e1rios s\u00e3o a primeira etapa do PRADAM, que tamb\u00e9m est\u00e1 formando t\u00e9cnicos de assist\u00eancia t\u00e9cnica que atuar\u00e3o na aplica\u00e7\u00e3o das tecnologias de produ\u00e7\u00e3o sustent\u00e1vel difundidas pelo projeto. &#8220;Sabemos que al\u00e9m da sensibiliza\u00e7\u00e3o e da capacita\u00e7\u00e3o dos produtores, a assist\u00eancia t\u00e9cnica \u00e9 essencial para o sucesso destas tecnologias&#8221;.<\/p>\n<p>\n\u00a0<\/p>\n<p>\n<strong>Projeto &#8211;<\/strong> O PRADAM \u00e9 uma parceria entre o SENAR Brasil, a Organiza\u00e7\u00e3o das Na\u00e7\u00f5es Unidas para Alimenta\u00e7\u00e3o e Agricultura (FAO), o Minist\u00e9rio da Agricultura, Pecu\u00e1ria e Abastecimento (Mapa) e a Embrapa. O projeto faz parte de um Acordo de Coopera\u00e7\u00e3o com a FAO e tem por objetivo o fomento da tecnologia sustent\u00e1vel para a produ\u00e7\u00e3o agropecu\u00e1ria na Amaz\u00f4nia brasileira. Em Mato Grosso, o PRADAM conta com o apoio do SENAR-MT.<\/p>\n<p>\n\u00a0<\/p>\n<p>\nAl\u00e9m de Mato Grosso, os semin\u00e1rios est\u00e3o sendo realizados nos estados do Acre, Amazonas, Maranh\u00e3o, Par\u00e1 e Rond\u00f4nia. No Estado, os eventos aconteceram tamb\u00e9m em Juara e Ga\u00facha do Norte.<\/p>\n<p>\n\u00a0<\/p>\n<p>\nO \u00faltimo semin\u00e1rio em Mato Grosso acontece nesta segunda-feira (22.08) a partir das 18h30, em S\u00e3o F\u00e9lix do Araguaia.<\/p>\n<p>\n\u00a0<\/p>\n<p>\n\u00a0<\/p>\n<p>\n<strong>Dia 22\/8 \u2013 S\u00e3o F\u00e9lix do Araguaia<\/strong><\/p>\n<p>\n\u00a0<\/p>\n<p>\n18:30 &#8211; Credenciamento<\/p>\n<p>\n19:00 &#8211; Abertura com representantes do SENAR-MT<\/p>\n<p>\n19:30 &#8211; Palestra sobre Recupera\u00e7\u00e3o de Pastagens no Plano da Agricultura de Baixa Emiss\u00e3o de Carbono &#8211;\u00a0 Cleomar Costa\/ Mapa-MT<\/p>\n<p>\n20:30 &#8211; Coffee Break<\/p>\n<p>\n21:00 &#8211; Palestra sobre Sistemas Agroflorestais &#8211; Fernando Oliveira da Silva\/ Ceplac-MT<\/p>\n<p>\n22:00 &#8211; Questionamentos<\/p>\n<p>\n22:30 &#8211; Encerramento<\/p>\n<p>\n\u00a0<\/p>\n<p>\n<span style=\"color: rgb(35, 31, 32); font-family: Tahoma, Geneva, sans-serif; line-height: 18px; text-align: justify;\">O Senar-MT faz parte de um conjunto de entidades que forma o Sistema Famato. Essas entidades d\u00e3o suporte para o desenvolvimento sustent\u00e1vel do agroneg\u00f3cio e representam os interesses dos produtores rurais do Estado. \u00c9 formado ainda pela Federa\u00e7\u00e3o da Agricultura e Pecu\u00e1ria do Estado de Mato Grosso (Famato), pelo Instituto Mato-Grossense de Economia Agropecu\u00e1ria (Imea) e pelos 90 Sindicatos Rurais do Estado. O Senar est\u00e1 no Twitter e no Facebook. Siga\u00a0<\/span><a href=\"https:\/\/twitter.com\/senar_mt\" style=\"margin: 0px; padding: 0px; font-family: Tahoma, Geneva, sans-serif; line-height: 18px; text-align: justify;\">@senar_mt<\/a><span style=\"color: rgb(35, 31, 32); font-family: Tahoma, Geneva, sans-serif; line-height: 18px; text-align: justify;\">\u00a0e curta a Fan Page (<\/span><a href=\"http:\/\/www.facebook.com\/SenarMt\" style=\"margin: 0px; padding: 0px; font-family: Tahoma, Geneva, sans-serif; line-height: 18px; text-align: justify;\">www.facebook.com\/SenarMt<\/a><span style=\"color: rgb(35, 31, 32); font-family: Tahoma, Geneva, sans-serif; line-height: 18px; text-align: justify;\">).<\/span><\/p>\n","protected":false},"excerpt":{"rendered":"<p>Confresa recebeu o terceiro semin\u00e1rio em Mato Grosso do Projeto de Recupera\u00e7\u00e3o de \u00c1reas Degradadas na Amaz\u00f4nia (PRADAM), no s\u00e1bado (20.08). O munic\u00edpio possui uma \u00e1rea total de cerca de 583 mil hectares, sendo que 564 mil ha s\u00e3o considerados Amaz\u00f4nia Legal. A produ\u00e7\u00e3o de gr\u00e3os na safra 2015\/2016 foi de aproximadamente 47 mil toneladas, [&hellip;]<\/p>\n","protected":false},"author":1,"featured_media":2689,"comment_status":"open","ping_status":"open","sticky":false,"template":"","format":"standard","meta":{"advgb_blocks_editor_width":"","advgb_blocks_columns_visual_guide":"","footnotes":""},"categories":[1],"tags":[],"class_list":["post-9978","post","type-post","status-publish","format-standard","has-post-thumbnail","hentry","category-geral"],"acf":[],"author_meta":{"display_name":"siteadmin","author_link":"https:\/\/sistemafamato.org.br\/senarmt\/author\/siteadmin\/"},"featured_img":"https:\/\/sistemafamato.org.br\/senarmt\/wp-content\/uploads\/sites\/2\/2016\/08\/22082016054020-300x200.jpg","coauthors":[],"tax_additional":{"categories":{"linked":["<a href=\"https:\/\/sistemafamato.org.br\/senarmt\/category\/geral\/\" class=\"advgb-post-tax-term\">Geral<\/a>"],"unlinked":["<span class=\"advgb-post-tax-term\">Geral<\/span>"]}},"comment_count":"0","relative_dates":{"created":"Publicado 10 anos atr\u00e1s","modified":"Atualizado 10 anos atr\u00e1s"},"absolute_dates":{"created":"Publicado em 22 de agosto de 2016","modified":"Atualizado em 22 de agosto de 2016"},"absolute_dates_time":{"created":"Publicado em 22 de agosto de 2016 17:40","modified":"Atualizado em 22 de agosto de 2016 17:40"},"featured_img_caption":"","series_order":"","_links":{"self":[{"href":"https:\/\/sistemafamato.org.br\/senarmt\/wp-json\/wp\/v2\/posts\/9978","targetHints":{"allow":["GET"]}}],"collection":[{"href":"https:\/\/sistemafamato.org.br\/senarmt\/wp-json\/wp\/v2\/posts"}],"about":[{"href":"https:\/\/sistemafamato.org.br\/senarmt\/wp-json\/wp\/v2\/types\/post"}],"author":[{"embeddable":true,"href":"https:\/\/sistemafamato.org.br\/senarmt\/wp-json\/wp\/v2\/users\/1"}],"replies":[{"embeddable":true,"href":"https:\/\/sistemafamato.org.br\/senarmt\/wp-json\/wp\/v2\/comments?post=9978"}],"version-history":[{"count":0,"href":"https:\/\/sistemafamato.org.br\/senarmt\/wp-json\/wp\/v2\/posts\/9978\/revisions"}],"wp:featuredmedia":[{"embeddable":true,"href":"https:\/\/sistemafamato.org.br\/senarmt\/wp-json\/wp\/v2\/media\/2689"}],"wp:attachment":[{"href":"https:\/\/sistemafamato.org.br\/senarmt\/wp-json\/wp\/v2\/media?parent=9978"}],"wp:term":[{"taxonomy":"category","embeddable":true,"href":"https:\/\/sistemafamato.org.br\/senarmt\/wp-json\/wp\/v2\/categories?post=9978"},{"taxonomy":"post_tag","embeddable":true,"href":"https:\/\/sistemafamato.org.br\/senarmt\/wp-json\/wp\/v2\/tags?post=9978"}],"curies":[{"name":"wp","href":"https:\/\/api.w.org\/{rel}","templated":true}]}}