{"id":9974,"date":"2016-08-17T17:28:55","date_gmt":"2016-08-17T20:28:55","guid":{"rendered":"https:\/\/sistemafamato.org.br\/senarmt\/2016\/08\/17\/uso-acertado-de-tecnologia-e-a-saida-para-o-desafio-de-ampliar-a-producao-mato-grossense\/"},"modified":"2016-08-17T17:28:55","modified_gmt":"2016-08-17T20:28:55","slug":"uso-acertado-de-tecnologia-e-a-saida-para-o-desafio-de-ampliar-a-producao-mato-grossense","status":"publish","type":"post","link":"https:\/\/sistemafamato.org.br\/senarmt\/2016\/08\/17\/uso-acertado-de-tecnologia-e-a-saida-para-o-desafio-de-ampliar-a-producao-mato-grossense\/","title":{"rendered":"Uso acertado de tecnologia \u00e9 a sa\u00edda para o desafio de ampliar a produ\u00e7\u00e3o mato-grossense"},"content":{"rendered":"<div>\n&#8220;N\u00f3s estamos pregui\u00e7osos. Temos toda a informa\u00e7\u00e3o ao nosso dispor mas n\u00e3o aproveitamos&#8221;. Essa provoca\u00e7\u00e3o vem sendo feita durante todo o Circuito Aprosoja pelo conselheiro do Servi\u00e7o Nacional de Aprendizagem Rural de Mato Grosso (SENAR-MT), Glauber Silveira. Agricultor, agr\u00f4nomo e representante classista, Glauber deixa claro em sua palestra: a era da agrointelig\u00eancia chegou para ficar.\u00a0<\/div>\n<div>\n\u00a0<\/div>\n<div>\nA partir de dados sobre a demanda mundial por alimentos, ele mostra o papel estrat\u00e9gico que os agricultores mato-grossense podem desempenhar em futuro bem pr\u00f3ximo. Desde que adotem, desde j\u00e1, toda a tecnologia e gest\u00e3o dispon\u00edveis. &#8220;H\u00e1 15 anos, a produtividade m\u00e9dia de soja vem se mantendo no patamar de 50 sacas\/hectare. Alguma coisa estamos fazendo de errado&#8221;, alerta Glauber, ex-presidente da Associa\u00e7\u00e3o dos Produtores de Soja e Milho de Mato Grosso (Aprosoja) e da Aprosoja Brasil.\u00a0<\/div>\n<div>\n\u00a0<\/div>\n<div>\nDe acordo com a Organiza\u00e7\u00e3o das Na\u00e7\u00f5es Unidas (ONU), a demanda por alimentos vai aumentar 70% at\u00e9 2050, e a participa\u00e7\u00e3o de Mato Grosso pode fazer a diferen\u00e7a. &#8220;O mundo espera que nosso estado responda por 40% desse incremento. \u00c9 um grande desafio, mas tamb\u00e9m uma grande oportunidade. O que falta \u00e9 tecnologia&#8221;, afirma.\u00a0<\/div>\n<div>\n\u00a0<\/div>\n<div>\nAfinal, para atender a essa demanda, da m\u00e9dia atual de 50 sc\/ha, ser\u00e1 preciso alcan\u00e7ar um patamar de 75 sc\/ha a 80 sc\/ha. E, segundo os dados apresentados por Glauber, isso s\u00f3 ser\u00e1 poss\u00edvel com a intensifica\u00e7\u00e3o da pecu\u00e1ria mato-grossense, de forma a abrir espa\u00e7o para a agricultura.<\/div>\n<div>\n\u00a0<\/div>\n<div>\nHoje, 37% do territ\u00f3rio mato-grossense \u00e9 ocupado pela agropecu\u00e1ria, sendo 11% com a produ\u00e7\u00e3o agr\u00edcola e 26% com pastagens para o gado. No cen\u00e1rio desenhado pelo conselheiro do Senar-MT, as \u00e1reas agr\u00edcolas chegariam a 28% do estado, e a pecu\u00e1ria ocuparia 9%. &#8220;Assim, ter\u00edamos uma amplia\u00e7\u00e3o de produ\u00e7\u00e3o nas duas atividades, uma vez que a pecu\u00e1ria intensiva \u00e9 mais produtiva que a extensiva. E, o melhor: sem a abertura de novas \u00e1reas&#8221;, pondera Glauber.<\/div>\n<div>\n\u00a0<\/div>\n<div>\nO SENAR-MT realiza, ao lado da Aprosoja, a 11\u00aa edi\u00e7\u00e3o do Circuito Aprosoja. Nesta semana, o evento ser\u00e1 encerrado ap\u00f3s passar pela regi\u00e3o Leste. Com o desafio de identificar as oportunidades que a crise atual pode apresentar para o produtor, o evento conta tamb\u00e9m com uma palestra institucional do presidente da Aprosoja, Endrigo Dalcin. Al\u00e9m disso, o consultor Fernando Pimentel aborda o cen\u00e1rio macroecon\u00f4mico e as potencialidades em meio \u00e0 crise.\u00a0<\/div>\n<div>\n\u00a0<\/div>\n","protected":false},"excerpt":{"rendered":"<p>&#8220;N\u00f3s estamos pregui\u00e7osos. Temos toda a informa\u00e7\u00e3o ao nosso dispor mas n\u00e3o aproveitamos&#8221;. Essa provoca\u00e7\u00e3o vem sendo feita durante todo o Circuito Aprosoja pelo conselheiro do Servi\u00e7o Nacional de Aprendizagem Rural de Mato Grosso (SENAR-MT), Glauber Silveira. Agricultor, agr\u00f4nomo e representante classista, Glauber deixa claro em sua palestra: a era da agrointelig\u00eancia chegou para ficar.\u00a0 [&hellip;]<\/p>\n","protected":false},"author":1,"featured_media":2681,"comment_status":"open","ping_status":"open","sticky":false,"template":"","format":"standard","meta":{"advgb_blocks_editor_width":"","advgb_blocks_columns_visual_guide":"","footnotes":""},"categories":[1],"tags":[],"class_list":["post-9974","post","type-post","status-publish","format-standard","has-post-thumbnail","hentry","category-geral"],"acf":[],"author_meta":{"display_name":"siteadmin","author_link":"https:\/\/sistemafamato.org.br\/senarmt\/author\/siteadmin\/"},"featured_img":"https:\/\/sistemafamato.org.br\/senarmt\/wp-content\/uploads\/sites\/2\/2016\/08\/17082016052838-300x275.jpg","coauthors":[],"tax_additional":{"categories":{"linked":["<a href=\"https:\/\/sistemafamato.org.br\/senarmt\/category\/geral\/\" class=\"advgb-post-tax-term\">Geral<\/a>"],"unlinked":["<span class=\"advgb-post-tax-term\">Geral<\/span>"]}},"comment_count":"0","relative_dates":{"created":"Publicado 10 anos atr\u00e1s","modified":"Atualizado 10 anos atr\u00e1s"},"absolute_dates":{"created":"Publicado em 17 de agosto de 2016","modified":"Atualizado em 17 de agosto de 2016"},"absolute_dates_time":{"created":"Publicado em 17 de agosto de 2016 17:28","modified":"Atualizado em 17 de agosto de 2016 17:28"},"featured_img_caption":"","series_order":"","_links":{"self":[{"href":"https:\/\/sistemafamato.org.br\/senarmt\/wp-json\/wp\/v2\/posts\/9974","targetHints":{"allow":["GET"]}}],"collection":[{"href":"https:\/\/sistemafamato.org.br\/senarmt\/wp-json\/wp\/v2\/posts"}],"about":[{"href":"https:\/\/sistemafamato.org.br\/senarmt\/wp-json\/wp\/v2\/types\/post"}],"author":[{"embeddable":true,"href":"https:\/\/sistemafamato.org.br\/senarmt\/wp-json\/wp\/v2\/users\/1"}],"replies":[{"embeddable":true,"href":"https:\/\/sistemafamato.org.br\/senarmt\/wp-json\/wp\/v2\/comments?post=9974"}],"version-history":[{"count":0,"href":"https:\/\/sistemafamato.org.br\/senarmt\/wp-json\/wp\/v2\/posts\/9974\/revisions"}],"wp:featuredmedia":[{"embeddable":true,"href":"https:\/\/sistemafamato.org.br\/senarmt\/wp-json\/wp\/v2\/media\/2681"}],"wp:attachment":[{"href":"https:\/\/sistemafamato.org.br\/senarmt\/wp-json\/wp\/v2\/media?parent=9974"}],"wp:term":[{"taxonomy":"category","embeddable":true,"href":"https:\/\/sistemafamato.org.br\/senarmt\/wp-json\/wp\/v2\/categories?post=9974"},{"taxonomy":"post_tag","embeddable":true,"href":"https:\/\/sistemafamato.org.br\/senarmt\/wp-json\/wp\/v2\/tags?post=9974"}],"curies":[{"name":"wp","href":"https:\/\/api.w.org\/{rel}","templated":true}]}}