{"id":9972,"date":"2016-08-17T16:17:55","date_gmt":"2016-08-17T19:17:55","guid":{"rendered":"https:\/\/sistemafamato.org.br\/senarmt\/2016\/08\/17\/senar-e-embrapa-capacitam-tecnicos-para-atuar-no-pradam\/"},"modified":"2016-08-17T16:17:55","modified_gmt":"2016-08-17T19:17:55","slug":"senar-e-embrapa-capacitam-tecnicos-para-atuar-no-pradam","status":"publish","type":"post","link":"https:\/\/sistemafamato.org.br\/senarmt\/2016\/08\/17\/senar-e-embrapa-capacitam-tecnicos-para-atuar-no-pradam\/","title":{"rendered":"SENAR e Embrapa capacitam t\u00e9cnicos para atuar no PRADAM"},"content":{"rendered":"<p>\nOs t\u00e9cnicos de assist\u00eancia t\u00e9cnica que atuar\u00e3o na aplica\u00e7\u00e3o das tecnologias de produ\u00e7\u00e3o sustent\u00e1vel difundidas pelo Projeto de Recupera\u00e7\u00e3o de \u00c1reas Degradadas na Amaz\u00f4nia (PRADAM) estar\u00e3o prontos para atender os produtores rurais do bioma amaz\u00f4nico no final deste m\u00eas. Desde esta segunda-feira (15\/8), um grupo formado por 37 profissionais dos seis estados que integram a iniciativa &#8211; Acre, Amazonas, Mato Grosso, Maranh\u00e3o, Par\u00e1 e Rond\u00f4nia &#8211; est\u00e3o participando do segundo m\u00f3dulo da capacita\u00e7\u00e3o prevista.<\/p>\n<p>\n\u00a0<\/p>\n<p>\nO treinamento acontece na sede da Embrapa Agrossilvipastoril, em Sinop (MT), e tem como foco a parte tecnol\u00f3gica do projeto. Antes, no per\u00edodo de 11 a 21 de julho, os mesmos t\u00e9cnicos haviam participado do m\u00f3dulo metodol\u00f3gico e gerencial, coordenado pelo SENAR.\u00a0 Ao todo, a programa\u00e7\u00e3o prev\u00ea uma carga hor\u00e1ria de 160 horas\/aula. O PRADAM \u00e9 uma parceria entre o Servi\u00e7o Nacional de Aprendizagem Rural (SENAR Brasil), a Organiza\u00e7\u00e3o das Na\u00e7\u00f5es Unidas para Alimenta\u00e7\u00e3o e Agricultura (FAO), o Minist\u00e9rio da Agricultura, Pecu\u00e1ria e Abastecimento (Mapa) e a Embrapa.<\/p>\n<p>\n\u00a0<\/p>\n<p>\nNessa etapa, est\u00e3o previstas in\u00fameras palestras com pesquisadores da Embrapa sobre as quatro tecnologias disseminadas pelo projeto: Recupera\u00e7\u00e3o de Pastagens Degradadas, Integra\u00e7\u00e3o Lavoura-Pecu\u00e1ria-Floresta (iLPF), Sistema Plantio Direto (SPD), Florestas Plantadas e Sistemas Agroflorestais (SAFs). Um dos destaques das atividades ser\u00e1 um Dia de Campo, no dia 23\/8, onde os participantes poder\u00e3o conhecer \u00e1reas experimentais com as pr\u00e1ticas aplicadas.<\/p>\n<p>\n\u00a0<\/p>\n<p>\nDe acordo com a assessora t\u00e9cnica do Departamento de Educa\u00e7\u00e3o Profissional e Promo\u00e7\u00e3o Social (DEPPS) do SENAR, Leilane Lopes Oliveira, que est\u00e1 acompanhando a capacita\u00e7\u00e3o, o segundo m\u00f3dulo complementa o conte\u00fado gerencial abordado anteriormente com um enfoque direcionado para o dia-a-dia dos t\u00e9cnicos de campo. \u201cEles est\u00e3o elogiando muito, pois essa etapa fala da rotina deles como prestadores de assist\u00eancia t\u00e9cnica. Dizem que o treinamento \u00e9 de uma riqueza extraordin\u00e1ria e que eles poder\u00e3o aproveitar muito o que est\u00e3o aprendendo aqui l\u00e1 fora\u201d, observa.<\/p>\n<p>\n\u00a0<\/p>\n<p>\nA opini\u00e3o \u00e9 refor\u00e7ada pelo participante Carlos Modestino Cavalcante da Silva, do Amazonas. \u201cEst\u00e1 sendo muito proveitoso, principalmente para n\u00f3s do Amazonas, que ficamos distantes dos grandes centros e das informa\u00e7\u00f5es reais. As palestras s\u00e3o important\u00edssimas para a nossa regi\u00e3o amaz\u00f4nica e tenho certeza que vamos colocar em pr\u00e1tica no nosso retorno\u201d, declara ele.<\/p>\n<p>\n\u00a0<\/p>\n<p>\nA partir desta quarta-feira (17\/8), no munic\u00edpio de Juara, tamb\u00e9m come\u00e7a uma s\u00e9rie de quatro semin\u00e1rios do PRADAM no estado. Os outros tr\u00eas acontecer\u00e3o em Ga\u00facha do Norte (18\/8), Confresa (20\/8) e S\u00e3o F\u00e9lix do Araguaia (22\/8). Em Rond\u00f4nia, ocorrer\u00e1 um semin\u00e1rio no munic\u00edpio de Vilhena (19\/8) e um Dia de Campo, em Porto Velho (25 e 26 de agosto)<\/p>\n","protected":false},"excerpt":{"rendered":"<p>Os t\u00e9cnicos de assist\u00eancia t\u00e9cnica que atuar\u00e3o na aplica\u00e7\u00e3o das tecnologias de produ\u00e7\u00e3o sustent\u00e1vel difundidas pelo Projeto de Recupera\u00e7\u00e3o de \u00c1reas Degradadas na Amaz\u00f4nia (PRADAM) estar\u00e3o prontos para atender os produtores rurais do bioma amaz\u00f4nico no final deste m\u00eas. Desde esta segunda-feira (15\/8), um grupo formado por 37 profissionais dos seis estados que integram a [&hellip;]<\/p>\n","protected":false},"author":1,"featured_media":2677,"comment_status":"open","ping_status":"open","sticky":false,"template":"","format":"standard","meta":{"advgb_blocks_editor_width":"","advgb_blocks_columns_visual_guide":"","footnotes":""},"categories":[1],"tags":[],"class_list":["post-9972","post","type-post","status-publish","format-standard","has-post-thumbnail","hentry","category-geral"],"acf":[],"author_meta":{"display_name":"siteadmin","author_link":"https:\/\/sistemafamato.org.br\/senarmt\/author\/siteadmin\/"},"featured_img":"https:\/\/sistemafamato.org.br\/senarmt\/wp-content\/uploads\/sites\/2\/2016\/08\/17082016041745-300x200.jpg","coauthors":[],"tax_additional":{"categories":{"linked":["<a href=\"https:\/\/sistemafamato.org.br\/senarmt\/category\/geral\/\" class=\"advgb-post-tax-term\">Geral<\/a>"],"unlinked":["<span class=\"advgb-post-tax-term\">Geral<\/span>"]}},"comment_count":"0","relative_dates":{"created":"Publicado 10 anos atr\u00e1s","modified":"Atualizado 10 anos atr\u00e1s"},"absolute_dates":{"created":"Publicado em 17 de agosto de 2016","modified":"Atualizado em 17 de agosto de 2016"},"absolute_dates_time":{"created":"Publicado em 17 de agosto de 2016 16:17","modified":"Atualizado em 17 de agosto de 2016 16:17"},"featured_img_caption":"","series_order":"","_links":{"self":[{"href":"https:\/\/sistemafamato.org.br\/senarmt\/wp-json\/wp\/v2\/posts\/9972","targetHints":{"allow":["GET"]}}],"collection":[{"href":"https:\/\/sistemafamato.org.br\/senarmt\/wp-json\/wp\/v2\/posts"}],"about":[{"href":"https:\/\/sistemafamato.org.br\/senarmt\/wp-json\/wp\/v2\/types\/post"}],"author":[{"embeddable":true,"href":"https:\/\/sistemafamato.org.br\/senarmt\/wp-json\/wp\/v2\/users\/1"}],"replies":[{"embeddable":true,"href":"https:\/\/sistemafamato.org.br\/senarmt\/wp-json\/wp\/v2\/comments?post=9972"}],"version-history":[{"count":0,"href":"https:\/\/sistemafamato.org.br\/senarmt\/wp-json\/wp\/v2\/posts\/9972\/revisions"}],"wp:featuredmedia":[{"embeddable":true,"href":"https:\/\/sistemafamato.org.br\/senarmt\/wp-json\/wp\/v2\/media\/2677"}],"wp:attachment":[{"href":"https:\/\/sistemafamato.org.br\/senarmt\/wp-json\/wp\/v2\/media?parent=9972"}],"wp:term":[{"taxonomy":"category","embeddable":true,"href":"https:\/\/sistemafamato.org.br\/senarmt\/wp-json\/wp\/v2\/categories?post=9972"},{"taxonomy":"post_tag","embeddable":true,"href":"https:\/\/sistemafamato.org.br\/senarmt\/wp-json\/wp\/v2\/tags?post=9972"}],"curies":[{"name":"wp","href":"https:\/\/api.w.org\/{rel}","templated":true}]}}