{"id":9970,"date":"2016-08-15T10:46:53","date_gmt":"2016-08-15T13:46:53","guid":{"rendered":"https:\/\/sistemafamato.org.br\/senarmt\/2016\/08\/15\/qualificacao-operador-de-maquinas-atrai-profissionais-que-buscam-oportunidades-no-campo\/"},"modified":"2016-08-15T10:46:53","modified_gmt":"2016-08-15T13:46:53","slug":"qualificacao-operador-de-maquinas-atrai-profissionais-que-buscam-oportunidades-no-campo","status":"publish","type":"post","link":"https:\/\/sistemafamato.org.br\/senarmt\/2016\/08\/15\/qualificacao-operador-de-maquinas-atrai-profissionais-que-buscam-oportunidades-no-campo\/","title":{"rendered":"Qualifica\u00e7\u00e3o Operador de M\u00e1quinas atrai profissionais que buscam oportunidades no campo"},"content":{"rendered":"<p style=\"text-align: justify;\">\nDuas turmas da qualifica\u00e7\u00e3o Operador de M\u00e1quinas Agr\u00edcolas, realizadas pelo Servi\u00e7o Nacional de Aprendizagem Rural de Mato Grosso (Senar-MT), em parceria com o Sindicato Rural de Cuiab\u00e1 e a Case IH est\u00e3o ocorrendo no Parque de Exposi\u00e7\u00f5es Jonas Pinheiro. As turmas iniciaram no m\u00eas passado, finalizar\u00e3o em 19 de agosto e s\u00e3o formadas por trabalhadores da cidade que t\u00eam interesse em construir carreira no agroneg\u00f3cio.<\/p>\n<p style=\"text-align: justify;\">\n\u00a0<\/p>\n<p style=\"text-align: justify;\">\nEsta \u00e9 uma das qualifica\u00e7\u00f5es mais requisitadas pelos Sindicatos Rurais ao Senar-MT e as vagas s\u00e3o sempre muito disputadas. Em 2016, o Senar-MT fechou parceria com o Sindicato Rural de Cuiab\u00e1 para a realiza\u00e7\u00e3o de 12 turmas at\u00e9 o final do ano, sendo que oito j\u00e1 foram realizadas.<\/p>\n<p style=\"text-align: justify;\">\n\u00a0<\/p>\n<p style=\"text-align: justify;\">\nAo final das aulas, os participantes receber\u00e3o o certificado e sair\u00e3o habilitados para se inserirem no mercado de trabalho exercendo a fun\u00e7\u00e3o de operador de m\u00e1quinas agr\u00edcolas.<\/p>\n<p style=\"text-align: justify;\">\n\u00a0<\/p>\n<p style=\"text-align: justify;\">\nConforme explica o instrutor credenciado junto ao Senar-MT, \u00canio Nattjin, a carga hor\u00e1ria da qualifica\u00e7\u00e3o \u00e9 de 120 horas, sendo 20 horas de compet\u00eancias b\u00e1sicas e 100 horas de conte\u00fado espec\u00edficos desde informa\u00e7\u00f5es sobre opera\u00e7\u00e3o at\u00e9 manuten\u00e7\u00e3o. Os participantes aprendem a operar trator, plantadeira, pulverizador, entre outros.<\/p>\n<p style=\"text-align: justify;\">\n\u00a0<\/p>\n<p style=\"text-align: justify;\">\nO supervisor da regional de Cuiab\u00e1, Natalino M\u00e1rcio, explica que o p\u00fablico urbano se qualifica para buscar trabalho no campo. &#8220;O que percebemos das turmas \u00e9 que s\u00e3o do meio urbano mas est\u00e3o fazendo cursos t\u00e9cnicos na \u00e1rea do agroneg\u00f3cio e t\u00eam interesse em mudar de vida, enxergando no agro uma oportunidade&#8221;.\u00a0<\/p>\n<p style=\"text-align: justify;\">\n\u00a0<\/p>\n<p style=\"text-align: justify;\">\nAdelson Evangelista de Souza, 41 anos, \u00e9 formado em Direito, mas enxerga no agroneg\u00f3cio boas oportunidades de mudar de carreira. Por isso, procurou o Senar-MT para participar da qualifica\u00e7\u00e3o. &#8220;O agroneg\u00f3cio em MT \u00e9 um mercado que se abre a cada dia, oferecendo boas oportunidades. Sou formado em Direito, mas tenho interesse em conhecer melhor o setor. Quem sabe mudar de \u00e1rea pode ser uma boa oportunidade?&#8221;<\/p>\n<p style=\"text-align: justify;\">\n\u00a0<\/p>\n<p style=\"text-align: justify;\">\nOutro exemplo \u00e9 o do caminhoneiro Adilson Pereira da Silva, de 52 anos, est\u00e1 determinado a mudar o rumo de sua vida profissional. &#8220;J\u00e1 havia feito uma oficina do Senar-MT em 2013 e agora resolvi procurar a institui\u00e7\u00e3o para fazer uma qualifica\u00e7\u00e3o. Vejo que este mercado precisa de profissionais. Quero terminar a qualifica\u00e7\u00e3o e j\u00e1 procurar emprego na \u00e1rea. Estou determinado a mudar de profiss\u00e3o&#8221;.\u00a0<\/p>\n<p style=\"text-align: justify;\">\n\u00a0<\/p>\n<p style=\"text-align: justify;\">\n<strong>Para participar &#8211;<\/strong> A mobiliza\u00e7\u00e3o das turmas est\u00e1 a cargo do Sindicato Rural. Interessados em informa\u00e7\u00f5es sobre programa\u00e7\u00e3o e vagas dispon\u00edveis devem entrar em contato com o Sindicato Rural do seu munic\u00edpio para saber se h\u00e1 turmas previstas.<\/p>\n<p style=\"text-align: justify;\">\n\u00a0<\/p>\n<p style=\"text-align: justify;\">\nO Senar-MT juntamente com a Famato, o Imea e os 90 sindicatos rurais formam o Sistema Famato, que d\u00e1 suporte para o desenvolvimento sustent\u00e1vel do agroneg\u00f3cio e representa os interesses dos produtores rurais do Estado. O Senar est\u00e1 no Facebook e no Instagram. Curta a Fan Page\u00a0<a href=\"http:\/\/www.facebook.com\/SenarMt\">www.facebook.com\/SenarMt<\/a>\u00a0e a conta\u00a0<a href=\"https:\/\/instagram.com\/senar_mt\/\">@senar_mt<\/a>.<\/p>\n<p>\n\u00a0<\/p>\n","protected":false},"excerpt":{"rendered":"<p>Duas turmas da qualifica\u00e7\u00e3o Operador de M\u00e1quinas Agr\u00edcolas, realizadas pelo Servi\u00e7o Nacional de Aprendizagem Rural de Mato Grosso (Senar-MT), em parceria com o Sindicato Rural de Cuiab\u00e1 e a Case IH est\u00e3o ocorrendo no Parque de Exposi\u00e7\u00f5es Jonas Pinheiro. As turmas iniciaram no m\u00eas passado, finalizar\u00e3o em 19 de agosto e s\u00e3o formadas por trabalhadores [&hellip;]<\/p>\n","protected":false},"author":1,"featured_media":2673,"comment_status":"open","ping_status":"open","sticky":false,"template":"","format":"standard","meta":{"advgb_blocks_editor_width":"","advgb_blocks_columns_visual_guide":"","footnotes":""},"categories":[1],"tags":[],"class_list":["post-9970","post","type-post","status-publish","format-standard","has-post-thumbnail","hentry","category-geral"],"acf":[],"author_meta":{"display_name":"siteadmin","author_link":"https:\/\/sistemafamato.org.br\/senarmt\/author\/siteadmin\/"},"featured_img":"https:\/\/sistemafamato.org.br\/senarmt\/wp-content\/uploads\/sites\/2\/2016\/08\/15082016103753-300x200.jpg","coauthors":[],"tax_additional":{"categories":{"linked":["<a href=\"https:\/\/sistemafamato.org.br\/senarmt\/category\/geral\/\" class=\"advgb-post-tax-term\">Geral<\/a>"],"unlinked":["<span class=\"advgb-post-tax-term\">Geral<\/span>"]}},"comment_count":"0","relative_dates":{"created":"Publicado 10 anos atr\u00e1s","modified":"Atualizado 10 anos atr\u00e1s"},"absolute_dates":{"created":"Publicado em 15 de agosto de 2016","modified":"Atualizado em 15 de agosto de 2016"},"absolute_dates_time":{"created":"Publicado em 15 de agosto de 2016 10:46","modified":"Atualizado em 15 de agosto de 2016 10:46"},"featured_img_caption":"","series_order":"","_links":{"self":[{"href":"https:\/\/sistemafamato.org.br\/senarmt\/wp-json\/wp\/v2\/posts\/9970","targetHints":{"allow":["GET"]}}],"collection":[{"href":"https:\/\/sistemafamato.org.br\/senarmt\/wp-json\/wp\/v2\/posts"}],"about":[{"href":"https:\/\/sistemafamato.org.br\/senarmt\/wp-json\/wp\/v2\/types\/post"}],"author":[{"embeddable":true,"href":"https:\/\/sistemafamato.org.br\/senarmt\/wp-json\/wp\/v2\/users\/1"}],"replies":[{"embeddable":true,"href":"https:\/\/sistemafamato.org.br\/senarmt\/wp-json\/wp\/v2\/comments?post=9970"}],"version-history":[{"count":0,"href":"https:\/\/sistemafamato.org.br\/senarmt\/wp-json\/wp\/v2\/posts\/9970\/revisions"}],"wp:featuredmedia":[{"embeddable":true,"href":"https:\/\/sistemafamato.org.br\/senarmt\/wp-json\/wp\/v2\/media\/2673"}],"wp:attachment":[{"href":"https:\/\/sistemafamato.org.br\/senarmt\/wp-json\/wp\/v2\/media?parent=9970"}],"wp:term":[{"taxonomy":"category","embeddable":true,"href":"https:\/\/sistemafamato.org.br\/senarmt\/wp-json\/wp\/v2\/categories?post=9970"},{"taxonomy":"post_tag","embeddable":true,"href":"https:\/\/sistemafamato.org.br\/senarmt\/wp-json\/wp\/v2\/tags?post=9970"}],"curies":[{"name":"wp","href":"https:\/\/api.w.org\/{rel}","templated":true}]}}