{"id":9969,"date":"2016-08-12T16:26:56","date_gmt":"2016-08-12T19:26:56","guid":{"rendered":"https:\/\/sistemafamato.org.br\/senarmt\/2016\/08\/12\/aulas-do-curso-tecnico-em-agronegocio-iniciam-neste-sabado-13-em-sorriso\/"},"modified":"2016-08-12T16:26:56","modified_gmt":"2016-08-12T19:26:56","slug":"aulas-do-curso-tecnico-em-agronegocio-iniciam-neste-sabado-13-em-sorriso","status":"publish","type":"post","link":"https:\/\/sistemafamato.org.br\/senarmt\/2016\/08\/12\/aulas-do-curso-tecnico-em-agronegocio-iniciam-neste-sabado-13-em-sorriso\/","title":{"rendered":"Aulas do Curso T\u00e9cnico em Agroneg\u00f3cio iniciam neste s\u00e1bado (13), em Sorriso"},"content":{"rendered":"<p style=\"text-align: justify;\">\nCome&ccedil;am neste s&aacute;bado (13.08) as aulas do Curso T&eacute;cnico em Agroneg&oacute;cio do Servi&ccedil;o Nacional de Aprendizagem Rural (SENAR Central) por meio da Rede e-Tec Brasil no munic&iacute;pio de Sorriso. Em Mato Grosso, o curso ser&aacute; oferecido em parceria com o SENAR-MT e as aulas presenciais ser&atilde;o realizadas nos Centros de Treinamento e Difus&atilde;o Tecnol&oacute;gica (CTs).<\/p>\n<p style=\"text-align: justify;\">\n&nbsp;<\/p>\n<p style=\"text-align: justify;\">\nJ&aacute; as aulas no polo de Campo Novo do Parecis est&atilde;o programas para iniciar no dia 20 de agosto, tamb&eacute;m no Centro de Treinamento e Difus&atilde;o Tecnol&oacute;gica (CT) do munic&iacute;pio.<\/p>\n<p style=\"text-align: justify;\">\n&nbsp;<\/p>\n<p style=\"text-align: justify;\">\nAs matr&iacute;culas dos selecionados para as 1.500 vagas oferecidas no Curso T&eacute;cnico em Agroneg&oacute;cio, dispon&iacute;veis em 40 dos 74 polos da Rede e-Tec Brasil no SENAR espalhados pelo pa&iacute;s, encerram-se nesta quinta-feira (11.08). A partir desta sexta-feira (12.08), come&ccedil;a a segunda chamada para as vagas n&atilde;o preenchidas. A lista dos candidatos aprovados em lista de espera e que poder&atilde;o se matricular estar&aacute; dispon&iacute;vel no portal <a href=\"http:\/\/www.senar.org.br\/etec\/\" target=\"_blank\" rel=\"noopener\">http:\/\/www.senar.org.br\/etec\/<\/a>.<\/p>\n<p style=\"text-align: justify;\">\n&nbsp;<\/p>\n<p style=\"text-align: justify;\">\nConcorrendo com outros 278 candidatos &agrave;s 50 vagas oferecidas no polo de Campo Novo do Parecis, o m&eacute;dico e produtor rural Andr&eacute; Luciano Meira de Oliveira, foi um dos aprovados no exame de sele&ccedil;&atilde;o e inicia as aulas com grande expectativa e metas objetivas.<\/p>\n<p style=\"text-align: justify;\">\n&nbsp;<\/p>\n<p style=\"text-align: justify;\">\n&quot;Nossa regi&atilde;o &eacute; muito produtiva, mas hoje est&aacute; tudo muito dif&iacute;cil, &eacute; importante estar atualizado, saber investir e aplicar bem os recursos de que dispomos. Hoje eu crio gado, mas esse curso vai me abrir o leque de op&ccedil;&otilde;es para expandir os neg&oacute;cios. Quero aprender a trabalhar de forma correta. O curso &eacute; muito bem avaliado, o&nbsp;SENAR &eacute; uma institui&ccedil;&atilde;o conceituada e&nbsp;o fato de ter um polo aqui na minha cidade est&aacute; me dando esta oportunidade&quot;.<\/p>\n<p style=\"text-align: justify;\">\n&nbsp;<\/p>\n<p style=\"text-align: justify;\">\n<strong>Aulas &#8211;<\/strong> No espa&ccedil;o virtual da rede, os novos alunos j&aacute; podem acessar os primeiros conte&uacute;dos do curso, que tem 80% de suas aulas&nbsp;na modalidade a dist&acirc;ncia. O restante da carga hor&aacute;ria &eacute; reservado para aulas presenciais nos polos de apoio e visitas de campo, realizadas periodicamente seguindo o calend&aacute;rio local.<\/p>\n<p style=\"text-align: justify;\">\n&nbsp;<\/p>\n<p style=\"text-align: justify;\">\nCertificado pelo Minist&eacute;rio da Educa&ccedil;&atilde;o (MEC), parceiro do SENAR na iniciativa, o Curso T&eacute;cnico em Agroneg&oacute;cio tem uma ampla abordagem, enfocando desde a produ&ccedil;&atilde;o at&eacute; a comercializa&ccedil;&atilde;o dos produtos agropecu&aacute;rios. A abrang&ecirc;ncia do curr&iacute;culo atrai candidatos de diferentes perfis, tanto alunos j&aacute; formados pela universidade e mesmo p&oacute;s-graduados, como os que conclu&iacute;ram h&aacute; pouco o Ensino M&eacute;dio e apostam no curso para ampliar suas chances no mercado de trabalho.<\/p>\n<p style=\"text-align: justify;\">\n&nbsp;<\/p>\n<p style=\"text-align: justify;\">\nO Senar-MT faz parte de um conjunto de entidades que forma o Sistema Famato. Essas entidades d&atilde;o suporte para o desenvolvimento sustent&aacute;vel do agroneg&oacute;cio e representam os interesses dos produtores rurais do Estado. &Eacute; formado ainda pela Federa&ccedil;&atilde;o da Agricultura e Pecu&aacute;ria do Estado de Mato Grosso (Famato), pelo Instituto Mato-Grossense de Economia Agropecu&aacute;ria (Imea) e pelos 90 sindicatos rurais do Estado. O Senar est&aacute; no Twitter e no Facebook. Siga&nbsp;<a href=\"https:\/\/twitter.com\/senar_mt\">@senar_mt<\/a>&nbsp;e curta a Fan Page (<a href=\"http:\/\/www.facebook.com\/SenarMt\">www.facebook.com\/SenarMt<\/a>).<\/p>\n<p>\n&nbsp;<\/p>\n<p>\n&nbsp;<\/p>\n","protected":false},"excerpt":{"rendered":"<p>Come&ccedil;am neste s&aacute;bado (13.08) as aulas do Curso T&eacute;cnico em Agroneg&oacute;cio do Servi&ccedil;o Nacional de Aprendizagem Rural (SENAR Central) por meio da Rede e-Tec Brasil no munic&iacute;pio de Sorriso. Em Mato Grosso, o curso ser&aacute; oferecido em parceria com o SENAR-MT e as aulas presenciais ser&atilde;o realizadas nos Centros de Treinamento e Difus&atilde;o Tecnol&oacute;gica (CTs). [&hellip;]<\/p>\n","protected":false},"author":1,"featured_media":2671,"comment_status":"open","ping_status":"open","sticky":false,"template":"","format":"standard","meta":{"advgb_blocks_editor_width":"","advgb_blocks_columns_visual_guide":"","footnotes":""},"categories":[1],"tags":[],"class_list":["post-9969","post","type-post","status-publish","format-standard","has-post-thumbnail","hentry","category-geral"],"acf":[],"author_meta":{"display_name":"siteadmin","author_link":"https:\/\/sistemafamato.org.br\/senarmt\/author\/siteadmin\/"},"featured_img":"https:\/\/sistemafamato.org.br\/senarmt\/wp-content\/uploads\/sites\/2\/2016\/08\/12082016042532-300x169.jpg","coauthors":[],"tax_additional":{"categories":{"linked":["<a href=\"https:\/\/sistemafamato.org.br\/senarmt\/category\/geral\/\" class=\"advgb-post-tax-term\">Geral<\/a>"],"unlinked":["<span class=\"advgb-post-tax-term\">Geral<\/span>"]}},"comment_count":"0","relative_dates":{"created":"Publicado 10 anos atr\u00e1s","modified":"Atualizado 10 anos atr\u00e1s"},"absolute_dates":{"created":"Publicado em 12 de agosto de 2016","modified":"Atualizado em 12 de agosto de 2016"},"absolute_dates_time":{"created":"Publicado em 12 de agosto de 2016 16:26","modified":"Atualizado em 12 de agosto de 2016 16:26"},"featured_img_caption":"","series_order":"","_links":{"self":[{"href":"https:\/\/sistemafamato.org.br\/senarmt\/wp-json\/wp\/v2\/posts\/9969","targetHints":{"allow":["GET"]}}],"collection":[{"href":"https:\/\/sistemafamato.org.br\/senarmt\/wp-json\/wp\/v2\/posts"}],"about":[{"href":"https:\/\/sistemafamato.org.br\/senarmt\/wp-json\/wp\/v2\/types\/post"}],"author":[{"embeddable":true,"href":"https:\/\/sistemafamato.org.br\/senarmt\/wp-json\/wp\/v2\/users\/1"}],"replies":[{"embeddable":true,"href":"https:\/\/sistemafamato.org.br\/senarmt\/wp-json\/wp\/v2\/comments?post=9969"}],"version-history":[{"count":0,"href":"https:\/\/sistemafamato.org.br\/senarmt\/wp-json\/wp\/v2\/posts\/9969\/revisions"}],"wp:featuredmedia":[{"embeddable":true,"href":"https:\/\/sistemafamato.org.br\/senarmt\/wp-json\/wp\/v2\/media\/2671"}],"wp:attachment":[{"href":"https:\/\/sistemafamato.org.br\/senarmt\/wp-json\/wp\/v2\/media?parent=9969"}],"wp:term":[{"taxonomy":"category","embeddable":true,"href":"https:\/\/sistemafamato.org.br\/senarmt\/wp-json\/wp\/v2\/categories?post=9969"},{"taxonomy":"post_tag","embeddable":true,"href":"https:\/\/sistemafamato.org.br\/senarmt\/wp-json\/wp\/v2\/tags?post=9969"}],"curies":[{"name":"wp","href":"https:\/\/api.w.org\/{rel}","templated":true}]}}