{"id":9968,"date":"2016-08-12T09:28:14","date_gmt":"2016-08-12T12:28:14","guid":{"rendered":"https:\/\/sistemafamato.org.br\/senarmt\/2016\/08\/12\/meta-sobe-para-mais-20-nucleos-avancados-de-capacitacao-ate-o-fim-de-2016\/"},"modified":"2016-08-12T09:28:14","modified_gmt":"2016-08-12T12:28:14","slug":"meta-sobe-para-mais-20-nucleos-avancados-de-capacitacao-ate-o-fim-de-2016","status":"publish","type":"post","link":"https:\/\/sistemafamato.org.br\/senarmt\/2016\/08\/12\/meta-sobe-para-mais-20-nucleos-avancados-de-capacitacao-ate-o-fim-de-2016\/","title":{"rendered":"Meta sobe para mais 20 N\u00facleos Avan\u00e7ados de Capacita\u00e7\u00e3o at\u00e9 o fim de 2016"},"content":{"rendered":"<p>\nAt\u00e9 o final de 2016, o presidente do Sistema Famato\/SENAR-MT, Rui Prado, quer entregar 20 novos N\u00facleos Avan\u00e7ados de Capacita\u00e7\u00e3o (NACs), em parceria com os Sindicatos Rurais, \u00e0 popula\u00e7\u00e3o dos munic\u00edpios de Mato Grosso. O an\u00fancio foi refor\u00e7ado durante a inaugura\u00e7\u00e3o da unidade de Ju\u00edna, na noite de quinta-feira (11.08), cujo nome homenageia o deputado federal Homero Pereira, j\u00e1 falecido. O N\u00facleo de Ju\u00edna foi erguido ao lado do Parque de Exposi\u00e7\u00f5es da cidade finalizando uma obra que iniciou com recursos obtidos ainda pelo deputado homenageado.<\/p>\n<p>\n\u00a0<\/p>\n<p>\n&#8220;Por uma emenda, nosso deputado Homero Pereira, que j\u00e1 se foi, deixou um legado aqui pelo Parque de Exposi\u00e7\u00f5es de Ju\u00edna, um pr\u00e9dio para fazer reuni\u00f5es e encontros. N\u00f3s pedimos ao Rui, ao Servi\u00e7o Nacional de Aprendizagem Rural de Mato Grosso (SENAR-MT) \u00a0para fazermos essa reforma e estamos a\u00ed, com essa maravilha que voc\u00eas est\u00e3o tendo a oportunidade de compartilhar&#8221;, relembrou o presidente do Sindicato Rural de Ju\u00edna, Jos\u00e9 Lino Rodrigues.<\/p>\n<p>\n\u00a0<\/p>\n<p>\nO presidente do Sistema Famato\/SENAR-MT falou da satisfa\u00e7\u00e3o de estar em Ju\u00edna para inaugurar o NAC e destacou a import\u00e2ncia das pessoas adquirirem conhecimento para mudarem a realidade do Estado. Tamb\u00e9m fez quest\u00e3o de enfatizar sua inten\u00e7\u00e3o de inaugurar mais N\u00facleos do que os 12 esperados at\u00e9 o final do ano. &#8220;Vou corrigir esse n\u00famero com muito otimismo. N\u00f3s queremos, at\u00e9 o final do ano, inaugurar mais 20 e espero que d\u00ea certo. Estamos trabalhando muito para que, em cada cidade onde tenha sindicato, seja inaugurada uma unidade como esta&#8221;.<\/p>\n<p>\n\u00a0<\/p>\n<p>\nContando com o de Ju\u00edna, j\u00e1 s\u00e3o sete N\u00facleos Avan\u00e7ados inaugurados em Mato Grosso. Doze est\u00e3o em constru\u00e7\u00e3o, conforme Prado, mas j\u00e1 s\u00e3o outros 20 com a documenta\u00e7\u00e3o pronta para dar sequ\u00eancia \u00e0s obras. &#8220;A partir desses n\u00facleos, os Sindicatos Rurais realizam cursos com um maior conforto, de uma maneira que a pessoa que est\u00e1 ali possa se sentir melhor e ter as ferramentas adequadas para aprender&#8221;, disse o presidente do Sistema. &#8220;N\u00e3o tem como melhorarmos um lugar, construir uma sociedade mais justa, fraterna e rica se n\u00f3s n\u00e3o adquirimos conhecimento e o SENAR est\u00e1 a\u00ed para transferir conhecimento&#8221;, finalizou.<\/p>\n<p>\n\u00a0<\/p>\n<p>\nAinda antes da inaugura\u00e7\u00e3o, o NAC de Ju\u00edna j\u00e1 havia recebido alunos para realiza\u00e7\u00e3o das oficinas de desossa de frango, vitrine de carne su\u00edna, vitrine de carne bovina e de confec\u00e7\u00e3o de bolsas e cintos em couro. A aluna Celemar Pereira Rauber, 44 anos, produtora rural de Ju\u00edna, teve com a oficina de couro realizada durante a inaugura\u00e7\u00e3o do espa\u00e7o o quarto ano consecutivo de cursos feitos pelo SENAR-MT. At\u00e9 2015, ela realizava as oficinas nos conteiners, estruturas utilizadas anteriormente para oferta dos cursos, e se disse muito satisfeita em experimentar as salas do N\u00facleo.<\/p>\n<p>\n\u00a0<\/p>\n<p>\n&#8220;Era uma estrutura adaptada. Agora est\u00e1 bem melhor, temos mais espa\u00e7o, a cozinha \u00e9 bem melhor equipada, mais adequada, tudo arrumadinho&#8221;, comentou j\u00e1 informando que estar\u00e1 atenta ao calend\u00e1rio de capacita\u00e7\u00f5es que ser\u00e3o oferecidas no espa\u00e7o para se inscrever.<\/p>\n<p>\n\u00a0<\/p>\n<p>\nO t\u00e9cnico de internet Walison de Souza, 19 anos, tamb\u00e9m fez a oficina de confec\u00e7\u00e3o de bolsas de couro, a primeira realizada por ele. Disse ter gostado da experi\u00eancia e que espera se aperfei\u00e7oar na atividade. E elogiou o espa\u00e7o: &#8220;aqui \u00e9 muito legal, um ambiente muito confort\u00e1vel, uma estrutura excelente. Est\u00e1 aprovado, assim como o instrutor&#8221;.<\/p>\n<p>\n\u00a0<\/p>\n<p>\nAo menos 10 outros cursos devem ser ofertados pelo SENAR-MT e o Sindicato Rural de Ju\u00edna no NAC at\u00e9 o final de 2016.<\/p>\n<p>\n<span style=\"color: rgb(35, 31, 32); font-family: Tahoma, Geneva, sans-serif; line-height: 18px; text-align: justify;\">O Senar-MT faz parte de um conjunto de entidades que formam o Sistema Famato, assim como a Federa\u00e7\u00e3o, o Imea e os 90 Sindicatos Rurais do Estado. Essas entidades d\u00e3o suporte para o desenvolvimento sustent\u00e1vel do agroneg\u00f3cio. O Senar est\u00e1 no Facebook e no Instagram. Curta a Fan Page\u00a0<\/span><a href=\"http:\/\/www.facebook.com\/SenarMt\" style=\"margin: 0px; padding: 0px; font-family: Tahoma, Geneva, sans-serif; line-height: 18px; text-align: justify;\">www.facebook.com\/SenarMt<\/a><span style=\"color: rgb(35, 31, 32); font-family: Tahoma, Geneva, sans-serif; line-height: 18px; text-align: justify;\">\u00a0e a conta\u00a0<\/span><a href=\"https:\/\/instagram.com\/senar_mt\/\" style=\"margin: 0px; padding: 0px; font-family: Tahoma, Geneva, sans-serif; line-height: 18px; text-align: justify;\">@senar_mt<\/a><span style=\"color: rgb(35, 31, 32); font-family: Tahoma, Geneva, sans-serif; line-height: 18px; text-align: justify;\">.<\/span><\/p>\n","protected":false},"excerpt":{"rendered":"<p>At\u00e9 o final de 2016, o presidente do Sistema Famato\/SENAR-MT, Rui Prado, quer entregar 20 novos N\u00facleos Avan\u00e7ados de Capacita\u00e7\u00e3o (NACs), em parceria com os Sindicatos Rurais, \u00e0 popula\u00e7\u00e3o dos munic\u00edpios de Mato Grosso. O an\u00fancio foi refor\u00e7ado durante a inaugura\u00e7\u00e3o da unidade de Ju\u00edna, na noite de quinta-feira (11.08), cujo nome homenageia o deputado [&hellip;]<\/p>\n","protected":false},"author":1,"featured_media":2669,"comment_status":"open","ping_status":"open","sticky":false,"template":"","format":"standard","meta":{"advgb_blocks_editor_width":"","advgb_blocks_columns_visual_guide":"","footnotes":""},"categories":[1],"tags":[],"class_list":["post-9968","post","type-post","status-publish","format-standard","has-post-thumbnail","hentry","category-geral"],"acf":[],"author_meta":{"display_name":"siteadmin","author_link":"https:\/\/sistemafamato.org.br\/senarmt\/author\/siteadmin\/"},"featured_img":"https:\/\/sistemafamato.org.br\/senarmt\/wp-content\/uploads\/sites\/2\/2016\/08\/12082016092805-300x200.jpg","coauthors":[],"tax_additional":{"categories":{"linked":["<a href=\"https:\/\/sistemafamato.org.br\/senarmt\/category\/geral\/\" class=\"advgb-post-tax-term\">Geral<\/a>"],"unlinked":["<span class=\"advgb-post-tax-term\">Geral<\/span>"]}},"comment_count":"0","relative_dates":{"created":"Publicado 10 anos atr\u00e1s","modified":"Atualizado 10 anos atr\u00e1s"},"absolute_dates":{"created":"Publicado em 12 de agosto de 2016","modified":"Atualizado em 12 de agosto de 2016"},"absolute_dates_time":{"created":"Publicado em 12 de agosto de 2016 09:28","modified":"Atualizado em 12 de agosto de 2016 09:28"},"featured_img_caption":"","series_order":"","_links":{"self":[{"href":"https:\/\/sistemafamato.org.br\/senarmt\/wp-json\/wp\/v2\/posts\/9968","targetHints":{"allow":["GET"]}}],"collection":[{"href":"https:\/\/sistemafamato.org.br\/senarmt\/wp-json\/wp\/v2\/posts"}],"about":[{"href":"https:\/\/sistemafamato.org.br\/senarmt\/wp-json\/wp\/v2\/types\/post"}],"author":[{"embeddable":true,"href":"https:\/\/sistemafamato.org.br\/senarmt\/wp-json\/wp\/v2\/users\/1"}],"replies":[{"embeddable":true,"href":"https:\/\/sistemafamato.org.br\/senarmt\/wp-json\/wp\/v2\/comments?post=9968"}],"version-history":[{"count":0,"href":"https:\/\/sistemafamato.org.br\/senarmt\/wp-json\/wp\/v2\/posts\/9968\/revisions"}],"wp:featuredmedia":[{"embeddable":true,"href":"https:\/\/sistemafamato.org.br\/senarmt\/wp-json\/wp\/v2\/media\/2669"}],"wp:attachment":[{"href":"https:\/\/sistemafamato.org.br\/senarmt\/wp-json\/wp\/v2\/media?parent=9968"}],"wp:term":[{"taxonomy":"category","embeddable":true,"href":"https:\/\/sistemafamato.org.br\/senarmt\/wp-json\/wp\/v2\/categories?post=9968"},{"taxonomy":"post_tag","embeddable":true,"href":"https:\/\/sistemafamato.org.br\/senarmt\/wp-json\/wp\/v2\/tags?post=9968"}],"curies":[{"name":"wp","href":"https:\/\/api.w.org\/{rel}","templated":true}]}}