{"id":9965,"date":"2016-08-10T11:50:54","date_gmt":"2016-08-10T14:50:54","guid":{"rendered":"https:\/\/sistemafamato.org.br\/senarmt\/2016\/08\/10\/seminarios-do-pradam-comecam-na-proxima-quarta-feira-17\/"},"modified":"2016-08-10T11:50:54","modified_gmt":"2016-08-10T14:50:54","slug":"seminarios-do-pradam-comecam-na-proxima-quarta-feira-17","status":"publish","type":"post","link":"https:\/\/sistemafamato.org.br\/senarmt\/2016\/08\/10\/seminarios-do-pradam-comecam-na-proxima-quarta-feira-17\/","title":{"rendered":"Semin\u00e1rios do PRADAM come\u00e7am na pr\u00f3xima quarta-feira (17)"},"content":{"rendered":"<p style=\"text-align: justify;\">\nCome&ccedil;am na pr&oacute;xima quarta-feira (17.08), em Juara, os semin&aacute;rios do Projeto de Recupera&ccedil;&atilde;o de &Aacute;reas Degradadas na Amaz&ocirc;nia (PRADAM) em Mato Grosso. O PRADAM &eacute; uma parceria entre o SENAR Brasil, a Organiza&ccedil;&atilde;o das Na&ccedil;&otilde;es Unidas para Alimenta&ccedil;&atilde;o e Agricultura (FAO), o Minist&eacute;rio da Agricultura, Pecu&aacute;ria e Abastecimento (Mapa) e a Embrapa.<\/p>\n<p style=\"text-align: justify;\">\n&nbsp;<\/p>\n<p style=\"text-align: justify;\">\nO SENAR-MT &eacute; parceiro na realiza&ccedil;&atilde;o dos semin&aacute;rios em Mato Grosso, que al&eacute;m de Juara tamb&eacute;m acontecer&atilde;o nos munic&iacute;pios de Ga&uacute;cha do Norte (18.08), Confresa (20.08) e S&atilde;o F&eacute;lix do Araguaia (22.08).<\/p>\n<p style=\"text-align: justify;\">\n&nbsp;<\/p>\n<p style=\"text-align: justify;\">\nOs semin&aacute;rios ir&atilde;o abordar tr&ecirc;s das quatro tecnologias disseminadas pela iniciativa: Integra&ccedil;&atilde;o Lavoura-Pecu&aacute;ria-Floresta (ILPF), Recupera&ccedil;&atilde;o de Pastagens e Sistemas Agroflorestais.<\/p>\n<p style=\"text-align: justify;\">\n&nbsp;<\/p>\n<p style=\"text-align: justify;\">\nO gerente de Educa&ccedil;&atilde;o Formal e Assist&ecirc;ncia T&eacute;cnica do SENAR-MT, Armando Urenha, explica que o PRADAM visa disseminar princ&iacute;pios e tecnologias de produ&ccedil;&atilde;o sustent&aacute;vel.&nbsp;<\/p>\n<p style=\"text-align: justify;\">\n&nbsp;<\/p>\n<p style=\"text-align: justify;\">\n&quot;Os eventos, gratuitos e direcionados a produtores rurais, t&eacute;cnicos de assist&ecirc;ncia t&eacute;cnica e outros profissionais envolvidos com a produ&ccedil;&atilde;o agropecu&aacute;ria&quot;.<\/p>\n<p style=\"text-align: justify;\">\n&nbsp;<\/p>\n<p style=\"text-align: justify;\">\nParalelamente, ocorre tamb&eacute;m treinamentos para t&eacute;cnicos e extensionistas, na sede da Embrapa Agrossilvipastoril, em Sinop.<\/p>\n<p style=\"text-align: justify;\">\n&nbsp;<\/p>\n<p style=\"text-align: justify;\">\nAl&eacute;m de Mato Grosso, os semin&aacute;rios est&atilde;o sendo realizados nos estados do Acre, Amazonas, Maranh&atilde;o, Par&aacute; e Rond&ocirc;nia.<\/p>\n<p>\n&nbsp;<\/p>\n<p>\n<strong>Programa&ccedil;&atilde;o:<\/strong><\/p>\n<p>\n&nbsp;<\/p>\n<p>\n<strong>Dia 17\/08 &#8211; Juara<\/strong><\/p>\n<p>\n7:30 &#8211; Credenciamento<\/p>\n<p>\n8:00 &#8211; Abertura com representante do SENAR-MT<\/p>\n<p>\n8:30 &#8211; Palestra sobre Integra&ccedil;&atilde;o Lavoura Pecu&aacute;ria Floresta &#8211; Jo&atilde;o Meneguci\/ Embrapa Agrossilvipastoril<\/p>\n<p>\n9:30 &#8211; Coffee Break<\/p>\n<p>\n11:00 &#8211; Questionamentos<\/p>\n<p>\n11:45 &#8211; Encerramento<\/p>\n<p>\n&nbsp;<\/p>\n<p>\n<strong>Dia 18\/8 &#8211; Ga&uacute;cha do Norte<\/strong><\/p>\n<p>\n18:30 &#8211; Credenciamento<\/p>\n<p>\n19:00 &#8211; Abertura com representantes do SENAR-MT<\/p>\n<p>\n19:30 &#8211; Palestra sobre Recupera&ccedil;&atilde;o de Pastagens no Plano da Agricultura de Baixa Emiss&atilde;o de Carbono &#8211;&nbsp; Cleomar Costa\/ Mapa-MT<\/p>\n<p>\n20:30 &#8211; Coffee Break<\/p>\n<p>\n21:00 &#8211; Palestra sobre Sistemas Agroflorestais &#8211; Fernando Oliveira da Silva\/ Ceplac-MT<\/p>\n<p>\n22:00 &#8211; Questionamentos<\/p>\n<p>\n22:30 &#8211; Encerramento<\/p>\n<p>\n&nbsp;<\/p>\n<p>\n<strong>Dia 20\/8 &#8211; Confresa<\/strong><\/p>\n<p>\n7:30 &#8211; Credenciamento<\/p>\n<p>\n8:00 &#8211; Abertura com representante do SENAR-MT<\/p>\n<p>\n8:30 &#8211; Palestra sobre Recupera&ccedil;&atilde;o de Pastagens no Plano da Agricultura de Baixa Emiss&atilde;o de Carbono &#8211;&nbsp; Cleomar Costa\/ Mapa-MT<\/p>\n<p>\n9:30 &#8211; Coffee Break<\/p>\n<p>\n10:00 &#8211; Palestra sobre Sistemas Agroflorestais &#8211; Fernando Oliveira da Silva\/ Ceplac-MT<\/p>\n<p>\n11:00 &#8211; Questionamentos<\/p>\n<p>\n11:45 &#8211; Encerramento<\/p>\n<p>\n&nbsp;<\/p>\n<p>\n<strong>Dia 22\/8 &#8211; S&atilde;o F&eacute;lix do Araguaia <\/strong><\/p>\n<p>\n18:30 &#8211; Credenciamento<\/p>\n<p>\n19:00 &#8211; Abertura com representantes do SENAR-MT<\/p>\n<p>\n19:30 &#8211; Palestra sobre Recupera&ccedil;&atilde;o de Pastagens no Plano da Agricultura de Baixa Emiss&atilde;o de Carbono &#8211;&nbsp; Cleomar Costa\/ Mapa-MT<\/p>\n<p>\n20:30 &#8211; Coffee Break<\/p>\n<p>\n21:00 &#8211; Palestra sobre Sistemas Agroflorestais &#8211; Fernando Oliveira da Silva\/ Ceplac-MT<\/p>\n<p>\n22:00 &#8211; Questionamentos<\/p>\n<p>\n22:30 &#8211; Encerramento<\/p>\n","protected":false},"excerpt":{"rendered":"<p>Come&ccedil;am na pr&oacute;xima quarta-feira (17.08), em Juara, os semin&aacute;rios do Projeto de Recupera&ccedil;&atilde;o de &Aacute;reas Degradadas na Amaz&ocirc;nia (PRADAM) em Mato Grosso. O PRADAM &eacute; uma parceria entre o SENAR Brasil, a Organiza&ccedil;&atilde;o das Na&ccedil;&otilde;es Unidas para Alimenta&ccedil;&atilde;o e Agricultura (FAO), o Minist&eacute;rio da Agricultura, Pecu&aacute;ria e Abastecimento (Mapa) e a Embrapa. &nbsp; O SENAR-MT [&hellip;]<\/p>\n","protected":false},"author":1,"featured_media":2663,"comment_status":"open","ping_status":"open","sticky":false,"template":"","format":"standard","meta":{"advgb_blocks_editor_width":"","advgb_blocks_columns_visual_guide":"","footnotes":""},"categories":[1],"tags":[],"class_list":["post-9965","post","type-post","status-publish","format-standard","has-post-thumbnail","hentry","category-geral"],"acf":[],"author_meta":{"display_name":"siteadmin","author_link":"https:\/\/sistemafamato.org.br\/senarmt\/author\/siteadmin\/"},"featured_img":"https:\/\/sistemafamato.org.br\/senarmt\/wp-content\/uploads\/sites\/2\/2016\/08\/10082016115024-300x158.jpg","coauthors":[],"tax_additional":{"categories":{"linked":["<a href=\"https:\/\/sistemafamato.org.br\/senarmt\/category\/geral\/\" class=\"advgb-post-tax-term\">Geral<\/a>"],"unlinked":["<span class=\"advgb-post-tax-term\">Geral<\/span>"]}},"comment_count":"0","relative_dates":{"created":"Publicado 10 anos atr\u00e1s","modified":"Atualizado 10 anos atr\u00e1s"},"absolute_dates":{"created":"Publicado em 10 de agosto de 2016","modified":"Atualizado em 10 de agosto de 2016"},"absolute_dates_time":{"created":"Publicado em 10 de agosto de 2016 11:50","modified":"Atualizado em 10 de agosto de 2016 11:50"},"featured_img_caption":"","series_order":"","_links":{"self":[{"href":"https:\/\/sistemafamato.org.br\/senarmt\/wp-json\/wp\/v2\/posts\/9965","targetHints":{"allow":["GET"]}}],"collection":[{"href":"https:\/\/sistemafamato.org.br\/senarmt\/wp-json\/wp\/v2\/posts"}],"about":[{"href":"https:\/\/sistemafamato.org.br\/senarmt\/wp-json\/wp\/v2\/types\/post"}],"author":[{"embeddable":true,"href":"https:\/\/sistemafamato.org.br\/senarmt\/wp-json\/wp\/v2\/users\/1"}],"replies":[{"embeddable":true,"href":"https:\/\/sistemafamato.org.br\/senarmt\/wp-json\/wp\/v2\/comments?post=9965"}],"version-history":[{"count":0,"href":"https:\/\/sistemafamato.org.br\/senarmt\/wp-json\/wp\/v2\/posts\/9965\/revisions"}],"wp:featuredmedia":[{"embeddable":true,"href":"https:\/\/sistemafamato.org.br\/senarmt\/wp-json\/wp\/v2\/media\/2663"}],"wp:attachment":[{"href":"https:\/\/sistemafamato.org.br\/senarmt\/wp-json\/wp\/v2\/media?parent=9965"}],"wp:term":[{"taxonomy":"category","embeddable":true,"href":"https:\/\/sistemafamato.org.br\/senarmt\/wp-json\/wp\/v2\/categories?post=9965"},{"taxonomy":"post_tag","embeddable":true,"href":"https:\/\/sistemafamato.org.br\/senarmt\/wp-json\/wp\/v2\/tags?post=9965"}],"curies":[{"name":"wp","href":"https:\/\/api.w.org\/{rel}","templated":true}]}}