{"id":9964,"date":"2016-08-09T11:58:08","date_gmt":"2016-08-09T14:58:08","guid":{"rendered":"https:\/\/sistemafamato.org.br\/senarmt\/2016\/08\/09\/senar-mt-e-sindicato-rural-inauguram-nucleo-avancado-de-capacitacao-em-juina\/"},"modified":"2016-08-09T11:58:08","modified_gmt":"2016-08-09T14:58:08","slug":"senar-mt-e-sindicato-rural-inauguram-nucleo-avancado-de-capacitacao-em-juina","status":"publish","type":"post","link":"https:\/\/sistemafamato.org.br\/senarmt\/2016\/08\/09\/senar-mt-e-sindicato-rural-inauguram-nucleo-avancado-de-capacitacao-em-juina\/","title":{"rendered":"Senar-MT e Sindicato Rural inauguram N\u00facleo Avan\u00e7ado de Capacita\u00e7\u00e3o em Ju\u00edna"},"content":{"rendered":"<p style=\"text-align: justify;\">\nO Servi&ccedil;o Nacional de Aprendizagem Rural (Senar-MT), em parceria com o Sindicato Rural de Ju&iacute;na, inaugura nesta quinta-feira (11.08) o s&eacute;timo N&uacute;cleo Avan&ccedil;ado de Capacita&ccedil;&atilde;o (NAC), no munic&iacute;pio de Ju&iacute;na. At&eacute; o final deste ano, est&aacute; prevista a inaugura&ccedil;&atilde;o de mais 12 n&uacute;cleos,&nbsp;sendo que oito j&aacute; est&atilde;o em obras. Os outros quatro aguardam a defini&ccedil;&atilde;o de terreno e a conclus&atilde;o do processo licitat&oacute;rio para que as obras sejam iniciadas.<\/p>\n<p style=\"text-align: justify;\">\n&nbsp;<\/p>\n<p style=\"text-align: justify;\">\nOs NACs t&ecirc;m como objetivo capacitar o homem que vive na cidade para ocupar postos de trabalho abertos no campo. &quot;&Eacute; uma estrutura simples, mas confort&aacute;vel e que proporciona melhores condi&ccedil;&otilde;es de qualifica&ccedil;&atilde;o e capacita&ccedil;&atilde;o para o nosso trabalhador rural&quot;, enfatiza o presidente do Sistema Famato\/Senar, Rui Prado.<\/p>\n<p style=\"text-align: justify;\">\n&nbsp;<\/p>\n<p style=\"text-align: justify;\">\nPara o presidente do Sindicato Rural de Ju&iacute;na, Jos&eacute; Lino Geraldo Martins, o NAC ser&aacute; um grande est&iacute;mulo para os participantes dos treinamentos do Senar-MT na regi&atilde;o.&nbsp;<\/p>\n<p style=\"text-align: justify;\">\n&nbsp;<\/p>\n<p style=\"text-align: justify;\">\nOs N&uacute;cleos s&atilde;o equipados com cozinhas e todas as ferramentas necess&aacute;rias para os treinamentos ofertados pelo Senar-MT. At&eacute; agora, s&atilde;o seis NACs j&aacute; em funcionamento, nos munic&iacute;pios de Tangar&aacute; da Serra, Barra do Bugres, S&atilde;o Jos&eacute; dos Quatro Marcos, C&aacute;ceres, Primavera do Leste e Cotrigua&ccedil;u.<\/p>\n<p style=\"text-align: justify;\">\n&nbsp;<\/p>\n<p style=\"text-align: justify;\">\nAinda neste ano, dever&atilde;o ganhar um NAC os munic&iacute;pios de Comodoro, Brasnorte, Parana&iacute;ta, Carlinda, Ipiranga do Norte, Paranatinga, Campin&aacute;polis, Tabapor&atilde;, Sapezal, Campos de J&uacute;lio, Ribeir&atilde;o Cascalheira e Quer&ecirc;ncia.<\/p>\n<p style=\"text-align: justify;\">\n&nbsp;<\/p>\n<p style=\"text-align: justify;\">\n<strong>Ju&iacute;na &#8211;<\/strong>&nbsp;A inaugura&ccedil;&atilde;o do NAC de Ju&iacute;na ser&aacute; nesta quinta-feira (11.08), &agrave;s 20h. o NAC est&aacute; localizado no quil&ocirc;metro 02 da BR &#8211; 174 na sa&iacute;da para Castanheira, ao lado do Parque de Exposi&ccedil;&atilde;o.<\/p>\n<p style=\"text-align: justify;\">\n&nbsp;<\/p>\n<p style=\"text-align: justify;\">\nO Senar-MT faz parte de um conjunto de entidades que formam o Sistema Famato. Essas entidades d&atilde;o suporte para o desenvolvimento sustent&aacute;vel do agroneg&oacute;cio e representam os interesses dos produtores rurais do Estado. &Eacute; formado ainda pela Famato, Imea e pelos 90 sindicatos rurais do Estado. O Senar est&aacute; no Facebook e no Instagram. Curta a Fan Page <a href=\"http:\/\/www.facebook.com\/SenarMt\">www.facebook.com\/SenarMt<\/a>&nbsp; e a conta @senar_mt.&nbsp;<\/p>\n","protected":false},"excerpt":{"rendered":"<p>O Servi&ccedil;o Nacional de Aprendizagem Rural (Senar-MT), em parceria com o Sindicato Rural de Ju&iacute;na, inaugura nesta quinta-feira (11.08) o s&eacute;timo N&uacute;cleo Avan&ccedil;ado de Capacita&ccedil;&atilde;o (NAC), no munic&iacute;pio de Ju&iacute;na. At&eacute; o final deste ano, est&aacute; prevista a inaugura&ccedil;&atilde;o de mais 12 n&uacute;cleos,&nbsp;sendo que oito j&aacute; est&atilde;o em obras. Os outros quatro aguardam a defini&ccedil;&atilde;o [&hellip;]<\/p>\n","protected":false},"author":1,"featured_media":2661,"comment_status":"open","ping_status":"open","sticky":false,"template":"","format":"standard","meta":{"advgb_blocks_editor_width":"","advgb_blocks_columns_visual_guide":"","footnotes":""},"categories":[1],"tags":[],"class_list":["post-9964","post","type-post","status-publish","format-standard","has-post-thumbnail","hentry","category-geral"],"acf":[],"author_meta":{"display_name":"siteadmin","author_link":"https:\/\/sistemafamato.org.br\/senarmt\/author\/siteadmin\/"},"featured_img":"https:\/\/sistemafamato.org.br\/senarmt\/wp-content\/uploads\/sites\/2\/2016\/08\/09082016115744-300x225.jpg","coauthors":[],"tax_additional":{"categories":{"linked":["<a href=\"https:\/\/sistemafamato.org.br\/senarmt\/category\/geral\/\" class=\"advgb-post-tax-term\">Geral<\/a>"],"unlinked":["<span class=\"advgb-post-tax-term\">Geral<\/span>"]}},"comment_count":"0","relative_dates":{"created":"Publicado 10 anos atr\u00e1s","modified":"Atualizado 10 anos atr\u00e1s"},"absolute_dates":{"created":"Publicado em 9 de agosto de 2016","modified":"Atualizado em 9 de agosto de 2016"},"absolute_dates_time":{"created":"Publicado em 9 de agosto de 2016 11:58","modified":"Atualizado em 9 de agosto de 2016 11:58"},"featured_img_caption":"","series_order":"","_links":{"self":[{"href":"https:\/\/sistemafamato.org.br\/senarmt\/wp-json\/wp\/v2\/posts\/9964","targetHints":{"allow":["GET"]}}],"collection":[{"href":"https:\/\/sistemafamato.org.br\/senarmt\/wp-json\/wp\/v2\/posts"}],"about":[{"href":"https:\/\/sistemafamato.org.br\/senarmt\/wp-json\/wp\/v2\/types\/post"}],"author":[{"embeddable":true,"href":"https:\/\/sistemafamato.org.br\/senarmt\/wp-json\/wp\/v2\/users\/1"}],"replies":[{"embeddable":true,"href":"https:\/\/sistemafamato.org.br\/senarmt\/wp-json\/wp\/v2\/comments?post=9964"}],"version-history":[{"count":0,"href":"https:\/\/sistemafamato.org.br\/senarmt\/wp-json\/wp\/v2\/posts\/9964\/revisions"}],"wp:featuredmedia":[{"embeddable":true,"href":"https:\/\/sistemafamato.org.br\/senarmt\/wp-json\/wp\/v2\/media\/2661"}],"wp:attachment":[{"href":"https:\/\/sistemafamato.org.br\/senarmt\/wp-json\/wp\/v2\/media?parent=9964"}],"wp:term":[{"taxonomy":"category","embeddable":true,"href":"https:\/\/sistemafamato.org.br\/senarmt\/wp-json\/wp\/v2\/categories?post=9964"},{"taxonomy":"post_tag","embeddable":true,"href":"https:\/\/sistemafamato.org.br\/senarmt\/wp-json\/wp\/v2\/tags?post=9964"}],"curies":[{"name":"wp","href":"https:\/\/api.w.org\/{rel}","templated":true}]}}