{"id":9960,"date":"2016-08-05T09:06:05","date_gmt":"2016-08-05T12:06:05","guid":{"rendered":"https:\/\/sistemafamato.org.br\/senarmt\/2016\/08\/05\/sai-a-classificacao-final-da-selecao-para-o-curso-tecnico-em-agronegocio-do-senar\/"},"modified":"2016-08-05T09:06:05","modified_gmt":"2016-08-05T12:06:05","slug":"sai-a-classificacao-final-da-selecao-para-o-curso-tecnico-em-agronegocio-do-senar","status":"publish","type":"post","link":"https:\/\/sistemafamato.org.br\/senarmt\/2016\/08\/05\/sai-a-classificacao-final-da-selecao-para-o-curso-tecnico-em-agronegocio-do-senar\/","title":{"rendered":"Sai a classifica\u00e7\u00e3o final da sele\u00e7\u00e3o para o Curso T\u00e9cnico em Agroneg\u00f3cio do SENAR"},"content":{"rendered":"<p class=\"rtejustify\">\nO candidato aprovado na sele&ccedil;&atilde;o para o Curso T&eacute;cnico em Agroneg&oacute;cio da Rede &nbsp;e-Tec Brasil no SENAR (Servi&ccedil;o Nacional de Aprendizagem Rural) j&aacute; pode procurar a secretaria do polo em que se inscreveu para efetivar sua matr&iacute;cula. O per&iacute;odo de matr&iacute;culas foi aberto nesta quinta-feira, com a divulga&ccedil;&atilde;o do gabarito e da classifica&ccedil;&atilde;o final, e vai at&eacute; a ter&ccedil;a-feira, 09\/08. As aulas come&ccedil;am em seguida, na quarta-feira, 10\/08. A rela&ccedil;&atilde;o dos aprovados&nbsp; pode ser conferida no portal <strong><a href=\"http:\/\/www.senar.org.br\/etec\/\">http:\/\/www.senar.org.br\/etec\/<\/a><\/strong>.<\/p>\n<p class=\"rtejustify\">\n&nbsp;<\/p>\n<p class=\"rtejustify\">\nPara&nbsp; a matr&iacute;cula, o novo aluno&nbsp; deve se apresentar &agrave; secretaria do polo de apoio presencial onde vai estudar, munido de toda a documenta&ccedil;&atilde;o exigida,&nbsp; originais ou fotoc&oacute;pias autenticadas em cart&oacute;rio. Os documentos necess&aacute;rios s&atilde;o: certificado de conclus&atilde;o do Ensino M&eacute;dio; hist&oacute;rico escolar do Ensino M&eacute;dio; c&eacute;dula de identidade; cpf; certid&atilde;o de nascimento ou casamento (se houver altera&ccedil;&atilde;o no nome); t&iacute;tulo de eleitor e comprovantes de vota&ccedil;&atilde;o da &uacute;ltima elei&ccedil;&atilde;o, para quem tem mais de 18 anos; uma foto 3&#215;4 recente; comprovante de endere&ccedil;o e, nos casos de desempate na classifica&ccedil;&atilde;o, os documentos necess&aacute;rios, previstos no edital da sele&ccedil;&atilde;o.<\/p>\n<p class=\"rtejustify\">\n&nbsp;<\/p>\n<p class=\"rtejustify\">\nEste &eacute; o quarto processo seletivo para o Curso T&eacute;cnico em Agroneg&oacute;cio do SENAR e, em termos da rela&ccedil;&atilde;o candidato\/vaga o mais disputado. Foram 8.530 inscritos concorrendo as 1.500 vagas oferecidas em 40 dos 74 polos da rede espalhados por 22 estados do pa&iacute;s. Realizado pelo SENAR em parceria com o Minist&eacute;rio da Educa&ccedil;&atilde;o (MEC), o curso, semipresencial e gratuito, garante o certificado formal de n&iacute;vel t&eacute;cnico e oferece ao aluno um amplo leque de conhecimentos sobre toda a cadeia do agroneg&oacute;cio, da produ&ccedil;&atilde;o ao com&eacute;rcio.<\/p>\n<p class=\"rtejustify\">\n&nbsp;<\/p>\n<p class=\"rtejustify\">\n<strong>Conte&uacute;do e qualidade<\/strong><\/p>\n<p class=\"rtejustify\">\nO curr&iacute;culo do curso, somado &agrave; larga experi&ecirc;ncia do SENAR na educa&ccedil;&atilde;o rural, tem atra&iacute;do alunos de todas as idades e um grande n&uacute;mero j&aacute; com forma&ccedil;&atilde;o superior e at&eacute; especializa&ccedil;&atilde;o. Profissionais como Leandro Figueredo que buscam ampliar seus horizontes. Aluno do polo de Barra Mansa (RJ), Leandro acumula os diplomas de t&eacute;cnico em Agropecu&aacute;ria, bi&oacute;logo e especialista em Gest&atilde;o Ambiental e atua&nbsp; h&aacute; dez anos como coordenador ambiental em uma ind&uacute;stria. Mesmo assim acredita que o curso do SENAR, al&eacute;m de enriquecer sua bagagem, abre as portas para um campo de atua&ccedil;&atilde;o inesgot&aacute;vel.<\/p>\n<p class=\"rtejustify\">\n&nbsp;<\/p>\n<p class=\"rtejustify\">\n&quot;De 2004 para c&aacute;, quando conclui meu primeiro curso t&eacute;cnico, o setor agropecu&aacute;rio teve um boom e eu venho acompanhando seu crescimento no Brasil. Somos um pa&iacute;s agr&iacute;cola e &eacute; o setor que move a nossa economia. Ent&atilde;o, minha expectativa com esse curso &eacute; a melhor poss&iacute;vel&quot;.<\/p>\n<p class=\"rtejustify\">\n&nbsp;<\/p>\n<p class=\"rtejustify\">\nA qualidade do curso refor&ccedil;a a confian&ccedil;a de Leandro. &quot;&Eacute; muito bom, maravilhoso. Para que voc&ecirc; tenha uma ideia do n&iacute;vel, em minha turma, quase todos os alunos t&ecirc;m curso superior e, como eu, est&atilde;o entusiasmados. O material did&aacute;tico &eacute; o melhor que h&aacute;, a plataforma AVA muito eficiente, as aulas presenciais e de campo s&atilde;o perfeitas e o corpo docente excelente. Mesmo quem n&atilde;o tem nenhum conhecimento pr&eacute;vio na &aacute;rea consegue absorver os conte&uacute;dos&quot;.<\/p>\n<p class=\"rtejustify\">\n&nbsp;<\/p>\n<p class=\"rtejustify\">\nOitenta por cento das aulas s&atilde;o a dist&acirc;ncia e vinte por cento presenciais, nos polos de apoio da rede. Mas em&nbsp; um caso ou outro, como garante Leandro, os professores est&atilde;o sempre prontos para esclarecer d&uacute;vidas e orientar o aluno. &quot;S&atilde;o profissionais da &aacute;rea com compet&ecirc;ncia did&aacute;tica, dominam o conhecimento, &nbsp;sabem transmitir e s&atilde;o atenciosos&quot;.<\/p>\n<p class=\"rtejustify\">\n&nbsp;<\/p>\n<p class=\"rtejustify\">\n<span style=\"color: rgb(35, 31, 32); font-family: Tahoma, Geneva, sans-serif; line-height: 18px; text-align: justify;\">O Senar-MT faz parte de um conjunto de entidades que formam o Sistema Famato. Essas entidades d&atilde;o suporte para o desenvolvimento sustent&aacute;vel do agroneg&oacute;cio. &Eacute; formado ainda pela Famato, Imea e pelos 89 sindicatos rurais do Estado. O Senar est&aacute; no Facebook e no Instagram. Curta a Fan Page&nbsp;<\/span><a href=\"http:\/\/www.facebook.com\/SenarMt\" style=\"margin: 0px; padding: 0px; font-family: Tahoma, Geneva, sans-serif; line-height: 18px; text-align: justify;\">www.facebook.com\/SenarMt<\/a><span style=\"color: rgb(35, 31, 32); font-family: Tahoma, Geneva, sans-serif; line-height: 18px; text-align: justify;\">&nbsp;e a conta<\/span><a href=\"https:\/\/www.instagram.com\/senar_mt\/?hl=pt-br\" style=\"margin: 0px; padding: 0px; font-family: Tahoma, Geneva, sans-serif; line-height: 18px; text-align: justify;\">&nbsp;@senar_mt<\/a><span style=\"color: rgb(35, 31, 32); font-family: Tahoma, Geneva, sans-serif; line-height: 18px; text-align: justify;\">.<\/span><\/p>\n<p class=\"rtejustify\">\n&nbsp;<\/p>\n<p class=\"rtejustify\">\n&nbsp;<\/p>\n","protected":false},"excerpt":{"rendered":"<p>O candidato aprovado na sele&ccedil;&atilde;o para o Curso T&eacute;cnico em Agroneg&oacute;cio da Rede &nbsp;e-Tec Brasil no SENAR (Servi&ccedil;o Nacional de Aprendizagem Rural) j&aacute; pode procurar a secretaria do polo em que se inscreveu para efetivar sua matr&iacute;cula. O per&iacute;odo de matr&iacute;culas foi aberto nesta quinta-feira, com a divulga&ccedil;&atilde;o do gabarito e da classifica&ccedil;&atilde;o final, e [&hellip;]<\/p>\n","protected":false},"author":1,"featured_media":2653,"comment_status":"open","ping_status":"open","sticky":false,"template":"","format":"standard","meta":{"advgb_blocks_editor_width":"","advgb_blocks_columns_visual_guide":"","footnotes":""},"categories":[1],"tags":[],"class_list":["post-9960","post","type-post","status-publish","format-standard","has-post-thumbnail","hentry","category-geral"],"acf":[],"author_meta":{"display_name":"siteadmin","author_link":"https:\/\/sistemafamato.org.br\/senarmt\/author\/siteadmin\/"},"featured_img":"https:\/\/sistemafamato.org.br\/senarmt\/wp-content\/uploads\/sites\/2\/2016\/08\/05082016090727-300x200.jpg","coauthors":[],"tax_additional":{"categories":{"linked":["<a href=\"https:\/\/sistemafamato.org.br\/senarmt\/category\/geral\/\" class=\"advgb-post-tax-term\">Geral<\/a>"],"unlinked":["<span class=\"advgb-post-tax-term\">Geral<\/span>"]}},"comment_count":"0","relative_dates":{"created":"Publicado 10 anos atr\u00e1s","modified":"Atualizado 10 anos atr\u00e1s"},"absolute_dates":{"created":"Publicado em 5 de agosto de 2016","modified":"Atualizado em 5 de agosto de 2016"},"absolute_dates_time":{"created":"Publicado em 5 de agosto de 2016 09:06","modified":"Atualizado em 5 de agosto de 2016 09:06"},"featured_img_caption":"","series_order":"","_links":{"self":[{"href":"https:\/\/sistemafamato.org.br\/senarmt\/wp-json\/wp\/v2\/posts\/9960","targetHints":{"allow":["GET"]}}],"collection":[{"href":"https:\/\/sistemafamato.org.br\/senarmt\/wp-json\/wp\/v2\/posts"}],"about":[{"href":"https:\/\/sistemafamato.org.br\/senarmt\/wp-json\/wp\/v2\/types\/post"}],"author":[{"embeddable":true,"href":"https:\/\/sistemafamato.org.br\/senarmt\/wp-json\/wp\/v2\/users\/1"}],"replies":[{"embeddable":true,"href":"https:\/\/sistemafamato.org.br\/senarmt\/wp-json\/wp\/v2\/comments?post=9960"}],"version-history":[{"count":0,"href":"https:\/\/sistemafamato.org.br\/senarmt\/wp-json\/wp\/v2\/posts\/9960\/revisions"}],"wp:featuredmedia":[{"embeddable":true,"href":"https:\/\/sistemafamato.org.br\/senarmt\/wp-json\/wp\/v2\/media\/2653"}],"wp:attachment":[{"href":"https:\/\/sistemafamato.org.br\/senarmt\/wp-json\/wp\/v2\/media?parent=9960"}],"wp:term":[{"taxonomy":"category","embeddable":true,"href":"https:\/\/sistemafamato.org.br\/senarmt\/wp-json\/wp\/v2\/categories?post=9960"},{"taxonomy":"post_tag","embeddable":true,"href":"https:\/\/sistemafamato.org.br\/senarmt\/wp-json\/wp\/v2\/tags?post=9960"}],"curies":[{"name":"wp","href":"https:\/\/api.w.org\/{rel}","templated":true}]}}