{"id":9959,"date":"2016-08-04T15:07:54","date_gmt":"2016-08-04T18:07:54","guid":{"rendered":"https:\/\/sistemafamato.org.br\/senarmt\/2016\/08\/04\/regional-de-sorriso-deve-dobrar-a-demanda-de-treinamentos-junto-ao-senar-mt-para-2017\/"},"modified":"2016-08-04T15:07:54","modified_gmt":"2016-08-04T18:07:54","slug":"regional-de-sorriso-deve-dobrar-a-demanda-de-treinamentos-junto-ao-senar-mt-para-2017","status":"publish","type":"post","link":"https:\/\/sistemafamato.org.br\/senarmt\/2016\/08\/04\/regional-de-sorriso-deve-dobrar-a-demanda-de-treinamentos-junto-ao-senar-mt-para-2017\/","title":{"rendered":"Regional de Sorriso deve dobrar a demanda de treinamentos junto ao Senar-MT para 2017"},"content":{"rendered":"<p>\nMesmo antes de concluir o Plano Anual de Trabalho (PAT), a regional de Sorriso, formada por 12 munic\u00edpios j\u00e1 registrou um aumento consider\u00e1vel na demanda por treinamentos junto ao Servi\u00e7o Nacional de Aprendizagem Rural de Mato Grosso (Senar-MT). A maior procura \u00e9 por qualifica\u00e7\u00e3o de m\u00e3o de obra na \u00e1rea de sa\u00fade e seguran\u00e7a no trabalho e cursos de forma\u00e7\u00e3o de profissionais para o setor de m\u00e1quinas e implementos agr\u00edcolas.<\/p>\n<p>\n\u00a0<\/p>\n<p>\nO supervisor da regional de Sorriso, Regis Bozoki, conta que assim como as outra 10 regionais do Senar-MT,\u00a0 a de Sorriso tamb\u00e9m foi reestruturada. &#8220;Na verdade, ficamos com o mesmo n\u00famero de munic\u00edpios, perdemos dois e ganhamos dois&#8221;. Bozoki diz ainda que a regional tem uma demanda bastante diversificada porque v\u00e1rios munic\u00edpios passam por transi\u00e7\u00e3o econ\u00f4mica.<\/p>\n<p>\n\u00a0<\/p>\n<p>\nVera \u00e9 um deles. &#8220;At\u00e9 bem pouco tempo t\u00ednhamos a extra\u00e7\u00e3o da madeira como base da economia. Nos \u00faltimos 10 anos os produtores come\u00e7aram a investir na produ\u00e7\u00e3o de soja e milho. Este \u00e9 um dos motivos pelo qual temos solicitado muitos treinamentos para qualificar e capacitar profissionais para atuarem na opera\u00e7\u00e3o de m\u00e1quinas e implementos agr\u00edcolas&#8221;, conta o presidente do Sindicato Rural de Vera, Vidimar Siliprandi.<\/p>\n<p>\n\u00a0<\/p>\n<p>\nJ\u00e1 em Sorriso, munic\u00edpio onde a regional do Senar-MT est\u00e1 instalada, a principal demanda junto a institui\u00e7\u00e3o de ensino rural \u00e9 a formata\u00e7\u00e3o de novos treinamentos para o setor de irriga\u00e7\u00e3o. O presidente do Sindicato Rural de Sorriso, Laercio Pedro Lenz, conta que a seca deste ano causou muitos preju\u00edzos e, com isso, os produtores est\u00e3o investindo em irriga\u00e7\u00e3o e precisam de profissionais capacitados e qualificados para atuar neste setor.<\/p>\n<p>\n\u00a0<\/p>\n<p>\nAssim como na maioria dos munic\u00edpios produtores de gr\u00e3os, em Nova Ubirat\u00e3, Ipiranga do Norte, Lucas do Rio Verde e Tapurah o maior n\u00famero de treinamentos solicitados s\u00e3o aqueles na \u00e1rea de sa\u00fade e seguran\u00e7a no trabalho e m\u00e1quinas e implementos agr\u00edcolas. Outra demanda comum nestes munic\u00edpios que fazem parte do ranking dos maiores produtores de gr\u00e3os \u00e9 o de capacita\u00e7\u00e3o e qualifica\u00e7\u00e3o de profissionais para atuar no combate ao fogo. &#8220;O Corpo de Bombeiro exige que na propriedade tenha um profissional capacitado para atuar nessa \u00e1rea&#8221;, ressalta o presidente de Nova Ubirat\u00e3, Albino Ruiz.<\/p>\n<p>\n\u00a0<\/p>\n<p>\nEm Nova Mutum, este ano, o diferencial \u00e9 um aumento muito grande na demanda de treinamentos. O mobilizador Evaldo souza Costa conta que logo ap\u00f3s a reuni\u00e3o de sensibiliza\u00e7\u00e3o do Plano Anual de Trabalho (PAT) j\u00e1 come\u00e7aram a chegar as solicita\u00e7\u00f5es. &#8220;Em uma semana recebemos a solicita\u00e7\u00e3o de mais de 200 treinamentos&#8221;, conta. Segundo Costa, o munic\u00edpio tem dois assentamentos. &#8220;Para este p\u00fablico as a\u00e7\u00f5es do Senar-MT mostram formas de agregar valor ao que eles produzem e, consequentemente, ajudam a melhorar a renda da fam\u00edlia e a qualidade de vida deles&#8221;.<\/p>\n<p>\n\u00a0<\/p>\n<p>\nA regional de Sorriso, tem um diferencial que \u00e9 o curso t\u00e9cnico de Agropecu\u00e1ria realizado pelo Senar-MT, em parceria com o Sindicato Rural de S\u00e3o Jos\u00e9 do Rio Claro e o Governo do Estado. Al\u00e9m do curso t\u00e9cnico, os alunos contam que fazem todos os treinamentos do Senar-MT para agregar conhecimento a forma\u00e7\u00e3o e tamb\u00e9m certificados ao curr\u00edculo. &#8220;A procura foi t\u00e3o grande que tivemos que abrir a segunda turma. A regi\u00e3o \u00e9 muito carente de m\u00e3o de obra qualificada. Os participantes est\u00e3o frequentemente procurando vagas para fazer os cursos do Senar-MT&#8221;, destaca o presidente do Sindicato Rural, Aparecido Rodrigues.<\/p>\n<p>\n\u00a0<\/p>\n<p>\nO Senar-MT faz parte de um conjunto de entidades que formam o Sistema Famato. Essas entidades d\u00e3o suporte para o desenvolvimento sustent\u00e1vel do agroneg\u00f3cio e representam os interesses dos produtores rurais do Estado. \u00c9 formado ainda pela Famato, Imea e pelos 90 Sindicatos Rurais do Estado. O Senar est\u00e1 no Facebook e no Instagram. Curta a Fan Page <a href=\"http:\/\/www.facebook.com\/SenarMt\">www.facebook.com\/SenarMt<\/a>\u00a0 e a conta @senar_mt.\u00a0<\/p>\n","protected":false},"excerpt":{"rendered":"<p>Mesmo antes de concluir o Plano Anual de Trabalho (PAT), a regional de Sorriso, formada por 12 munic\u00edpios j\u00e1 registrou um aumento consider\u00e1vel na demanda por treinamentos junto ao Servi\u00e7o Nacional de Aprendizagem Rural de Mato Grosso (Senar-MT). A maior procura \u00e9 por qualifica\u00e7\u00e3o de m\u00e3o de obra na \u00e1rea de sa\u00fade e seguran\u00e7a no [&hellip;]<\/p>\n","protected":false},"author":1,"featured_media":2651,"comment_status":"open","ping_status":"open","sticky":false,"template":"","format":"standard","meta":{"advgb_blocks_editor_width":"","advgb_blocks_columns_visual_guide":"","footnotes":""},"categories":[1],"tags":[],"class_list":["post-9959","post","type-post","status-publish","format-standard","has-post-thumbnail","hentry","category-geral"],"acf":[],"author_meta":{"display_name":"siteadmin","author_link":"https:\/\/sistemafamato.org.br\/senarmt\/author\/siteadmin\/"},"featured_img":"https:\/\/sistemafamato.org.br\/senarmt\/wp-content\/uploads\/sites\/2\/2016\/08\/04082016031000-300x169.jpg","coauthors":[],"tax_additional":{"categories":{"linked":["<a href=\"https:\/\/sistemafamato.org.br\/senarmt\/category\/geral\/\" class=\"advgb-post-tax-term\">Geral<\/a>"],"unlinked":["<span class=\"advgb-post-tax-term\">Geral<\/span>"]}},"comment_count":"0","relative_dates":{"created":"Publicado 10 anos atr\u00e1s","modified":"Atualizado 10 anos atr\u00e1s"},"absolute_dates":{"created":"Publicado em 4 de agosto de 2016","modified":"Atualizado em 4 de agosto de 2016"},"absolute_dates_time":{"created":"Publicado em 4 de agosto de 2016 15:07","modified":"Atualizado em 4 de agosto de 2016 15:07"},"featured_img_caption":"","series_order":"","_links":{"self":[{"href":"https:\/\/sistemafamato.org.br\/senarmt\/wp-json\/wp\/v2\/posts\/9959","targetHints":{"allow":["GET"]}}],"collection":[{"href":"https:\/\/sistemafamato.org.br\/senarmt\/wp-json\/wp\/v2\/posts"}],"about":[{"href":"https:\/\/sistemafamato.org.br\/senarmt\/wp-json\/wp\/v2\/types\/post"}],"author":[{"embeddable":true,"href":"https:\/\/sistemafamato.org.br\/senarmt\/wp-json\/wp\/v2\/users\/1"}],"replies":[{"embeddable":true,"href":"https:\/\/sistemafamato.org.br\/senarmt\/wp-json\/wp\/v2\/comments?post=9959"}],"version-history":[{"count":0,"href":"https:\/\/sistemafamato.org.br\/senarmt\/wp-json\/wp\/v2\/posts\/9959\/revisions"}],"wp:featuredmedia":[{"embeddable":true,"href":"https:\/\/sistemafamato.org.br\/senarmt\/wp-json\/wp\/v2\/media\/2651"}],"wp:attachment":[{"href":"https:\/\/sistemafamato.org.br\/senarmt\/wp-json\/wp\/v2\/media?parent=9959"}],"wp:term":[{"taxonomy":"category","embeddable":true,"href":"https:\/\/sistemafamato.org.br\/senarmt\/wp-json\/wp\/v2\/categories?post=9959"},{"taxonomy":"post_tag","embeddable":true,"href":"https:\/\/sistemafamato.org.br\/senarmt\/wp-json\/wp\/v2\/tags?post=9959"}],"curies":[{"name":"wp","href":"https:\/\/api.w.org\/{rel}","templated":true}]}}