{"id":9958,"date":"2016-08-04T10:32:38","date_gmt":"2016-08-04T13:32:38","guid":{"rendered":"https:\/\/sistemafamato.org.br\/senarmt\/2016\/08\/04\/seminarios-do-pradam-serao-realizados-em-mato-grosso-neste-mes\/"},"modified":"2016-08-04T10:32:38","modified_gmt":"2016-08-04T13:32:38","slug":"seminarios-do-pradam-serao-realizados-em-mato-grosso-neste-mes","status":"publish","type":"post","link":"https:\/\/sistemafamato.org.br\/senarmt\/2016\/08\/04\/seminarios-do-pradam-serao-realizados-em-mato-grosso-neste-mes\/","title":{"rendered":"Semin\u00e1rios do PRADAM ser\u00e3o realizados em Mato Grosso neste m\u00eas"},"content":{"rendered":"<p style=\"text-align: justify;\">\nMato Grosso recebe neste m\u00eas os semin\u00e1rios do Projeto de Recupera\u00e7\u00e3o de \u00c1reas Degradadas na Amaz\u00f4nia (PRADAM), parceria entre o SENAR Brasil, a Organiza\u00e7\u00e3o das Na\u00e7\u00f5es Unidas para Alimenta\u00e7\u00e3o e Agricultura (FAO), o Minist\u00e9rio da Agricultura, Pecu\u00e1ria e Abastecimento (Mapa) e a Embrapa.<\/p>\n<p style=\"text-align: justify;\">\n\u00a0<\/p>\n<p style=\"text-align: justify;\">\nO SENAR-MT \u00e9 parceiro na realiza\u00e7\u00e3o dos semin\u00e1rios em Mato Grosso, que acontecer\u00e3o nos munic\u00edpios de Juara, Ga\u00facha do Norte, Confresa e S\u00e3o F\u00e9lix do Araguaia, entre os dias 17 e 22 de agosto.<\/p>\n<p style=\"text-align: justify;\">\n\u00a0<\/p>\n<p style=\"text-align: justify;\">\nO gerente de Educa\u00e7\u00e3o Formal e Assist\u00eancia T\u00e9cnica do SENAR-MT, Armando Urenha, explica que o PRADAM visa disseminar princ\u00edpios e tecnologias de produ\u00e7\u00e3o sustent\u00e1vel.\u00a0 \u201cOs eventos, gratuitos, s\u00e3o direcionados a produtores rurais, t\u00e9cnicos de assist\u00eancia t\u00e9cnica e outros profissionais envolvidos com a produ\u00e7\u00e3o agropecu\u00e1ria\u201d.<\/p>\n<p style=\"text-align: justify;\">\n\u00a0<\/p>\n<p style=\"text-align: justify;\">\nOs semin\u00e1rios ir\u00e3o abordar tr\u00eas das quatro tecnologias disseminadas pela iniciativa:\u00a0 Integra\u00e7\u00e3o Lavoura-Pecu\u00e1ria-Floresta (ILPF), Recupera\u00e7\u00e3o de Pastagens e Sistemas Agroflorestais.<\/p>\n<p style=\"text-align: justify;\">\n\u00a0<\/p>\n<p style=\"text-align: justify;\">\nParalelamente, ocorre tamb\u00e9m treinamentos para t\u00e9cnicos e extensionistas, na sede da Embrapa Agrossilvipastoril, em Sinop.<\/p>\n<p style=\"text-align: justify;\">\n\u00a0<\/p>\n<p style=\"text-align: justify;\">\nAl\u00e9m de Mato Grosso, os semin\u00e1rios est\u00e3o sendo realizados nos estados do Acre, Amazonas, Maranh\u00e3o, Par\u00e1 e Rond\u00f4nia.<\/p>\n<p style=\"text-align: justify;\">\n\u00a0<\/p>\n<p style=\"text-align: justify;\">\n<strong>Programa\u00e7\u00e3o:<\/strong><\/p>\n<p>\n<strong>Dia 17\/08 &#8211; Juara<\/strong><\/p>\n<p>\n7:30 &#8211; Credenciamento<\/p>\n<p>\n8:00 &#8211; Abertura com representante do SENAR-MT<\/p>\n<p>\n8:30 &#8211; Palestra sobre Integra\u00e7\u00e3o Lavoura Pecu\u00e1ria Floresta &#8211; Jo\u00e3o Meneguci\/ Embrapa Agrossilvipastoril<\/p>\n<p>\n9:30 &#8211; Coffee Break<\/p>\n<p>\n11:00 &#8211; Questionamentos<\/p>\n<p>\n11:45 &#8211; Encerramento<\/p>\n<p>\n\u00a0<\/p>\n<p>\n<strong>Dia 18\/8 &#8211; Ga\u00facha do Norte<\/strong><\/p>\n<p>\n18:30 &#8211; Credenciamento<\/p>\n<p>\n19:00 &#8211; Abertura com representantes do SENAR-MT<\/p>\n<p>\n19:30 &#8211; Palestra sobre Recupera\u00e7\u00e3o de Pastagens no Plano da Agricultura de Baixa Emiss\u00e3o de Carbono &#8211;\u00a0 Cleomar Costa\/ Mapa-MT<\/p>\n<p>\n20:30 &#8211; Coffee Break<\/p>\n<p>\n21:00 &#8211; Palestra sobre Sistemas Agroflorestais &#8211; Fernando Oliveira da Silva\/ Ceplac-MT<\/p>\n<p>\n22:00 &#8211; Questionamentos<\/p>\n<p>\n22:30 &#8211; Encerramento<\/p>\n<p>\n\u00a0<\/p>\n<p>\n<strong>Dia 20\/8 &#8211; Confresa<\/strong><\/p>\n<p>\n7:30 &#8211; Credenciamento<\/p>\n<p>\n8:00 &#8211; Abertura com representante do SENAR-MT<\/p>\n<p>\n8:30 &#8211; Palestra sobre Recupera\u00e7\u00e3o de Pastagens no Plano da Agricultura de Baixa Emiss\u00e3o de Carbono &#8211;\u00a0 Cleomar Costa\/ Mapa-MT<\/p>\n<p>\n9:30 &#8211; Coffee Break<\/p>\n<p>\n10:00 &#8211; Palestra sobre Sistemas Agroflorestais &#8211; Fernando Oliveira da Silva\/ Ceplac-MT<\/p>\n<p>\n11:00 &#8211; Questionamentos<\/p>\n<p>\n11:45 &#8211; Encerramento<\/p>\n<p>\n\u00a0<\/p>\n<p>\n<strong>Dia 22\/8 &#8211; S\u00e3o F\u00e9lix do Araguaia <\/strong><\/p>\n<p>\n18:30 &#8211; Credenciamento<\/p>\n<p>\n19:00 &#8211; Abertura com representantes do SENAR-MT<\/p>\n<p>\n19:30 &#8211; Palestra sobre Recupera\u00e7\u00e3o de Pastagens no Plano da Agricultura de Baixa Emiss\u00e3o de Carbono &#8211;\u00a0 Cleomar Costa\/ Mapa-MT<\/p>\n<p>\n20:30 &#8211; Coffee Break<\/p>\n<p>\n21:00 &#8211; Palestra sobre Sistemas Agroflorestais &#8211; Fernando Oliveira da Silva\/ Ceplac-MT<\/p>\n<p>\n22:00 &#8211; Questionamentos<\/p>\n<p>\n22:30 &#8211; Encerramento<\/p>\n","protected":false},"excerpt":{"rendered":"<p>Mato Grosso recebe neste m\u00eas os semin\u00e1rios do Projeto de Recupera\u00e7\u00e3o de \u00c1reas Degradadas na Amaz\u00f4nia (PRADAM), parceria entre o SENAR Brasil, a Organiza\u00e7\u00e3o das Na\u00e7\u00f5es Unidas para Alimenta\u00e7\u00e3o e Agricultura (FAO), o Minist\u00e9rio da Agricultura, Pecu\u00e1ria e Abastecimento (Mapa) e a Embrapa. \u00a0 O SENAR-MT \u00e9 parceiro na realiza\u00e7\u00e3o dos semin\u00e1rios em Mato Grosso, [&hellip;]<\/p>\n","protected":false},"author":1,"featured_media":2649,"comment_status":"open","ping_status":"open","sticky":false,"template":"","format":"standard","meta":{"advgb_blocks_editor_width":"","advgb_blocks_columns_visual_guide":"","footnotes":""},"categories":[1],"tags":[],"class_list":["post-9958","post","type-post","status-publish","format-standard","has-post-thumbnail","hentry","category-geral"],"acf":[],"author_meta":{"display_name":"siteadmin","author_link":"https:\/\/sistemafamato.org.br\/senarmt\/author\/siteadmin\/"},"featured_img":"https:\/\/sistemafamato.org.br\/senarmt\/wp-content\/uploads\/sites\/2\/2016\/08\/04082016103215-300x158.jpg","coauthors":[],"tax_additional":{"categories":{"linked":["<a href=\"https:\/\/sistemafamato.org.br\/senarmt\/category\/geral\/\" class=\"advgb-post-tax-term\">Geral<\/a>"],"unlinked":["<span class=\"advgb-post-tax-term\">Geral<\/span>"]}},"comment_count":"0","relative_dates":{"created":"Publicado 10 anos atr\u00e1s","modified":"Atualizado 10 anos atr\u00e1s"},"absolute_dates":{"created":"Publicado em 4 de agosto de 2016","modified":"Atualizado em 4 de agosto de 2016"},"absolute_dates_time":{"created":"Publicado em 4 de agosto de 2016 10:32","modified":"Atualizado em 4 de agosto de 2016 10:32"},"featured_img_caption":"","series_order":"","_links":{"self":[{"href":"https:\/\/sistemafamato.org.br\/senarmt\/wp-json\/wp\/v2\/posts\/9958","targetHints":{"allow":["GET"]}}],"collection":[{"href":"https:\/\/sistemafamato.org.br\/senarmt\/wp-json\/wp\/v2\/posts"}],"about":[{"href":"https:\/\/sistemafamato.org.br\/senarmt\/wp-json\/wp\/v2\/types\/post"}],"author":[{"embeddable":true,"href":"https:\/\/sistemafamato.org.br\/senarmt\/wp-json\/wp\/v2\/users\/1"}],"replies":[{"embeddable":true,"href":"https:\/\/sistemafamato.org.br\/senarmt\/wp-json\/wp\/v2\/comments?post=9958"}],"version-history":[{"count":0,"href":"https:\/\/sistemafamato.org.br\/senarmt\/wp-json\/wp\/v2\/posts\/9958\/revisions"}],"wp:featuredmedia":[{"embeddable":true,"href":"https:\/\/sistemafamato.org.br\/senarmt\/wp-json\/wp\/v2\/media\/2649"}],"wp:attachment":[{"href":"https:\/\/sistemafamato.org.br\/senarmt\/wp-json\/wp\/v2\/media?parent=9958"}],"wp:term":[{"taxonomy":"category","embeddable":true,"href":"https:\/\/sistemafamato.org.br\/senarmt\/wp-json\/wp\/v2\/categories?post=9958"},{"taxonomy":"post_tag","embeddable":true,"href":"https:\/\/sistemafamato.org.br\/senarmt\/wp-json\/wp\/v2\/tags?post=9958"}],"curies":[{"name":"wp","href":"https:\/\/api.w.org\/{rel}","templated":true}]}}