{"id":9955,"date":"2016-08-02T16:08:43","date_gmt":"2016-08-02T19:08:43","guid":{"rendered":"https:\/\/sistemafamato.org.br\/senarmt\/2016\/08\/02\/senar-divulga-gabarito-das-provas-de-selecao-para-seu-curso-tecnico-em-agronegocio\/"},"modified":"2016-08-02T16:08:43","modified_gmt":"2016-08-02T19:08:43","slug":"senar-divulga-gabarito-das-provas-de-selecao-para-seu-curso-tecnico-em-agronegocio","status":"publish","type":"post","link":"https:\/\/sistemafamato.org.br\/senarmt\/2016\/08\/02\/senar-divulga-gabarito-das-provas-de-selecao-para-seu-curso-tecnico-em-agronegocio\/","title":{"rendered":"Senar divulga gabarito das provas de sele\u00e7\u00e3o para seu Curso T\u00e9cnico em Agroneg\u00f3cio"},"content":{"rendered":"<p class=\"rtejustify\" style=\"margin: 0cm 0cm 0.0001pt; line-height: 16.8pt; background-image: initial; background-attachment: initial; background-size: initial; background-origin: initial; background-clip: initial; background-position: initial; background-repeat: initial;\">\n<span style=\"font-family:\">&nbsp;J&aacute; est&aacute; dispon&iacute;vel no site da Rede e-Tec Brasil no SENAR (Servi&ccedil;o Nacional de Aprendizagem Rural) o gabarito preliminar das provas de sele&ccedil;&atilde;o para o&nbsp; Curso T&eacute;cnico em Agroneg&oacute;cio. As&nbsp; respostas corretas das quest&otilde;es de Portugu&ecirc;s, Matem&aacute;tica e Conhecimentos Gerais podem ser conferidas no endere&ccedil;o eletr&ocirc;nico <a href=\"http:\/\/etec.senar.org.br\/processoseletivo\/\"><b><span style=\"color:windowtext;\ntext-decoration:none;text-underline:none\">http:\/\/etec.senar.org.br\/processoseletivo\/<\/span><\/b><\/a>. O gabarito oficial e a classifica&ccedil;&atilde;o final ser&atilde;o divulgados na quinta-feira, 04\/08, e a listagem da segunda chamada na pr&oacute;xima semana, no dia 10\/08.<o:p><\/o:p><\/span><\/p>\n<p class=\"rtejustify\" style=\"margin: 18pt 0cm 0.0001pt; line-height: 16.8pt; background-image: initial; background-attachment: initial; background-size: initial; background-origin: initial; background-clip: initial; background-position: initial; background-repeat: initial;\">\n<span style=\"font-family:\">S&atilde;o 8.530 candidatos disputando as 1.500 vagas distribu&iacute;das por 40 polos da rede. Inscrita em Balsas (MA), onde a concorr&ecirc;ncia &eacute; a mais acirrada no pa&iacute;s (15 candidatos\/vaga), Maiara Alves j&aacute; conferiu o gabarito e mant&eacute;m seu otimismo. &quot;N&atilde;o fui t&atilde;o mal na prova objetiva e na Reda&ccedil;&atilde;o at&eacute; que fui bem. Tem um pessoal vibrando comigo, dizendo que j&aacute; entrei, mas realmente &eacute; um polo muito concorrido&quot;.<\/span><\/p>\n<p class=\"rtejustify\" style=\"margin: 18pt 0cm 0.0001pt; line-height: 16.8pt; background-image: initial; background-attachment: initial; background-size: initial; background-origin: initial; background-clip: initial; background-position: initial; background-repeat: initial;\">\n<span style=\"font-family: Arial, sans-serif; line-height: 16.8pt;\">A mineira La&iacute;s Nolasco, inscrita no polo de Sete Lagoas, onde a rela&ccedil;&atilde;o candidato vaga tamb&eacute;m n&atilde;o &eacute; pequena, 7,2, tenta conter o otimismo. &quot;Achei a prova de Matem&aacute;tica dif&iacute;cil&rdquo;. Mesmo assim, ela n&atilde;o perde a f&eacute; em atingir sua meta. &ldquo;Essa &eacute; uma &aacute;rea por que tenho paix&atilde;o desde pequena, sempre gostei desse campo do agroneg&oacute;cio. O curso &eacute; super elogiado e minha expectativa de entrar a melhor poss&iacute;vel. Moro em Pomp&eacute;u, interior de Minas, onde mais de 80% da economia depende do setor agropecu&aacute;rio. Ent&atilde;o &eacute; um mercado de trabalho que s&oacute; cresce. Muita gente aqui j&aacute; conseguiu emprego por estar no curso do SENAR&quot;.<\/span><\/p>\n<p class=\"rtejustify\" style=\"margin: 18pt 0cm 0.0001pt; line-height: 16.8pt; background-image: initial; background-attachment: initial; background-size: initial; background-origin: initial; background-clip: initial; background-position: initial; background-repeat: initial;\">\n<span style=\"font-family: Arial, sans-serif; line-height: 16.8pt;\">Maiara tamb&eacute;m alimenta o desejo de se dedicar ao campo h&aacute; muito tempo. &quot;Desde menina sempre gostei desse neg&oacute;cio de mexer com terra, fazia horta no quintal de casa e meu entusiasmo foi s&oacute; aumentando&quot;. Formada como t&eacute;cnica agr&iacute;cola, ela aposta no Curso T&eacute;cnico em Agroneg&oacute;cio do SENAR para ampliar seus conhecimentos e suas chances no mercado de trabalho. &quot;Quando uma amiga comentou comigo sobre a sele&ccedil;&atilde;o n&atilde;o pensei duas vezes e me inscrevi. Eu moro em Campos Lindos, no Tocantins, a 150 km de Balsas. &Eacute; um polo agr&iacute;cola muito forte, grande produtor de soja. Quero aprender mais e entrar nesse mercado&quot;.<\/span><\/p>\n<p class=\"rtejustify\" style=\"margin: 18pt 0cm 0.0001pt; line-height: 16.8pt; background-image: initial; background-attachment: initial; background-size: initial; background-origin: initial; background-clip: initial; background-position: initial; background-repeat: initial;\">\n<strong><span style=\"font-family:\">Foco na produ&ccedil;&atilde;o e na gest&atilde;o<\/span><\/strong><span style=\"font-family:\"><o:p><\/o:p><\/span><\/p>\n<p class=\"rtejustify\" style=\"margin: 18pt 0cm 0.0001pt; line-height: 16.8pt; background-image: initial; background-attachment: initial; background-size: initial; background-origin: initial; background-clip: initial; background-position: initial; background-repeat: initial;\">\n<span style=\"font-family:\">Com abordagem mais ampla que a do&nbsp; t&eacute;cnico agr&iacute;cola, o t&eacute;cnico em agroneg&oacute;cio, foca n&atilde;o somente na produ&ccedil;&atilde;o, mas tamb&eacute;m na gest&atilde;o de empresas do ramo, fazendas ou agroind&uacute;strias, e ainda na comercializa&ccedil;&atilde;o dos produtos. Por isso, o curso do SENAR abre para seus alunos uma grande janela de oportunidades, o que s&oacute; faz crescer a concorr&ecirc;ncia por suas vagas a cada novo processo seletivo.<o:p><\/o:p><\/span><\/p>\n<p class=\"rtejustify\" style=\"margin: 18pt 0cm 0.0001pt; line-height: 16.8pt; background-image: initial; background-attachment: initial; background-size: initial; background-origin: initial; background-clip: initial; background-position: initial; background-repeat: initial;\">\n<span style=\"font-family:\">Realizado em parceria com o Minist&eacute;rio da Educa&ccedil;&atilde;o (MEC), com certificado formal de ensino t&eacute;cnico, ele foi criado no in&iacute;cio de 2015 e j&aacute; est&aacute; em sua quarta sele&ccedil;&atilde;o, com&nbsp; cinco mil alunos matriculados nos 74 polos da rede, implantados em 22 estados do pa&iacute;s e no Distrito Federal.&nbsp; O curso &eacute; todo gratuito e na modalidade semipresencial. Todo material did&aacute;tico fica disponibilizado no portal da rede, onde o aluno tem acesso a oitenta por cento das aulas. Os vinte por cento restantes da carga hor&aacute;ria s&atilde;o preenchidos por aulas presenciais, visitas t&eacute;cnicas e aulas de campo.<o:p><\/o:p><\/span><\/p>\n<p class=\"rtejustify\" style=\"margin: 18pt 0cm 0.0001pt; line-height: 16.8pt; background-image: initial; background-attachment: initial; background-size: initial; background-origin: initial; background-clip: initial; background-position: initial; background-repeat: initial;\">\n<span style=\"font-family: Arial, sans-serif; color: rgb(35, 31, 32); background-image: initial; background-attachment: initial; background-size: initial; background-origin: initial; background-clip: initial; background-position: initial; background-repeat: initial;\">O Senar-MT faz parte de um conjunto de entidades que forma o Sistema Famato. Essas entidades d&atilde;o suporte para o desenvolvimento sustent&aacute;vel do agroneg&oacute;cio e representam os interesses dos produtores rurais do Estado. &Eacute; formado ainda pela Federa&ccedil;&atilde;o da Agricultura e Pecu&aacute;ria do Estado de Mato Grosso (Famato), pelo Instituto Mato-Grossense de Economia Agropecu&aacute;ria (Imea) e pelos 90 Sindicatos Rurais do Estado. O Senar est&aacute; no Twitter e no Facebook. Siga&nbsp;<\/span><span style=\"font-family:\"><a href=\"https:\/\/twitter.com\/senar_mt\"><span style=\"background-image: initial; background-attachment: initial; background-size: initial; background-origin: initial; background-clip: initial; background-position: initial; background-repeat: initial;\">@senar_mt<\/span><\/a><span style=\"color: rgb(35, 31, 32); background-image: initial; background-attachment: initial; background-size: initial; background-origin: initial; background-clip: initial; background-position: initial; background-repeat: initial;\">&nbsp;e curta a Fan Page (<\/span><a href=\"http:\/\/www.facebook.com\/SenarMt\"><span style=\"background-image: initial; background-attachment: initial; background-size: initial; background-origin: initial; background-clip: initial; background-position: initial; background-repeat: initial;\">www.facebook.com\/SenarMt<\/span><\/a><span style=\"color: rgb(35, 31, 32); background-image: initial; background-attachment: initial; background-size: initial; background-origin: initial; background-clip: initial; background-position: initial; background-repeat: initial;\">).<\/span><o:p><\/o:p><\/span><\/p>\n","protected":false},"excerpt":{"rendered":"<p>&nbsp;J&aacute; est&aacute; dispon&iacute;vel no site da Rede e-Tec Brasil no SENAR (Servi&ccedil;o Nacional de Aprendizagem Rural) o gabarito preliminar das provas de sele&ccedil;&atilde;o para o&nbsp; Curso T&eacute;cnico em Agroneg&oacute;cio. As&nbsp; respostas corretas das quest&otilde;es de Portugu&ecirc;s, Matem&aacute;tica e Conhecimentos Gerais podem ser conferidas no endere&ccedil;o eletr&ocirc;nico http:\/\/etec.senar.org.br\/processoseletivo\/. O gabarito oficial e a classifica&ccedil;&atilde;o final ser&atilde;o [&hellip;]<\/p>\n","protected":false},"author":1,"featured_media":2643,"comment_status":"open","ping_status":"open","sticky":false,"template":"","format":"standard","meta":{"advgb_blocks_editor_width":"","advgb_blocks_columns_visual_guide":"","footnotes":""},"categories":[1],"tags":[],"class_list":["post-9955","post","type-post","status-publish","format-standard","has-post-thumbnail","hentry","category-geral"],"acf":[],"author_meta":{"display_name":"siteadmin","author_link":"https:\/\/sistemafamato.org.br\/senarmt\/author\/siteadmin\/"},"featured_img":"https:\/\/sistemafamato.org.br\/senarmt\/wp-content\/uploads\/sites\/2\/2016\/08\/02082016040831-300x200.jpg","coauthors":[],"tax_additional":{"categories":{"linked":["<a href=\"https:\/\/sistemafamato.org.br\/senarmt\/category\/geral\/\" class=\"advgb-post-tax-term\">Geral<\/a>"],"unlinked":["<span class=\"advgb-post-tax-term\">Geral<\/span>"]}},"comment_count":"0","relative_dates":{"created":"Publicado 10 anos atr\u00e1s","modified":"Atualizado 10 anos atr\u00e1s"},"absolute_dates":{"created":"Publicado em 2 de agosto de 2016","modified":"Atualizado em 2 de agosto de 2016"},"absolute_dates_time":{"created":"Publicado em 2 de agosto de 2016 16:08","modified":"Atualizado em 2 de agosto de 2016 16:08"},"featured_img_caption":"","series_order":"","_links":{"self":[{"href":"https:\/\/sistemafamato.org.br\/senarmt\/wp-json\/wp\/v2\/posts\/9955","targetHints":{"allow":["GET"]}}],"collection":[{"href":"https:\/\/sistemafamato.org.br\/senarmt\/wp-json\/wp\/v2\/posts"}],"about":[{"href":"https:\/\/sistemafamato.org.br\/senarmt\/wp-json\/wp\/v2\/types\/post"}],"author":[{"embeddable":true,"href":"https:\/\/sistemafamato.org.br\/senarmt\/wp-json\/wp\/v2\/users\/1"}],"replies":[{"embeddable":true,"href":"https:\/\/sistemafamato.org.br\/senarmt\/wp-json\/wp\/v2\/comments?post=9955"}],"version-history":[{"count":0,"href":"https:\/\/sistemafamato.org.br\/senarmt\/wp-json\/wp\/v2\/posts\/9955\/revisions"}],"wp:featuredmedia":[{"embeddable":true,"href":"https:\/\/sistemafamato.org.br\/senarmt\/wp-json\/wp\/v2\/media\/2643"}],"wp:attachment":[{"href":"https:\/\/sistemafamato.org.br\/senarmt\/wp-json\/wp\/v2\/media?parent=9955"}],"wp:term":[{"taxonomy":"category","embeddable":true,"href":"https:\/\/sistemafamato.org.br\/senarmt\/wp-json\/wp\/v2\/categories?post=9955"},{"taxonomy":"post_tag","embeddable":true,"href":"https:\/\/sistemafamato.org.br\/senarmt\/wp-json\/wp\/v2\/tags?post=9955"}],"curies":[{"name":"wp","href":"https:\/\/api.w.org\/{rel}","templated":true}]}}