{"id":9951,"date":"2016-07-27T15:53:04","date_gmt":"2016-07-27T18:53:04","guid":{"rendered":"https:\/\/sistemafamato.org.br\/senarmt\/2016\/07\/27\/alta-concorrencia-para-o-curso-tecnico-em-agronegocio-do-senar\/"},"modified":"2016-07-27T15:53:04","modified_gmt":"2016-07-27T18:53:04","slug":"alta-concorrencia-para-o-curso-tecnico-em-agronegocio-do-senar","status":"publish","type":"post","link":"https:\/\/sistemafamato.org.br\/senarmt\/2016\/07\/27\/alta-concorrencia-para-o-curso-tecnico-em-agronegocio-do-senar\/","title":{"rendered":"Alta concorr\u00eancia para o Curso T\u00e9cnico em Agroneg\u00f3cio do SENAR"},"content":{"rendered":"<p>\nCom o encerramento nesta 2\u00aa feira das inscri\u00e7\u00f5es para o processo seletivo para o Curso T\u00e9cnico em Agroneg\u00f3cio da Rede e-Tec Brasil no SENAR (Servi\u00e7o Nacional de Aprendizagem Rural), os candidatos agora sofrem com a expectativa sobre o resultado. E com raz\u00e3o. A concorr\u00eancia n\u00e3o \u00e9 pequena. As 1.500 vagas oferecidas em 40 polos da rede s\u00e3o disputadas por 8.530 candidatos. O polo de Balsas (MA) tem a maior rela\u00e7\u00e3o candidato\/vaga, chegando a 15,6. A disputa tamb\u00e9m \u00e9 grande em Teresina (PI) e em Palmas (TO), onde 11 candidatos disputam cada vaga.<\/p>\n<p>\n\u00a0<\/p>\n<p>\nAs provas, realizadas individualmente nos polos, v\u00e3o at\u00e9 a pr\u00f3xima sexta-feira, 29. O gabarito preliminar estar\u00e1 disponibilizado no site <a href=\"http:\/\/www.senar.org.br\/etec\/\">http:\/\/www.senar.org.br\/etec\/<\/a> a partir da segunda-feira, 1\u00ba de agosto. O resultado oficial\u00a0 sai no dia 4. O exame inclui uma reda\u00e7\u00e3o e prova objetiva, com 30 quest\u00f5es de Matem\u00e1tica, Portugu\u00eas e Conhecimentos Gerais.<\/p>\n<p>\n\u00a0<\/p>\n<p>\nCleber Silva est\u00e1 ansioso. Junto com outros 171 candidatos, ele concorre a uma das 40 vagas oferecidas no polo de Bezerros, em Pernambuco, que ser\u00e1 inaugurado agora, com sua primeira turma do Curso T\u00e9cnico em Agroneg\u00f3cio do SENAR. Cleber \u00e9 funcion\u00e1rio municipal e, se for aprovado, planeja abrir novos horizontes em sua vida profissional.<\/p>\n<p>\n\u00a0<\/p>\n<p>\n&#8220;Ainda n\u00e3o tive oportunidade de cursar o ensino superior e, agora, se Deus quiser, se conseguir \u00eaxito no exame, vou me formar em t\u00e9cnico em Agroneg\u00f3cio e tocar o barco pra frente. Hoje em dia, o curso t\u00e9cnico t\u00e1 abrindo mais portas no mercado de trabalho do que o curso superior e essa \u00e1rea do agroneg\u00f3cio tem um mercado muito bom, a cada ano cresce mais&#8221;.<\/p>\n<p>\n\u00a0<\/p>\n<p>\nCleber conta que ficou entusiasmado quando soube que seria inaugurado um polo da Rede e-Tec Brasil no SENAR em Bezerros. O SENAR tem muita credibilidade, \u00e9 uma institui\u00e7\u00e3o bem conceituada aqui na cidade porque sempre oferece bons cursos profissionalizantes. \u00c9 uma esp\u00e9cie de ponte mais estreita entre a popula\u00e7\u00e3o e a educa\u00e7\u00e3o.<\/p>\n<p>\n\u00a0<\/p>\n<p>\n<strong>Proposta e qualidade justificam concorr\u00eancia<\/strong><\/p>\n<p>\n\u00a0<\/p>\n<p>\nGratuito e na modalidade semipresencial, o Curso T\u00e9cnico em Agroneg\u00f3cio, realizado pelo SENAR em parceria com o Minist\u00e9rio da Educa\u00e7\u00e3o (MEC), tem como proposta preparar profissionais que somem conhecimentos t\u00e9cnicos e empreendedorismo e possam atuar em qualquer dos elos da cadeia do agroneg\u00f3cio, seja na produ\u00e7\u00e3o, no com\u00e9rcio ou na pesquisa.<\/p>\n<p>\n\u00a0<\/p>\n<p>\nPara Marledison Firmino Rodrigues, que j\u00e1 est\u00e1 concluindo o terceiro semestre no polo de Contagem (MG), esse \u00e9 um grande diferencial do curso e respons\u00e1vel pelo avan\u00e7o crescente da concorr\u00eancia nos processos seletivos. &#8220;O curso abre todo o ciclo do agroneg\u00f3cio, que n\u00e3o para. Quem faz fica apto a pegar uma pequena fazenda e tocar o neg\u00f3cio com muito mais \u00eaxito, porque aborda a produ\u00e7\u00e3o animal e vegetal, quest\u00f5es de contabilidade, economia, empreendedorismo, etc. Isso \u00e9 muito importante porque ajuda a fixar o pequeno produtor na terra, pondo fim ao \u00eaxodo rural&#8221;.<\/p>\n<p>\n\u00a0<\/p>\n<p>\nAtualmente trabalhando como corretor de im\u00f3veis em Belo Horizonte, Marledison tamb\u00e9m viu no Curso T\u00e9cnico em Agroneg\u00f3cio uma oportunidade para uma guinada na vida profissional. &#8220;Quero trabalhar com im\u00f3veis rurais e tamb\u00e9m tenho o projeto de administrar uma propriedade, minha ou de terceiros. Muita gente est\u00e1 migrando de outros setores para o agroneg\u00f3cio, porque \u00e9 o setor que segura o Brasil, minha turma tem profissionais de diversas outras \u00e1reas&#8221;.<\/p>\n<p>\n\u00a0<\/p>\n<p>\nOitenta por cento das aulas s\u00e3o a dist\u00e2ncia. Os outros vinte por cento da carga hor\u00e1ria s\u00e3o reservados para aulas presenciais e visitas t\u00e9cnicas no campo ou agroind\u00fastrias. Nesta sele\u00e7\u00e3o est\u00e3o sendo oferecidas vagas em 40 dos 74 polos da Rede e-Tec Brasil no SENAR, distribu\u00eddas em 19 estados: Acre, Amazonas, Bahia, Cear\u00e1, Maranh\u00e3o, Minas Gerais, Mato Grosso do Sul, Par\u00e1, Para\u00edba, Piau\u00ed, Rio de Janeiro, Rio Grande do Norte, Rio Grande do Sul, Rond\u00f4nia, Roraima, Santa Catarina e Tocantins, al\u00e9m de Pernambuco, Mato Grosso. A rede tamb\u00e9m tem polos em Alagoas, Goi\u00e1s, Sergipe e no Distrito Federal, mas que n\u00e3o est\u00e3o disponibilizando vagas neste processo.<\/p>\n<p>\n\u00a0<\/p>\n<p>\n&#8220;Daqui a pouco vamos ter mais de 100 alunos concorrendo a cada vaga, porque o curso \u00e9 demais, estou apaixonado \u2013 prev\u00ea Marledison. \u00c9 muito completo e exige muito. A gente tem que ter foco e se dedicar. Mas a did\u00e1tica \u00e9 excelente, as aulas a dist\u00e2ncia e presenciais bem interessantes, as sa\u00eddas de campo \u00f3tima e professores espetaculares,\u00a0 sempre online para tirar d\u00favidas quando \u00e9 preciso&#8221;.\u00a0<\/p>\n","protected":false},"excerpt":{"rendered":"<p>Com o encerramento nesta 2\u00aa feira das inscri\u00e7\u00f5es para o processo seletivo para o Curso T\u00e9cnico em Agroneg\u00f3cio da Rede e-Tec Brasil no SENAR (Servi\u00e7o Nacional de Aprendizagem Rural), os candidatos agora sofrem com a expectativa sobre o resultado. E com raz\u00e3o. A concorr\u00eancia n\u00e3o \u00e9 pequena. As 1.500 vagas oferecidas em 40 polos da [&hellip;]<\/p>\n","protected":false},"author":1,"featured_media":2635,"comment_status":"open","ping_status":"open","sticky":false,"template":"","format":"standard","meta":{"advgb_blocks_editor_width":"","advgb_blocks_columns_visual_guide":"","footnotes":""},"categories":[1],"tags":[],"class_list":["post-9951","post","type-post","status-publish","format-standard","has-post-thumbnail","hentry","category-geral"],"acf":[],"author_meta":{"display_name":"siteadmin","author_link":"https:\/\/sistemafamato.org.br\/senarmt\/author\/siteadmin\/"},"featured_img":"https:\/\/sistemafamato.org.br\/senarmt\/wp-content\/uploads\/sites\/2\/2016\/07\/27072016035255-300x158.jpg","coauthors":[],"tax_additional":{"categories":{"linked":["<a href=\"https:\/\/sistemafamato.org.br\/senarmt\/category\/geral\/\" class=\"advgb-post-tax-term\">Geral<\/a>"],"unlinked":["<span class=\"advgb-post-tax-term\">Geral<\/span>"]}},"comment_count":"0","relative_dates":{"created":"Publicado 10 anos atr\u00e1s","modified":"Atualizado 10 anos atr\u00e1s"},"absolute_dates":{"created":"Publicado em 27 de julho de 2016","modified":"Atualizado em 27 de julho de 2016"},"absolute_dates_time":{"created":"Publicado em 27 de julho de 2016 15:53","modified":"Atualizado em 27 de julho de 2016 15:53"},"featured_img_caption":"","series_order":"","_links":{"self":[{"href":"https:\/\/sistemafamato.org.br\/senarmt\/wp-json\/wp\/v2\/posts\/9951","targetHints":{"allow":["GET"]}}],"collection":[{"href":"https:\/\/sistemafamato.org.br\/senarmt\/wp-json\/wp\/v2\/posts"}],"about":[{"href":"https:\/\/sistemafamato.org.br\/senarmt\/wp-json\/wp\/v2\/types\/post"}],"author":[{"embeddable":true,"href":"https:\/\/sistemafamato.org.br\/senarmt\/wp-json\/wp\/v2\/users\/1"}],"replies":[{"embeddable":true,"href":"https:\/\/sistemafamato.org.br\/senarmt\/wp-json\/wp\/v2\/comments?post=9951"}],"version-history":[{"count":0,"href":"https:\/\/sistemafamato.org.br\/senarmt\/wp-json\/wp\/v2\/posts\/9951\/revisions"}],"wp:featuredmedia":[{"embeddable":true,"href":"https:\/\/sistemafamato.org.br\/senarmt\/wp-json\/wp\/v2\/media\/2635"}],"wp:attachment":[{"href":"https:\/\/sistemafamato.org.br\/senarmt\/wp-json\/wp\/v2\/media?parent=9951"}],"wp:term":[{"taxonomy":"category","embeddable":true,"href":"https:\/\/sistemafamato.org.br\/senarmt\/wp-json\/wp\/v2\/categories?post=9951"},{"taxonomy":"post_tag","embeddable":true,"href":"https:\/\/sistemafamato.org.br\/senarmt\/wp-json\/wp\/v2\/tags?post=9951"}],"curies":[{"name":"wp","href":"https:\/\/api.w.org\/{rel}","templated":true}]}}