{"id":9948,"date":"2016-07-26T11:23:31","date_gmt":"2016-07-26T14:23:31","guid":{"rendered":"https:\/\/sistemafamato.org.br\/senarmt\/2016\/07\/26\/inscricoes-para-o-curso-tecnico-em-agronegocio-terminam-nesta-terca-26\/"},"modified":"2016-07-26T11:23:31","modified_gmt":"2016-07-26T14:23:31","slug":"inscricoes-para-o-curso-tecnico-em-agronegocio-terminam-nesta-terca-26","status":"publish","type":"post","link":"https:\/\/sistemafamato.org.br\/senarmt\/2016\/07\/26\/inscricoes-para-o-curso-tecnico-em-agronegocio-terminam-nesta-terca-26\/","title":{"rendered":"Inscri\u00e7\u00f5es para o Curso T\u00e9cnico em Agroneg\u00f3cio terminam nesta ter\u00e7a (26)"},"content":{"rendered":"<p style=\"margin: 0cm 0cm 0.0001pt; text-align: justify; line-height: 13.5pt; background-image: initial; background-attachment: initial; background-size: initial; background-origin: initial; background-clip: initial; background-position: initial; background-repeat: initial;\">\n<span style=\"font-family:\"Arial\",\"sans-serif\"\">Esta ter\u00e7a-feira (26.07) \u00e9 o \u00faltimo dia de inscri\u00e7\u00f5es para concorrer a uma vaga no Curso T\u00e9cnico em Agroneg\u00f3cio, do Servi\u00e7o Nacional de Aprendizagem Rural (SENAR Central) na modalidade semipresencial e inteiramente gratuito. Os interessados podem se inscrever at\u00e9 as 23h59 de hoje acessando o atalho pelo site <a href=\"http:\/\/www.senarmt.org.br\" target=\"_blank\" rel=\"noopener\">www.senarmt.org.br<\/a>.\u00a0 <o:p><\/o:p><\/span><\/p>\n<p style=\"margin: 0cm 0cm 0.0001pt; text-align: justify; line-height: 13.5pt; background-image: initial; background-attachment: initial; background-size: initial; background-origin: initial; background-clip: initial; background-position: initial; background-repeat: initial;\">\n<span style=\"font-family:\"Arial\",\"sans-serif\"\">\u00a0<\/span><\/p>\n<p style=\"margin: 0cm 0cm 0.0001pt; text-align: justify; line-height: 13.5pt; background-image: initial; background-attachment: initial; background-size: initial; background-origin: initial; background-clip: initial; background-position: initial; background-repeat: initial;\">\n<span style=\"font-family:\"Arial\",\"sans-serif\"\">Em Mato Grosso, o curso ser\u00e1 oferecido, em parceria com o Senar-MT, em Sorriso e Campo Novo do Parecis, com 50 vagas para cada munic\u00edpio. At\u00e9 agora j\u00e1 foram realizadas 267 inscri\u00e7\u00f5es para o polo de Campo Novo do Parecis e 291 para o polo de Sorriso. A concorr\u00eancia \u00e9 de cinco candidatos por vaga. <o:p><\/o:p><\/span><\/p>\n<p style=\"margin: 0cm 0cm 0.0001pt; text-align: justify; line-height: 13.5pt; background-image: initial; background-attachment: initial; background-size: initial; background-origin: initial; background-clip: initial; background-position: initial; background-repeat: initial;\">\n<br \/>\n<span style=\"font-family:\"Arial\",\"sans-serif\"\">Para se inscrever, o \u00fanico requisito\u00a0\u00e9\u00a0ter o ensino m\u00e9dio completo. O Curso T\u00e9cnico em Agroneg\u00f3cio \u00e9 realizado em parceria com o Minist\u00e9rio da Educa\u00e7\u00e3o (MEC), por meio da Rede e-Tec Brasil, inserida no Programa Nacional de Acesso ao Ensino T\u00e9cnico e Emprego (Pronatec). <o:p><\/o:p><\/span><\/p>\n<p style=\"margin: 0cm 0cm 0.0001pt; text-align: justify; line-height: 13.5pt; background-image: initial; background-attachment: initial; background-size: initial; background-origin: initial; background-clip: initial; background-position: initial; background-repeat: initial;\">\n<span style=\"font-family:\"Arial\",\"sans-serif\"\">\u00a0<\/span><\/p>\n<p style=\"margin: 0cm 0cm 0.0001pt; text-align: justify; line-height: 13.5pt; background-image: initial; background-attachment: initial; background-size: initial; background-origin: initial; background-clip: initial; background-position: initial; background-repeat: initial;\">\n<span style=\"font-family:\"Arial\",\"sans-serif\"\">As aulas est\u00e3o previstas para come\u00e7ar no dia 20 de agosto e ser\u00e3o realizadas nos Centros de Treinamento e Difus\u00e3o de Tecnol\u00f3gica (CTs) destes munic\u00edpios. <o:p><\/o:p><\/span><\/p>\n<p style=\"margin: 0cm 0cm 0.0001pt; text-align: justify; line-height: 13.5pt; background-image: initial; background-attachment: initial; background-size: initial; background-origin: initial; background-clip: initial; background-position: initial; background-repeat: initial;\">\n<br \/>\n<span style=\"font-family:\"Arial\",\"sans-serif\"\">O curso tem foco na forma\u00e7\u00e3o de gestores agr\u00edcolas e abre um amplo mercado de trabalho para seus alunos. Em dois anos, eles saem preparados para n\u00e3o somente administrar propriedades rurais, mas tamb\u00e9m para atuar na industrializa\u00e7\u00e3o e comercializa\u00e7\u00e3o de produtos agr\u00edcolas, ou at\u00e9 mesmo\u00a0no campo das pesquisas.<\/span> <o:p><\/o:p><\/p>\n<p style=\"margin: 0cm 0cm 0.0001pt; text-align: justify; line-height: 13.5pt; background-image: initial; background-attachment: initial; background-size: initial; background-origin: initial; background-clip: initial; background-position: initial; background-repeat: initial;\">\n<span style=\"font-family:\"Arial\",\"sans-serif\"\">\u00a0<\/span><\/p>\n<p style=\"margin: 0cm 0cm 0.0001pt; text-align: justify; line-height: 13.5pt; background-image: initial; background-attachment: initial; background-size: initial; background-origin: initial; background-clip: initial; background-position: initial; background-repeat: initial;\">\n<span style=\"font-family:\"Arial\",\"sans-serif\"\">&#8220;Este curso \u00e9 mais uma novidade que estamos trazendo para Mato Grosso em parceria com o Senar Central e vai trazer ainda mais profissionaliza\u00e7\u00e3o para estes dois munic\u00edpios que s\u00e3o polos do agroneg\u00f3cio no Estado&#8221;, destaca o superintendente do Senar-MT, Ot\u00e1vio Celidonio. <o:p><\/o:p><\/span><\/p>\n<p style=\"margin: 0cm 0cm 0.0001pt; text-align: justify; line-height: 13.5pt; background-image: initial; background-attachment: initial; background-size: initial; background-origin: initial; background-clip: initial; background-position: initial; background-repeat: initial;\">\n<span style=\"font-family:\"Arial\",\"sans-serif\"\">\u00a0<\/span><\/p>\n<p style=\"margin: 0cm 0cm 0.0001pt; text-align: justify; line-height: 13.5pt; background-image: initial; background-attachment: initial; background-size: initial; background-origin: initial; background-clip: initial; background-position: initial; background-repeat: initial;\">\n<span style=\"font-family:\"Arial\",\"sans-serif\"\">\u00a0<\/span><\/p>\n<p style=\"margin: 0cm 0cm 0.0001pt; text-align: justify; line-height: 13.5pt; background-image: initial; background-attachment: initial; background-size: initial; background-origin: initial; background-clip: initial; background-position: initial; background-repeat: initial;\">\n<b><span style=\"font-family: Arial, sans-serif; background-image: initial; background-attachment: initial; background-size: initial; background-origin: initial; background-clip: initial; background-position: initial; background-repeat: initial;\">Sele\u00e7\u00e3o &#8211;<\/span><\/b><span style=\"font-family: Arial, sans-serif; background-image: initial; background-attachment: initial; background-size: initial; background-origin: initial; background-clip: initial; background-position: initial; background-repeat: initial;\"> <\/span><span style=\"font-family:\"Arial\",\"sans-serif\"\">A sele\u00e7\u00e3o para o curso \u00e9 feita por meio de provas de Matem\u00e1tica, Portugu\u00eas e uma Reda\u00e7\u00e3o. S\u00e3o provas individuais, aplicadas no polo onde o candidato pretende uma vaga. O polo deve ser indicado no ato da inscri\u00e7\u00e3o e s\u00f3 pode ser alterado at\u00e9 48 horas antes do exame. No ato da inscri\u00e7\u00e3o tamb\u00e9m deve ser agendado o dia e hor\u00e1rio das\u00a0provas, que v\u00e3o at\u00e9 o dia 29.<o:p><\/o:p><\/span><\/p>\n<p style=\"margin: 0cm 0cm 0.0001pt; text-align: justify; line-height: 13.5pt; background-image: initial; background-attachment: initial; background-size: initial; background-origin: initial; background-clip: initial; background-position: initial; background-repeat: initial;\">\n<span style=\"font-family:\"Arial\",\"sans-serif\"\">\u00a0<\/span><\/p>\n<p style=\"margin: 0cm 0cm 0.0001pt; text-align: justify; line-height: 13.5pt; background-image: initial; background-attachment: initial; background-size: initial; background-origin: initial; background-clip: initial; background-position: initial; background-repeat: initial;\">\n<span style=\"font-family: Arial, sans-serif; background-image: initial; background-attachment: initial; background-size: initial; background-origin: initial; background-clip: initial; background-position: initial; background-repeat: initial;\">As aulas presenciais e as\u00a0visitas t\u00e9cnicas fazem a diferen\u00e7a no curso. A maior parte do conte\u00fado \u00e9 a dist\u00e2ncia, por meio das apostilas impressas, videoaulas e por materiais e atividades interativas no Ambiente Virtual de Aprendizagem, disponibilizado no portal da rede <span style=\"color:#231F20\">(<\/span><\/span><a href=\"http:\/\/etec.senar.org.br\/\"><span style=\"font-family: Arial, sans-serif; background-image: initial; background-attachment: initial; background-size: initial; background-origin: initial; background-clip: initial; background-position: initial; background-repeat: initial;\">http:\/\/etec.senar.org.br\/<\/span><\/a><span class=\"apple-converted-space\"><span style=\"font-family: Arial, sans-serif; color: rgb(35, 31, 32); background-image: initial; background-attachment: initial; background-size: initial; background-origin: initial; background-clip: initial; background-position: initial; background-repeat: initial;\">\u00a0<\/span><\/span><span style=\"font-family: Arial, sans-serif; color: rgb(35, 31, 32); background-image: initial; background-attachment: initial; background-size: initial; background-origin: initial; background-clip: initial; background-position: initial; background-repeat: initial;\">), <\/span><span style=\"font-family: Arial, sans-serif; background-image: initial; background-attachment: initial; background-size: initial; background-origin: initial; background-clip: initial; background-position: initial; background-repeat: initial;\">por\u00e9m\u00a0 \u00e9 essencial que os alunos garantam espa\u00e7os na agenda para as aulas presenciais e provas realizadas nos polos da rede, assim como para as visitas t\u00e9cnicas, em geral, muito apreciadas por todos. O calend\u00e1rio escolar, com datas de todas as atividades presenciais e a dist\u00e2ncia do semestre, \u00e9 disponibilizado para os alunos no 1\u00ba dia de aula presencial.<o:p><\/o:p><\/span><\/p>\n<p style=\"margin: 0cm 0cm 0.0001pt; text-align: justify; line-height: 13.5pt; background-image: initial; background-attachment: initial; background-size: initial; background-origin: initial; background-clip: initial; background-position: initial; background-repeat: initial;\">\n<span style=\"font-family:\"Arial\",\"sans-serif\"\">\u00a0<o:p><\/o:p><\/span><\/p>\n<p style=\"margin: 0cm 0cm 0.0001pt; text-align: justify; line-height: 13.5pt; background-image: initial; background-attachment: initial; background-size: initial; background-origin: initial; background-clip: initial; background-position: initial; background-repeat: initial;\">\n<span style=\"font-family:\"Arial\",\"sans-serif\"\">No total, est\u00e3o sendo oferecidas 1.500 vagas em 40 polos pelo pa\u00eds. Al\u00e9m de Mato Grosso, o curso ser\u00e1 ofertado nos estados do Acre, Amazonas, Bahia, Cear\u00e1, Maranh\u00e3o, Minas Gerais, Mato Grosso do Sul, Par\u00e1, Para\u00edba, Pernambuco, Piau\u00ed, Rio de Janeiro, Rio Grande do Norte, Rio Grande do Sul, Rond\u00f4nia, Roraima, Santa Catarina e Tocantins. <o:p><\/o:p><\/span><\/p>\n<p style=\"margin: 0cm 0cm 0.0001pt; text-align: justify; line-height: 13.5pt; background-image: initial; background-attachment: initial; background-size: initial; background-origin: initial; background-clip: initial; background-position: initial; background-repeat: initial;\">\n<span style=\"font-family:\"Arial\",\"sans-serif\"\">\u00a0<\/span><\/p>\n<p style=\"margin: 0cm 0cm 0.0001pt; text-align: justify; line-height: 13.5pt; background-image: initial; background-attachment: initial; background-size: initial; background-origin: initial; background-clip: initial; background-position: initial; background-repeat: initial;\">\n<span style=\"font-family:\"Arial\",\"sans-serif\"\">O Senar-MT faz parte de um conjunto de entidades que forma o Sistema Famato. Essas entidades d\u00e3o suporte para o desenvolvimento sustent\u00e1vel do agroneg\u00f3cio e representam os interesses dos produtores rurais do Estado. \u00c9 formado ainda pela Federa\u00e7\u00e3o da Agricultura e Pecu\u00e1ria do Estado de Mato Grosso (Famato), pelo Instituto Mato-Grossense de Economia Agropecu\u00e1ria (Imea) e pelos 90 sindicatos rurais do Estado. O Senar est\u00e1 no Twitter e no Facebook. Siga\u00a0<\/span><a href=\"https:\/\/twitter.com\/senar_mt\"><span style=\"font-family:\"Arial\",\"sans-serif\"\">@senar_mt<\/span><\/a><span style=\"font-family:\"Arial\",\"sans-serif\";color:#231F20\">\u00a0<\/span><span style=\"font-family:\"Arial\",\"sans-serif\"\">e curta a Fan Page <span style=\"color:#231F20\">(<\/span><\/span><a href=\"http:\/\/www.facebook.com\/SenarMt\"><span style=\"font-family:\"Arial\",\"sans-serif\"\">www.facebook.com\/SenarMt<\/span><\/a><span style=\"font-family:\"Arial\",\"sans-serif\";color:#231F20\">).<o:p><\/o:p><\/span><\/p>\n","protected":false},"excerpt":{"rendered":"<p>Esta ter\u00e7a-feira (26.07) \u00e9 o \u00faltimo dia de inscri\u00e7\u00f5es para concorrer a uma vaga no Curso T\u00e9cnico em Agroneg\u00f3cio, do Servi\u00e7o Nacional de Aprendizagem Rural (SENAR Central) na modalidade semipresencial e inteiramente gratuito. Os interessados podem se inscrever at\u00e9 as 23h59 de hoje acessando o atalho pelo site www.senarmt.org.br.\u00a0 \u00a0 Em Mato Grosso, o curso [&hellip;]<\/p>\n","protected":false},"author":1,"featured_media":2629,"comment_status":"open","ping_status":"open","sticky":false,"template":"","format":"standard","meta":{"advgb_blocks_editor_width":"","advgb_blocks_columns_visual_guide":"","footnotes":""},"categories":[1],"tags":[],"class_list":["post-9948","post","type-post","status-publish","format-standard","has-post-thumbnail","hentry","category-geral"],"acf":[],"author_meta":{"display_name":"siteadmin","author_link":"https:\/\/sistemafamato.org.br\/senarmt\/author\/siteadmin\/"},"featured_img":"https:\/\/sistemafamato.org.br\/senarmt\/wp-content\/uploads\/sites\/2\/2016\/07\/26072016112317-300x200.jpg","coauthors":[],"tax_additional":{"categories":{"linked":["<a href=\"https:\/\/sistemafamato.org.br\/senarmt\/category\/geral\/\" class=\"advgb-post-tax-term\">Geral<\/a>"],"unlinked":["<span class=\"advgb-post-tax-term\">Geral<\/span>"]}},"comment_count":"0","relative_dates":{"created":"Publicado 10 anos atr\u00e1s","modified":"Atualizado 10 anos atr\u00e1s"},"absolute_dates":{"created":"Publicado em 26 de julho de 2016","modified":"Atualizado em 26 de julho de 2016"},"absolute_dates_time":{"created":"Publicado em 26 de julho de 2016 11:23","modified":"Atualizado em 26 de julho de 2016 11:23"},"featured_img_caption":"","series_order":"","_links":{"self":[{"href":"https:\/\/sistemafamato.org.br\/senarmt\/wp-json\/wp\/v2\/posts\/9948","targetHints":{"allow":["GET"]}}],"collection":[{"href":"https:\/\/sistemafamato.org.br\/senarmt\/wp-json\/wp\/v2\/posts"}],"about":[{"href":"https:\/\/sistemafamato.org.br\/senarmt\/wp-json\/wp\/v2\/types\/post"}],"author":[{"embeddable":true,"href":"https:\/\/sistemafamato.org.br\/senarmt\/wp-json\/wp\/v2\/users\/1"}],"replies":[{"embeddable":true,"href":"https:\/\/sistemafamato.org.br\/senarmt\/wp-json\/wp\/v2\/comments?post=9948"}],"version-history":[{"count":0,"href":"https:\/\/sistemafamato.org.br\/senarmt\/wp-json\/wp\/v2\/posts\/9948\/revisions"}],"wp:featuredmedia":[{"embeddable":true,"href":"https:\/\/sistemafamato.org.br\/senarmt\/wp-json\/wp\/v2\/media\/2629"}],"wp:attachment":[{"href":"https:\/\/sistemafamato.org.br\/senarmt\/wp-json\/wp\/v2\/media?parent=9948"}],"wp:term":[{"taxonomy":"category","embeddable":true,"href":"https:\/\/sistemafamato.org.br\/senarmt\/wp-json\/wp\/v2\/categories?post=9948"},{"taxonomy":"post_tag","embeddable":true,"href":"https:\/\/sistemafamato.org.br\/senarmt\/wp-json\/wp\/v2\/tags?post=9948"}],"curies":[{"name":"wp","href":"https:\/\/api.w.org\/{rel}","templated":true}]}}