{"id":9947,"date":"2016-07-25T16:45:52","date_gmt":"2016-07-25T19:45:52","guid":{"rendered":"https:\/\/sistemafamato.org.br\/senarmt\/2016\/07\/25\/instrutores-recebem-treinamento-em-novo-maquinario-de-precisao-para-colheita-de-cana\/"},"modified":"2016-07-25T16:45:52","modified_gmt":"2016-07-25T19:45:52","slug":"instrutores-recebem-treinamento-em-novo-maquinario-de-precisao-para-colheita-de-cana","status":"publish","type":"post","link":"https:\/\/sistemafamato.org.br\/senarmt\/2016\/07\/25\/instrutores-recebem-treinamento-em-novo-maquinario-de-precisao-para-colheita-de-cana\/","title":{"rendered":"Instrutores recebem treinamento em novo maquin\u00e1rio de precis\u00e3o para colheita de cana."},"content":{"rendered":"<p align=\"center\">\n<em>Capacita\u00e7\u00e3o faz parte do programa de Agricultura de Precis\u00e3o e acontece em parceria com a empresa John Deere<\/em><\/p>\n<p>\n\u00a0<\/p>\n<p>\n<strong><em>Bras\u00edlia-DF (25\/07)<\/em><\/strong> Instrutores do Servi\u00e7o Nacional de Aprendizagem Rural (SENAR) de Mato Grosso, Mato Grosso do Sul, S\u00e3o Paulo, Goi\u00e1s e Paran\u00e1 est\u00e3o em Ribeir\u00e3o Preto (SP) esta semana, de 25 a 29, para mais uma capacita\u00e7\u00e3o do Programa Nacional de Agricultura de Precis\u00e3o. O curso \u00e9 voltado para a nova colhedora de cana da empresa John Deere e acontece no SENAI de Ribeir\u00e3o.<\/p>\n<p>\n\u00a0<\/p>\n<p>\nPara Alcione Jos\u00e9 Ristof, instrutor do SENAR Paran\u00e1 h\u00e1 mais de 20 anos, \u00e9 vital acompanhar a evolu\u00e7\u00e3o dos equipamentos e maquin\u00e1rios destinados ao campo para manter o produtor sempre atualizado. &#8220;Com o produtor e o operador de m\u00e1quinas capacitados, o equipamento tem maior rendimento, j\u00e1 que o uso incorreto\u00a0 reduz a vida \u00fatil ou leva \u00e0 quebra prematura, al\u00e9m de n\u00e3o ser poss\u00edvel extrair todas as vantagens que uma m\u00e1quina como essa oferece&#8221;, avalia. &#8220;A capacita\u00e7\u00e3o proporciona redu\u00e7\u00e3o \u00a0dos custos da produ\u00e7\u00e3o e aumento do padr\u00e3o de qualidade do produto, evitando o desperd\u00edcio e a fadiga do operador, j\u00e1 que a m\u00e1quina realiza in\u00fameras atividades devido \u00e0 tecnologia,&#8221; complementa.<\/p>\n<p>\n\u00a0<\/p>\n<p>\nApesar de cada empresa possuir seu portf\u00f3lio, o instrutor acredita que a linha tecnol\u00f3gica \u00e9 a mesma entre as fabricantes de m\u00e1quinas, por\u00e9m, com operacionalidade diferente. &#8220;Como existe essa diferencia\u00e7\u00e3o entre os equipamentos, essas atualiza\u00e7\u00f5es que participamos nos preparam para ministrar os treinamentos, j\u00e1 que estamos em contato com o equipamento direto no fabricante.&#8221;<\/p>\n<p>\n\u00a0<\/p>\n<p>\nO setor de agricultura de precis\u00e3o tem crescido em todo o Pa\u00eds e a participa\u00e7\u00e3o de mulheres na \u00e1rea tamb\u00e9m, afirma a instrutora do SENAR Mato Grosso do Sul, Camila Missio. &#8220;As empresas est\u00e3o buscando o perfil feminino porque a mulher observa os detalhes, cuida bem do equipamento e tem facilidade em usar a tecnologia&#8221;, comemora. &#8220;A participa\u00e7\u00e3o feminina tende a crescer mais no setor, algumas usinas de cana j\u00e1 tem frentes de colheita com mulheres em tratores e colhedoras.&#8221;<\/p>\n<p>\n\u00a0<\/p>\n<p>\nCamila Missio concorda com Alcione Jos\u00e9 sobre a necessidade de atualiza\u00e7\u00e3o. Para ela, a parceria do SENAR Brasil com as empresas de m\u00e1quinas \u00e9 fundamental. &#8220;A John Deere, por exemplo, lan\u00e7a m\u00e1quinas totalmente diferentes de tempos em tempos. Com esse tipo de parceria conseguimos estar por dentro das novidades tecnol\u00f3gicas do setor para repassar para o produtor, que muitas vezes tem na propriedade um equipamento caro que n\u00e3o sabe usar devido \u00e0 complexidade da m\u00e1quina.&#8221;<\/p>\n<p>\n\u00a0<\/p>\n<p>\nO coordenador do programa de AP do SENAR, Rafael Diego Nascimento da Costa, que acompanha a capacita\u00e7\u00e3o em Ribeir\u00e3o Preto, explica que no agro, a \u00e1rea de mecaniza\u00e7\u00e3o \u00e9 a que o SENAR mais capacita pessoas no campo. &#8220;A evolu\u00e7\u00e3o das m\u00e1quinas \u00e9 muito mais r\u00e1pida, e o cen\u00e1rio \u00e9 que cada vez mais a parte tecnol\u00f3gica da automa\u00e7\u00e3o de processos ganhe mais investimento dos fabricantes. E temos agora a novidade de m\u00e1quinas que reaproveitam os gases da queima de combust\u00edvel para gerar mais energia no sistema e, dessa forma, reduzir a quantidade de gases de efeito estufa emitidos durante a atividade de mecaniza\u00e7\u00e3o. Esse \u00e9 um ponto muito importante para o meio ambiente e para o bolso do produtor, que vai poupar mais combust\u00edvel&#8221;, argumenta. Costa acrescenta que ao final das capacita\u00e7\u00f5es de instrutores, o SENAR pretende reunir os estados que fazem o programa para levantar as demandas do pr\u00f3ximo ano.<\/p>\n<p>\n\u00a0<\/p>\n<p>\nA capacita\u00e7\u00e3o desta semana \u00e9 a quarta em parceria com a John Deere este ano. Um novo treinamento na empresa, dessa vez sobre tratores, est\u00e1 agendado para setembro, em Campinas.<\/p>\n<p>\n\u00a0<\/p>\n<p>\nSaiba mais sobre o Programa de AP do SENAR, acesse o blog &#8211;<a href=\"http:\/\/www.senar.org.br\/agricultura-precisao\">\u00a0<strong>www.senar.org.br\/agricultura-precisao\u00a0<\/strong><\/a><\/p>\n<p>\n\u00a0<\/p>\n","protected":false},"excerpt":{"rendered":"<p>Capacita\u00e7\u00e3o faz parte do programa de Agricultura de Precis\u00e3o e acontece em parceria com a empresa John Deere \u00a0 Bras\u00edlia-DF (25\/07) Instrutores do Servi\u00e7o Nacional de Aprendizagem Rural (SENAR) de Mato Grosso, Mato Grosso do Sul, S\u00e3o Paulo, Goi\u00e1s e Paran\u00e1 est\u00e3o em Ribeir\u00e3o Preto (SP) esta semana, de 25 a 29, para mais uma [&hellip;]<\/p>\n","protected":false},"author":1,"featured_media":2627,"comment_status":"open","ping_status":"open","sticky":false,"template":"","format":"standard","meta":{"advgb_blocks_editor_width":"","advgb_blocks_columns_visual_guide":"","footnotes":""},"categories":[1],"tags":[],"class_list":["post-9947","post","type-post","status-publish","format-standard","has-post-thumbnail","hentry","category-geral"],"acf":[],"author_meta":{"display_name":"siteadmin","author_link":"https:\/\/sistemafamato.org.br\/senarmt\/author\/siteadmin\/"},"featured_img":"https:\/\/sistemafamato.org.br\/senarmt\/wp-content\/uploads\/sites\/2\/2016\/07\/25072016044808-300x169.jpg","coauthors":[],"tax_additional":{"categories":{"linked":["<a href=\"https:\/\/sistemafamato.org.br\/senarmt\/category\/geral\/\" class=\"advgb-post-tax-term\">Geral<\/a>"],"unlinked":["<span class=\"advgb-post-tax-term\">Geral<\/span>"]}},"comment_count":"0","relative_dates":{"created":"Publicado 10 anos atr\u00e1s","modified":"Atualizado 10 anos atr\u00e1s"},"absolute_dates":{"created":"Publicado em 25 de julho de 2016","modified":"Atualizado em 25 de julho de 2016"},"absolute_dates_time":{"created":"Publicado em 25 de julho de 2016 16:45","modified":"Atualizado em 25 de julho de 2016 16:45"},"featured_img_caption":"","series_order":"","_links":{"self":[{"href":"https:\/\/sistemafamato.org.br\/senarmt\/wp-json\/wp\/v2\/posts\/9947","targetHints":{"allow":["GET"]}}],"collection":[{"href":"https:\/\/sistemafamato.org.br\/senarmt\/wp-json\/wp\/v2\/posts"}],"about":[{"href":"https:\/\/sistemafamato.org.br\/senarmt\/wp-json\/wp\/v2\/types\/post"}],"author":[{"embeddable":true,"href":"https:\/\/sistemafamato.org.br\/senarmt\/wp-json\/wp\/v2\/users\/1"}],"replies":[{"embeddable":true,"href":"https:\/\/sistemafamato.org.br\/senarmt\/wp-json\/wp\/v2\/comments?post=9947"}],"version-history":[{"count":0,"href":"https:\/\/sistemafamato.org.br\/senarmt\/wp-json\/wp\/v2\/posts\/9947\/revisions"}],"wp:featuredmedia":[{"embeddable":true,"href":"https:\/\/sistemafamato.org.br\/senarmt\/wp-json\/wp\/v2\/media\/2627"}],"wp:attachment":[{"href":"https:\/\/sistemafamato.org.br\/senarmt\/wp-json\/wp\/v2\/media?parent=9947"}],"wp:term":[{"taxonomy":"category","embeddable":true,"href":"https:\/\/sistemafamato.org.br\/senarmt\/wp-json\/wp\/v2\/categories?post=9947"},{"taxonomy":"post_tag","embeddable":true,"href":"https:\/\/sistemafamato.org.br\/senarmt\/wp-json\/wp\/v2\/tags?post=9947"}],"curies":[{"name":"wp","href":"https:\/\/api.w.org\/{rel}","templated":true}]}}