{"id":9883,"date":"2016-05-31T16:31:28","date_gmt":"2016-05-31T19:31:28","guid":{"rendered":"https:\/\/sistemafamato.org.br\/senarmt\/2016\/05\/31\/regional-de-barra-do-garcas-tera-duas-exposicoes-em-junho\/"},"modified":"2016-05-31T16:31:28","modified_gmt":"2016-05-31T19:31:28","slug":"regional-de-barra-do-garcas-tera-duas-exposicoes-em-junho","status":"publish","type":"post","link":"https:\/\/sistemafamato.org.br\/senarmt\/2016\/05\/31\/regional-de-barra-do-garcas-tera-duas-exposicoes-em-junho\/","title":{"rendered":"Regional de Barra do Gar\u00e7as ter\u00e1 duas exposi\u00e7\u00f5es em junho"},"content":{"rendered":"<p>\nO sexto m&ecirc;s do ano ser&aacute; bastante movimentado para a regional de Barra do Gar&ccedil;as. Al&eacute;m dos mais de 30 treinamentos ofertados pelo Servi&ccedil;o Nacional de Aprendizagem Rural de Mato Grosso (Senar-MT), em parceria com os Sindicatos Rurais, haver&aacute; ainda Exposi&ccedil;&atilde;o Agropecu&aacute;ria nos munic&iacute;pios de Barra do Gar&ccedil;as e Paranatinga. A institui&ccedil;&atilde;o de ensino rural leva para estes eventos oficinas de manuten&ccedil;&atilde;o de tratores agr&iacute;colas e a Vitrine da Carne que ensina novos cortes para aves, peixes, bovinos e su&iacute;nos.<\/p>\n<p>\n&nbsp;<\/p>\n<p>\nFormada por 11 munic&iacute;pios, sendo seis com sindicatos rurais, dois com extens&atilde;o de base e tr&ecirc;s onde a parceria do Senar-MT &eacute; com as prefeituras, a regional de Barra do Gar&ccedil;as tem como base da economia a agropecu&aacute;ria. &quot;A regi&atilde;o tamb&eacute;m tem potencial tur&iacute;stico e, ao longo do ano, demanda diversos treinamentos e cursos para este setor&quot;, ressalta o supervisor da regional Fernando Tabai.<\/p>\n<p>\n&nbsp;<\/p>\n<p>\nA assistente administrativa da regional de Barra do Gar&ccedil;as, Janete Chaves Ramos acrescenta que os treinamentos mais demandados s&atilde;o os da &aacute;rea de seguran&ccedil;a no trabalho e mecaniza&ccedil;&atilde;o agr&iacute;cola. Com a chegada da agricultura na regi&atilde;o, nos &uacute;ltimos anos, houve um aumento na solicita&ccedil;&atilde;o dos treinamentos e cursos para capacitar profissionais que ir&atilde;o atuar nas cadeias produtivas da soja e do milho.<\/p>\n<p>\n&nbsp;<\/p>\n<p>\nParanatinga &eacute; um dos 11 munic&iacute;pios da regional de Barra do Gar&ccedil;as que passa por essa transforma&ccedil;&atilde;o. O presidente do Sindicato Rural, Thomas Alves Corr&ecirc;a conta que a demanda passa de 80 treinamentos por ano. &quot;Com a chegada de grandes grupos que atuam na agricultura percebemos um aumento consider&aacute;vel nas solicita&ccedil;&otilde;es dos treinamentos de Normas Regulamentadoras (NRs), ou seja, que capacita e qualifica os profissionais com rela&ccedil;&atilde;o as normas de seguran&ccedil;a e sa&uacute;de no trabalho&quot;.<\/p>\n<p>\n&nbsp;<\/p>\n<p>\nAssim como Paranatinga, os munic&iacute;pios de Novo S&atilde;o Joaquim e de Santo Antonio do Leste tamb&eacute;m registraram aumento nas demandas por treinamentos para qualificar profissionais que v&atilde;o atuar na agricultura. O presidente do Sindicato Rural de Novo S&atilde;o Joaquim, Carlos Royttmen Pires da Silva, ressaltou que os treinamentos do Senar-MT s&atilde;o primordiais na qualifica&ccedil;&atilde;o dos profissionais.<\/p>\n<p>\n&nbsp;<\/p>\n<p>\nPrimavera do Leste, que foi vencedor do Pr&ecirc;mio de Mobiliza&ccedil;&atilde;o Sindical e est&aacute; entre os maiores produtores de gr&atilde;os do Estado tamb&eacute;m faz parte da regional de Barra do Gar&ccedil;as. &quot;Al&eacute;m disso, temos a Farm Show que j&aacute; est&aacute; entre as maiores e melhores feiras de neg&oacute;cio do Brasil&quot;, enfatiza o presidente do Sindicato Rural de Primavera do Leste, Jos&eacute; Nardes.<\/p>\n<p>\n&nbsp;<\/p>\n<p>\n<strong>PAT<\/strong> &ndash; Na regional de Barra do Gar&ccedil;as a primeira reuni&atilde;o do Plano Anual de trabalho acontece no pr&oacute;ximo dia seis de junho em Araguaiana. J&aacute; no dia sete o encontro ser&aacute; em Barra do Gar&ccedil;as. O objetivo &eacute; reunir os parceiros para planejar os curso e treinamentos de 2017.<\/p>\n<p>\n&nbsp;<\/p>\n<p>\n<strong>Programa&ccedil;&atilde;o das reuni&otilde;es do PAT na regional de Barra do Gar&ccedil;as&nbsp;&nbsp; <\/strong><\/p>\n<p>\n06 &#8211; Junho -Araguaiana&nbsp;&nbsp;&nbsp;<\/p>\n<p>\n07 &#8211; Junho &#8211; Barra do Gar&ccedil;as&nbsp;&nbsp;&nbsp;&nbsp;&nbsp;&nbsp;<\/p>\n<p>\n15 &#8211; Junho &#8211; Ponte Branca&nbsp;&nbsp;&nbsp;&nbsp;&nbsp;&nbsp;&nbsp;&nbsp;&nbsp;&nbsp;<\/p>\n<p>\n15 &ndash; Junho &#8211; Ribeir&atilde;ozinho<\/p>\n<p>\n21 &ndash; Junho &#8211; Novo S&atilde;o Joaquim&nbsp;&nbsp;&nbsp;&nbsp;&nbsp;&nbsp;&nbsp;&nbsp;&nbsp;&nbsp;&nbsp;&nbsp;<\/p>\n<p>\n23 &#8211; Junho &#8211; Torixor&eacute;u&nbsp;&nbsp;&nbsp;&nbsp;&nbsp;&nbsp;&nbsp;&nbsp;&nbsp;&nbsp;&nbsp;&nbsp;&nbsp;&nbsp;&nbsp;&nbsp;&nbsp;&nbsp;<\/p>\n<p>\n28 &#8211; Junho &#8211; Primavera do Leste&nbsp;<\/p>\n<p>\n29 &#8211; Junho &#8211; Santo Ant&ocirc;nio do Leste&nbsp;&nbsp;&nbsp;&nbsp;&nbsp;<\/p>\n<p>\n30 &#8211; Junho &#8211; Paranatinga<\/p>\n<p>\n&nbsp;<\/p>\n<p>\nO Senar-MT faz parte de um conjunto de entidades que formam o Sistema Famato. Essas entidades d&atilde;o suporte para o desenvolvimento sustent&aacute;vel do agroneg&oacute;cio. &Eacute; formado ainda pela Famato, Imea e pelos 89 sindicatos rurais do Estado. O Senar est&aacute; no Facebook e no Instagram. Curta a Fan Page <a href=\"http:\/\/www.facebook.com\/SenarMt\">www.facebook.com\/SenarMt<\/a> e a conta @senar_mt.<\/p>\n","protected":false},"excerpt":{"rendered":"<p>O sexto m&ecirc;s do ano ser&aacute; bastante movimentado para a regional de Barra do Gar&ccedil;as. Al&eacute;m dos mais de 30 treinamentos ofertados pelo Servi&ccedil;o Nacional de Aprendizagem Rural de Mato Grosso (Senar-MT), em parceria com os Sindicatos Rurais, haver&aacute; ainda Exposi&ccedil;&atilde;o Agropecu&aacute;ria nos munic&iacute;pios de Barra do Gar&ccedil;as e Paranatinga. A institui&ccedil;&atilde;o de ensino rural [&hellip;]<\/p>\n","protected":false},"author":1,"featured_media":2499,"comment_status":"open","ping_status":"open","sticky":false,"template":"","format":"standard","meta":{"advgb_blocks_editor_width":"","advgb_blocks_columns_visual_guide":"","footnotes":""},"categories":[1],"tags":[],"class_list":["post-9883","post","type-post","status-publish","format-standard","has-post-thumbnail","hentry","category-geral"],"acf":[],"author_meta":{"display_name":"siteadmin","author_link":"https:\/\/sistemafamato.org.br\/senarmt\/author\/siteadmin\/"},"featured_img":"https:\/\/sistemafamato.org.br\/senarmt\/wp-content\/uploads\/sites\/2\/2016\/05\/31052016043109-300x200.jpg","coauthors":[],"tax_additional":{"categories":{"linked":["<a href=\"https:\/\/sistemafamato.org.br\/senarmt\/category\/geral\/\" class=\"advgb-post-tax-term\">Geral<\/a>"],"unlinked":["<span class=\"advgb-post-tax-term\">Geral<\/span>"]}},"comment_count":"0","relative_dates":{"created":"Publicado 10 anos atr\u00e1s","modified":"Atualizado 10 anos atr\u00e1s"},"absolute_dates":{"created":"Publicado em 31 de maio de 2016","modified":"Atualizado em 31 de maio de 2016"},"absolute_dates_time":{"created":"Publicado em 31 de maio de 2016 16:31","modified":"Atualizado em 31 de maio de 2016 16:31"},"featured_img_caption":"","series_order":"","_links":{"self":[{"href":"https:\/\/sistemafamato.org.br\/senarmt\/wp-json\/wp\/v2\/posts\/9883","targetHints":{"allow":["GET"]}}],"collection":[{"href":"https:\/\/sistemafamato.org.br\/senarmt\/wp-json\/wp\/v2\/posts"}],"about":[{"href":"https:\/\/sistemafamato.org.br\/senarmt\/wp-json\/wp\/v2\/types\/post"}],"author":[{"embeddable":true,"href":"https:\/\/sistemafamato.org.br\/senarmt\/wp-json\/wp\/v2\/users\/1"}],"replies":[{"embeddable":true,"href":"https:\/\/sistemafamato.org.br\/senarmt\/wp-json\/wp\/v2\/comments?post=9883"}],"version-history":[{"count":0,"href":"https:\/\/sistemafamato.org.br\/senarmt\/wp-json\/wp\/v2\/posts\/9883\/revisions"}],"wp:featuredmedia":[{"embeddable":true,"href":"https:\/\/sistemafamato.org.br\/senarmt\/wp-json\/wp\/v2\/media\/2499"}],"wp:attachment":[{"href":"https:\/\/sistemafamato.org.br\/senarmt\/wp-json\/wp\/v2\/media?parent=9883"}],"wp:term":[{"taxonomy":"category","embeddable":true,"href":"https:\/\/sistemafamato.org.br\/senarmt\/wp-json\/wp\/v2\/categories?post=9883"},{"taxonomy":"post_tag","embeddable":true,"href":"https:\/\/sistemafamato.org.br\/senarmt\/wp-json\/wp\/v2\/tags?post=9883"}],"curies":[{"name":"wp","href":"https:\/\/api.w.org\/{rel}","templated":true}]}}