{"id":9878,"date":"2016-05-25T11:02:49","date_gmt":"2016-05-25T14:02:49","guid":{"rendered":"https:\/\/sistemafamato.org.br\/senarmt\/2016\/05\/25\/profissional-qualificado-tem-emprego-garantido-no-setor-agropecuario\/"},"modified":"2016-05-25T11:02:49","modified_gmt":"2016-05-25T14:02:49","slug":"profissional-qualificado-tem-emprego-garantido-no-setor-agropecuario","status":"publish","type":"post","link":"https:\/\/sistemafamato.org.br\/senarmt\/2016\/05\/25\/profissional-qualificado-tem-emprego-garantido-no-setor-agropecuario\/","title":{"rendered":"Profissional qualificado tem emprego garantido no setor agropecu\u00e1rio"},"content":{"rendered":"<p>\nDe acordo com dados do Minist\u00e9rio do Trabalho s\u00e3o 255,63 mil pessoas empregadas, com carteira assinada, no setor agropecu\u00e1rio em Mato Grosso em 2015. Esse n\u00famero equivale a 32% do universo de trabalhadores do Estado. Essa informa\u00e7\u00e3o \u00e9 um motivo para que o trabalhador rural comemore este dia 25 de maio. Apesar do \u00edndice de desemprego que tem aumentado nos \u00faltimos meses, o setor agropecu\u00e1rio \u00e9 um dos poucos que continua empregando.<\/p>\n<p>\n\u00a0<\/p>\n<p>\nDe acordo com n\u00fameros do Cadastro Geral de Empregados e Desempregados do Minist\u00e9rio do Trabalho e Emprego, em janeiro de 2016, dos 6,9 mil postos de trabalho gerados em Mato Grosso, 5,8 mil foram no setor agropecu\u00e1rio. O presidente do Sistema Famato\/Senar refor\u00e7a a import\u00e3ncia das oportunidades geradas no setor. &#8220;As atividades agropecu\u00e1rias mostram-se, na atualidade, como aquelas que podem garantir dignidade a quem est\u00e1 sem perspectiva. H\u00e1 vagas no campo, h\u00e1 incremento de renda para quem aposta neste setor e h\u00e1 qualidade de vida&#8221;.<\/p>\n<p>\n\u00a0<\/p>\n<p>\nJuntar o interesse entre aqueles que est\u00e3o sem emprego, sem perspectiva, sejam eles da cidade ou do campo, com as oportunidades do meio rural \u00e9 o desafio. O superintendente do Servi\u00e7o Nacional de Aprendizagem Rural de Mato Grosso (Senar-MT), Ot\u00e1vio Celidonio, enfatiza que esse \u00e9 um dos objetivos da institui\u00e7\u00e3o. &#8220;Oferecemos mais de 254 treinamentos para qualificar e capacitar profissionais para as 15 principais cadeias produtivas do agroneg\u00f3cio e, somente nos \u00faltimos dois anos, a institui\u00e7\u00e3o de ensino rural qualificou, em m\u00e9dia, 100 mil pessoas&#8221;.<\/p>\n<p>\n\u00a0<\/p>\n<p>\nFalta de m\u00e3o de obra qualificada. De acordo com Celidonio essa \u00e9 a principal reclama\u00e7\u00e3o que tem ouvido nas visitas feitas aos sindicatos rurais nos \u00faltimos meses. &#8220;\u00c9 uma situa\u00e7\u00e3o que preocupa produtores de todo o Brasil&#8221;. N\u00e3o s\u00f3 faltam pessoas para trabalhar, como tamb\u00e9m faltam profissionais qualificados. &#8220;Aqueles que est\u00e3o qualificados conquistam postos de trabalho e todos os benef\u00edcios de uma vida de qualidade. O conhecimento muda a vida das pessoas&#8221;.<\/p>\n<p>\n\u00a0<\/p>\n<p>\nRomualdo Carvalho, de 25 anos, \u00e9 uma dessas pessoas que est\u00e1 em busca de qualifica\u00e7\u00e3o para mudar de vida. Ele conta que era motorista e esperou quase um ano para conseguir uma vaga e fazer o treinamento do Senar-MT. Romoaldo diz ainda que quer trabalhar no campo. &#8220;Quero ter um sal\u00e1rio melhor e mais qualidade de vida. Mas, para isso, sei que ainda preciso me qualificar mais&#8221;.<\/p>\n<p>\n\u00a0<\/p>\n<p>\nAl\u00e9m dos treinamentos h\u00e1 tamb\u00e9m os programas especiais. O Campo Aprendiz \u00e9 um deles. S\u00f3 no ano de 2016 duas turmas j\u00e1 receberam o certificado do curso de mecaniza\u00e7\u00e3o agr\u00edcola.\u00a0Ao todo foram 31 alunos qualificados para este setor.Todos receberam proposta de trabalho antes mesmo de concluir as aulas. Dezenove aceitaram e, ao concluir a qualifica\u00e7\u00e3o, j\u00e1 est\u00e3o com emprego garantido.<\/p>\n<p>\n\u00a0<\/p>\n<p>\nPara o jovem Vitor Hugo Rezende Souza, 24 anos, mais que conhecimento t\u00e9cnico, o curso trouxe uma nova vis\u00e3o do mercado e ampliou seus conhecimentos na \u00e1rea de mec\u00e2nica de m\u00e1quinas e implementos agr\u00edcolas. &#8220;Essa \u00e9 a parte que eu mais gosto. Pretendo continuar me qualificando. Quero fazer uma faculdade de agronomia ou alguma coisa na \u00e1rea de opera\u00e7\u00e3o de m\u00e1quinas e implementos agr\u00edcolas&#8221;.<\/p>\n<p>\n\u00a0<\/p>\n<p>\nLaudir de Carvalho Oliveira, de 22 anos, \u00e9 outro formando da turma de qualifica\u00e7\u00e3o em mecaniza\u00e7\u00e3o agr\u00edcola de 2016. Ele conta que o curso trouxe mais que o conhecimento sobre o setor. &#8220;Tamb\u00e9m nos ensinou como podemos ser pessoas melhores. At\u00e9 minha m\u00e3e comentou que mudei a postura diante da vida&#8221;.<\/p>\n<p>\n\u00a0<\/p>\n<p>\nCaso como os de Romualdo, Vitor e Laudir s\u00e3o comuns nas turmas de treinamentos ofertados pelo Senar-MT em parceria com os Sindicatos Rurais e outros parceiros. Os interessados em fazer os treinamentos do Senar-MT devem procurar o Sindicato Rural de seu munic\u00edpio.<\/p>\n<p>\n\u00a0<\/p>\n<p>\nO Senar-MT faz parte de um conjunto de entidades que formam o Sistema Famato, assim como a Federa\u00e7\u00e3o, o Imea e os 89 sindicatos rurais do Estado. Essas entidades d\u00e3o suporte para o desenvolvimento sustent\u00e1vel do agroneg\u00f3cio. O Senar est\u00e1 no Facebook e no Instagram. Curta a Fan Page <a href=\"http:\/\/www.facebook.com\/SenarMt\">www.facebook.com\/SenarMt<\/a> e a conta @senar_mt.<\/p>\n<p>\n\u00a0<\/p>\n","protected":false},"excerpt":{"rendered":"<p>De acordo com dados do Minist\u00e9rio do Trabalho s\u00e3o 255,63 mil pessoas empregadas, com carteira assinada, no setor agropecu\u00e1rio em Mato Grosso em 2015. Esse n\u00famero equivale a 32% do universo de trabalhadores do Estado. Essa informa\u00e7\u00e3o \u00e9 um motivo para que o trabalhador rural comemore este dia 25 de maio. Apesar do \u00edndice de [&hellip;]<\/p>\n","protected":false},"author":1,"featured_media":2489,"comment_status":"open","ping_status":"open","sticky":false,"template":"","format":"standard","meta":{"advgb_blocks_editor_width":"","advgb_blocks_columns_visual_guide":"","footnotes":""},"categories":[1],"tags":[],"class_list":["post-9878","post","type-post","status-publish","format-standard","has-post-thumbnail","hentry","category-geral"],"acf":[],"author_meta":{"display_name":"siteadmin","author_link":"https:\/\/sistemafamato.org.br\/senarmt\/author\/siteadmin\/"},"featured_img":"https:\/\/sistemafamato.org.br\/senarmt\/wp-content\/uploads\/sites\/2\/2016\/05\/25052016121213-300x270.jpg","coauthors":[],"tax_additional":{"categories":{"linked":["<a href=\"https:\/\/sistemafamato.org.br\/senarmt\/category\/geral\/\" class=\"advgb-post-tax-term\">Geral<\/a>"],"unlinked":["<span class=\"advgb-post-tax-term\">Geral<\/span>"]}},"comment_count":"0","relative_dates":{"created":"Publicado 10 anos atr\u00e1s","modified":"Atualizado 10 anos atr\u00e1s"},"absolute_dates":{"created":"Publicado em 25 de maio de 2016","modified":"Atualizado em 25 de maio de 2016"},"absolute_dates_time":{"created":"Publicado em 25 de maio de 2016 11:02","modified":"Atualizado em 25 de maio de 2016 11:02"},"featured_img_caption":"","series_order":"","_links":{"self":[{"href":"https:\/\/sistemafamato.org.br\/senarmt\/wp-json\/wp\/v2\/posts\/9878","targetHints":{"allow":["GET"]}}],"collection":[{"href":"https:\/\/sistemafamato.org.br\/senarmt\/wp-json\/wp\/v2\/posts"}],"about":[{"href":"https:\/\/sistemafamato.org.br\/senarmt\/wp-json\/wp\/v2\/types\/post"}],"author":[{"embeddable":true,"href":"https:\/\/sistemafamato.org.br\/senarmt\/wp-json\/wp\/v2\/users\/1"}],"replies":[{"embeddable":true,"href":"https:\/\/sistemafamato.org.br\/senarmt\/wp-json\/wp\/v2\/comments?post=9878"}],"version-history":[{"count":0,"href":"https:\/\/sistemafamato.org.br\/senarmt\/wp-json\/wp\/v2\/posts\/9878\/revisions"}],"wp:featuredmedia":[{"embeddable":true,"href":"https:\/\/sistemafamato.org.br\/senarmt\/wp-json\/wp\/v2\/media\/2489"}],"wp:attachment":[{"href":"https:\/\/sistemafamato.org.br\/senarmt\/wp-json\/wp\/v2\/media?parent=9878"}],"wp:term":[{"taxonomy":"category","embeddable":true,"href":"https:\/\/sistemafamato.org.br\/senarmt\/wp-json\/wp\/v2\/categories?post=9878"},{"taxonomy":"post_tag","embeddable":true,"href":"https:\/\/sistemafamato.org.br\/senarmt\/wp-json\/wp\/v2\/tags?post=9878"}],"curies":[{"name":"wp","href":"https:\/\/api.w.org\/{rel}","templated":true}]}}