{"id":9870,"date":"2016-05-16T18:18:25","date_gmt":"2016-05-16T21:18:25","guid":{"rendered":"https:\/\/sistemafamato.org.br\/senarmt\/2016\/05\/16\/mais-de-50-da-turma-que-concluiu-o-curso-de-mecanizacao-agricola-tem-emprego-garantido\/"},"modified":"2016-05-16T18:18:25","modified_gmt":"2016-05-16T21:18:25","slug":"mais-de-50-da-turma-que-concluiu-o-curso-de-mecanizacao-agricola-tem-emprego-garantido","status":"publish","type":"post","link":"https:\/\/sistemafamato.org.br\/senarmt\/2016\/05\/16\/mais-de-50-da-turma-que-concluiu-o-curso-de-mecanizacao-agricola-tem-emprego-garantido\/","title":{"rendered":"Mais de 50% da turma que concluiu o curso de Mecaniza\u00e7\u00e3o Agr\u00edcola t\u00eam emprego garantido"},"content":{"rendered":"<p>\nMais 17 jovens receberam o certificado do curso de Mecaniza&ccedil;&atilde;o Agr&iacute;cola, Soja e Milho, do Programa Campo Aprendiz, nesta segunda-feira (16.05). Destes, oito j&aacute; est&atilde;o empregados, ou seja, mais de 50% da turma j&aacute; t&ecirc;m emprego garantido. O programa &eacute; desenvolvido pelo Servi&ccedil;o Nacional de Aprendizagem Rural de Mato Grosso (Senar-MT) e diversos parceiros.<\/p>\n<p>\n&nbsp;<\/p>\n<p>\nEstes 17 jovens comp&otilde;em a segunda turma do Programa Campo Aprendiz &ndash; Mecaniza&ccedil;&atilde;o Agr&iacute;cola que se forma em 2016. Ao todo foram 31 alunos. Todos receberam proposta de trabalho antes mesmo de concluir o curso. Dezenove aceitaram a proposta e, ao concluir a qualifica&ccedil;&atilde;o, j&aacute; est&atilde;o com emprego garantido.<\/p>\n<p>\n&nbsp;<\/p>\n<p>\nO certificado e o emprego foram os presentes para o jovem Vitor Hugo Rezende Souza, que completa, nesta segunda-feira (16.05), 24 anos. Ele conta que o curso lhe trouxe uma nova vis&atilde;o do mercado e ampliou seus conhecimentos na &aacute;rea de mec&acirc;nica de m&aacute;quinas e implementos agr&iacute;colas. &ldquo;Essa &eacute; a parte que eu mais gosto. Pretendo continuar me qualificando. Quero fazer uma faculdade de agronomia ou alguma coisa na &aacute;rea de opera&ccedil;&atilde;o de m&aacute;quinas e implementos agr&iacute;colas&rdquo;.<\/p>\n<p>\n&nbsp;<\/p>\n<p>\nO superintendente do Senar-MT, Ot&aacute;vio Celidonio, acrescenta que a qualifica&ccedil;&atilde;o &eacute; apenas uma ferramenta. &ldquo;Depende de cada um transformar esse conhecimento em sucesso&rdquo;, ressalta. Celidonio disse ainda que os jovens devem continuar estudando e investindo em conhecimento. &ldquo;O mercado &eacute; promissor e carente de m&atilde;o de obra qualificada&rdquo;.<\/p>\n<p>\n&nbsp;<\/p>\n<p>\nAssim como Vitor Hugo Rezende Souza, o orador da turma Laudir de Carvalho Oliveira, de 22 anos, conta que o curso trouxe mais que o conhecimento sobre mecaniza&ccedil;&atilde;o agr&iacute;cola para as cadeias produtivas da soja e do milho. &ldquo;Tamb&eacute;m nos ensinou a sermos pessoas melhores. At&eacute; minha m&atilde;e comentou que mudei a postura diante da vida&rdquo;<\/p>\n<p>\n&nbsp;<\/p>\n<p>\n<strong>PROGRAMA CAMPO APRENDIZ<\/strong> &#8211; O objetivo &eacute; atender as demandas dos parceiros que precisavam cumprir a Lei de Aprendizagem 10.097\/2000 regulamentada pelo decreto 5.598\/2005. Este programa forma m&atilde;o de obra para atender a demanda que cresce consideravelmente m&ecirc;s a m&ecirc;s nas cadeias de soja, milho, algod&atilde;o, cana de a&ccedil;&uacute;car e v&aacute;rias outras.<\/p>\n<p>\n&nbsp;<\/p>\n<p>\nBoa parte dos jovens entre 18 e 24 anos que participam do programa j&aacute; tem emprego garantido mesmo antes de concluir o curso.&nbsp; Para fazer o Campo Aprendiz &eacute; preciso ter entre 18 e 24 anos, estar cursando o ensino fundamental ou o m&eacute;dio e possuir contrato de trabalho especial de aprendizagem com as empresas agropecu&aacute;rias.<\/p>\n<p>\n&nbsp;<\/p>\n<p>\nA institui&ccedil;&atilde;o de Ensino Rural oferece a capacita&ccedil;&atilde;o em Mecaniza&ccedil;&atilde;o Agr&iacute;cola, Cultura da Cana de a&ccedil;&uacute;car, Mecaniza&ccedil;&atilde;o Agr&iacute;cola voltada &agrave; cultura de Soja e Milho e Mecaniza&ccedil;&atilde;o Agr&iacute;cola voltada para o cultivo de Cana de a&ccedil;&uacute;car.&nbsp; O tempo destas capacita&ccedil;&otilde;es variam de 880 a 960 horas.<\/p>\n<p>\n&nbsp;<\/p>\n<p>\nEste curso tamb&eacute;m aborda assuntos como relacionamento interpessoal, comunica&ccedil;&atilde;o oral e escrita, gest&atilde;o empreendedora, cidadania, no&ccedil;&otilde;es de inform&aacute;tica, sa&uacute;de, seguran&ccedil;a no trabalho e c&aacute;lculos matem&aacute;ticos. Al&eacute;m disso, h&aacute; ainda outros assuntos espec&iacute;ficos da cadeia produtiva que est&aacute; sendo atendida.<\/p>\n<p>\n&nbsp;<\/p>\n<p>\nAs empresas interessadas em solicitar o programa especial Campo Aprendiz devem procurar o Sindicato Rural do seu munic&iacute;pio, que &eacute; o principal parceiro para realiza&ccedil;&atilde;o de todos eventos do Senar-MT. Vale ressaltar que a sele&ccedil;&atilde;o dos participantes &eacute; feita pela empresa que deseja realizar o programa.<\/p>\n<p>\n&nbsp;<\/p>\n<p>\nEste ano o Senar-MT conta com a parceria do Projeto A&ccedil;&atilde;o Integrada, realizado pela Superintend&ecirc;ncia Regional do Trabalho e Emprego de Mato Grosso (SRTE-MT), Universidade Federal de Mato Grosso (UFMT) e Minist&eacute;rio P&uacute;blico do Trabalho em Mato Grosso (MPT-MT), com o apoio da Organiza&ccedil;&atilde;o Internacional do Trabalho (OIT).<\/p>\n<p>\n&nbsp;<\/p>\n<p>\nO Senar-MT faz parte de um conjunto de entidades que formam o Sistema Famato, assim como a Federa&ccedil;&atilde;o, o Imea e os 89 sindicatos rurais do Estado. Essas entidades d&atilde;o suporte para o desenvolvimento sustent&aacute;vel do agroneg&oacute;cio. O Senar est&aacute; no Facebook e no Instagram. Curta a Fan Page <a href=\"http:\/\/www.facebook.com\/SenarMt\">www.facebook.com\/SenarMt<\/a> e a conta @senar_mt.<\/p>\n<p>\n&nbsp;<\/p>\n<p>\n&nbsp;<\/p>\n","protected":false},"excerpt":{"rendered":"<p>Mais 17 jovens receberam o certificado do curso de Mecaniza&ccedil;&atilde;o Agr&iacute;cola, Soja e Milho, do Programa Campo Aprendiz, nesta segunda-feira (16.05). Destes, oito j&aacute; est&atilde;o empregados, ou seja, mais de 50% da turma j&aacute; t&ecirc;m emprego garantido. O programa &eacute; desenvolvido pelo Servi&ccedil;o Nacional de Aprendizagem Rural de Mato Grosso (Senar-MT) e diversos parceiros. &nbsp; [&hellip;]<\/p>\n","protected":false},"author":1,"featured_media":2473,"comment_status":"open","ping_status":"open","sticky":false,"template":"","format":"standard","meta":{"advgb_blocks_editor_width":"","advgb_blocks_columns_visual_guide":"","footnotes":""},"categories":[1],"tags":[],"class_list":["post-9870","post","type-post","status-publish","format-standard","has-post-thumbnail","hentry","category-geral"],"acf":[],"author_meta":{"display_name":"siteadmin","author_link":"https:\/\/sistemafamato.org.br\/senarmt\/author\/siteadmin\/"},"featured_img":"https:\/\/sistemafamato.org.br\/senarmt\/wp-content\/uploads\/sites\/2\/2016\/05\/16052016061801-300x163.jpg","coauthors":[],"tax_additional":{"categories":{"linked":["<a href=\"https:\/\/sistemafamato.org.br\/senarmt\/category\/geral\/\" class=\"advgb-post-tax-term\">Geral<\/a>"],"unlinked":["<span class=\"advgb-post-tax-term\">Geral<\/span>"]}},"comment_count":"0","relative_dates":{"created":"Publicado 10 anos atr\u00e1s","modified":"Atualizado 10 anos atr\u00e1s"},"absolute_dates":{"created":"Publicado em 16 de maio de 2016","modified":"Atualizado em 16 de maio de 2016"},"absolute_dates_time":{"created":"Publicado em 16 de maio de 2016 18:18","modified":"Atualizado em 16 de maio de 2016 18:18"},"featured_img_caption":"","series_order":"","_links":{"self":[{"href":"https:\/\/sistemafamato.org.br\/senarmt\/wp-json\/wp\/v2\/posts\/9870","targetHints":{"allow":["GET"]}}],"collection":[{"href":"https:\/\/sistemafamato.org.br\/senarmt\/wp-json\/wp\/v2\/posts"}],"about":[{"href":"https:\/\/sistemafamato.org.br\/senarmt\/wp-json\/wp\/v2\/types\/post"}],"author":[{"embeddable":true,"href":"https:\/\/sistemafamato.org.br\/senarmt\/wp-json\/wp\/v2\/users\/1"}],"replies":[{"embeddable":true,"href":"https:\/\/sistemafamato.org.br\/senarmt\/wp-json\/wp\/v2\/comments?post=9870"}],"version-history":[{"count":0,"href":"https:\/\/sistemafamato.org.br\/senarmt\/wp-json\/wp\/v2\/posts\/9870\/revisions"}],"wp:featuredmedia":[{"embeddable":true,"href":"https:\/\/sistemafamato.org.br\/senarmt\/wp-json\/wp\/v2\/media\/2473"}],"wp:attachment":[{"href":"https:\/\/sistemafamato.org.br\/senarmt\/wp-json\/wp\/v2\/media?parent=9870"}],"wp:term":[{"taxonomy":"category","embeddable":true,"href":"https:\/\/sistemafamato.org.br\/senarmt\/wp-json\/wp\/v2\/categories?post=9870"},{"taxonomy":"post_tag","embeddable":true,"href":"https:\/\/sistemafamato.org.br\/senarmt\/wp-json\/wp\/v2\/tags?post=9870"}],"curies":[{"name":"wp","href":"https:\/\/api.w.org\/{rel}","templated":true}]}}