{"id":9869,"date":"2016-05-16T12:00:35","date_gmt":"2016-05-16T15:00:35","guid":{"rendered":"https:\/\/sistemafamato.org.br\/senarmt\/2016\/05\/16\/programa-visa-aproximar-as-criancas-do-meio-rural\/"},"modified":"2016-05-16T12:00:35","modified_gmt":"2016-05-16T15:00:35","slug":"programa-visa-aproximar-as-criancas-do-meio-rural","status":"publish","type":"post","link":"https:\/\/sistemafamato.org.br\/senarmt\/2016\/05\/16\/programa-visa-aproximar-as-criancas-do-meio-rural\/","title":{"rendered":"Programa visa aproximar as crian\u00e7as do meio rural"},"content":{"rendered":"<p>\nAcontece nesta semana, em C\u00e1ceres e em Barra do Bugres, mais um ciclo de visitas do Programa do Servi\u00e7o Nacional de Aprendizagem Rural de Mato Grosso (Senar-MT), Filhos no Campo. Ao todo ser\u00e3o 16 turmas, sendo cinco no munic\u00edpio de C\u00e1ceres e 11 em Barra do Bugres.<\/p>\n<p>\n\u00a0<\/p>\n<p>\nO programa \u00e9 realizado em parceria com os Sindicatos Rurais. Em 2016 j\u00e1 aconteceram 18 turmas, o que significa que mais de 700 crian\u00e7as que vivem em \u00e1reas urbanas foram levadas para conhecer o processo produtivo das fazendas. Nestas visitas eles acompanham a ordenha e at\u00e9 a colheita de alguns legumes. As crian\u00e7as t\u00eam a oportunidade de conhecer a rotina da \u201clida\u201d na fazenda.<\/p>\n<p>\n\u00a0<\/p>\n<p>\nO programa atende crian\u00e7as de sete a 12 anos de idade que vivem nas 30 maiores cidades de Mato Grosso. O Filhos no Campo tem car\u00e1ter educativo e recreativo e contribui para o desenvolvimento social e cultural das crian\u00e7as, proporcionando a elas o conhecimento da realidade dos modelos de produ\u00e7\u00e3o agropecu\u00e1ria do Estado.<\/p>\n<p>\n\u00a0<\/p>\n<p>\nAl\u00e9m de conhecer, o Filhos no Campo tamb\u00e9m tem como meta despertar o interesse destas crian\u00e7as para conhecer cada vez mais as atividades realizadas numa fazenda e saber como \u00e9 a vida no campo.<\/p>\n<p>\n\u00a0<\/p>\n<p>\nAl\u00e9m do instrutor que orienta as crian\u00e7as e tamb\u00e9m responde todas as d\u00favidas que surgem ao longo do passeio, h\u00e1 tamb\u00e9m a presen\u00e7a de monitores especialmente capacitados para atuar na seguran\u00e7a e alimenta\u00e7\u00e3o dos participantes. Participam at\u00e9 40 crian\u00e7as por visita, que tem carga hor\u00e1ria de oito horas.<\/p>\n<p>\n\u00a0<\/p>\n<p>\n<strong>Programa\u00e7\u00e3o Filhos no Campo m\u00eas de Maio<\/strong><\/p>\n<p>\nC\u00e1ceres (16\/05) &#8211; Estancia Mariana<\/p>\n<p>\nC\u00e1ceres (17\/05) &#8211; Estancia Mariana<\/p>\n<p>\nC\u00e1ceres (18\/05) &#8211; Estancia Mariana<\/p>\n<p>\nC\u00e1ceres (19\/05) &#8211; Estancia Mariana<\/p>\n<p>\nC\u00e1ceres (20\/05) &#8211; Estancia Mariana<\/p>\n<p>\nBarra do Bugres (16\/05) &#8211; Assist\u00eancia Social<\/p>\n<p>\nBarra do Bugres (09\/05) &#8211; Secretaria Municipal de Assist\u00eancia Social<\/p>\n<p>\nBarra do Bugres (10\/05) Secretaria Municipal de Assist\u00eancia Social<\/p>\n<p>\nBarra do Bugres (11\/05) Secretaria Municipal de Assist\u00eancia Social<\/p>\n<p>\nBarra do Bugres (12\/05) Secretaria Municipal de Assist\u00eancia Social<\/p>\n<p>\nBarra do Bugres (13\/05) Secretaria Municipal de Assist\u00eancia Social<\/p>\n<p>\nBarra do Bugres (17\/05) Secretaria Municipal de Assist\u00eancia Social<\/p>\n<p>\nBarra do Bugres (18\/05) Secretaria Municipal de Assist\u00eancia Social<\/p>\n<p>\nBarra do Bugres (19\/05) Secretaria Municipal de Assist\u00eancia Social<\/p>\n<p>\nBarra do Bugres (20\/05) Secretaria Municipal de Assist\u00eancia Social<\/p>\n<p>\nCampo Novo do Parecis (30\/05) &#8211;\u00a0\u00a0 Fazenda Horizonte\u00a0<\/p>\n<p>\n\u00a0<\/p>\n<p>\nO Senar-MT faz parte de um conjunto de entidades que formam o Sistema Famato. Essas entidades d\u00e3o suporte para o desenvolvimento sustent\u00e1vel do agroneg\u00f3cio. \u00c9 formado ainda pela Famato, Imea e pelos 89 sindicatos rurais do Estado. O Senar est\u00e1 no Facebook e no Instagram. Curta a Fan Page <a href=\"http:\/\/www.facebook.com\/SenarMt\">www.facebook.com\/SenarMt<\/a> e a conta @senar_mt.<\/p>\n","protected":false},"excerpt":{"rendered":"<p>Acontece nesta semana, em C\u00e1ceres e em Barra do Bugres, mais um ciclo de visitas do Programa do Servi\u00e7o Nacional de Aprendizagem Rural de Mato Grosso (Senar-MT), Filhos no Campo. Ao todo ser\u00e3o 16 turmas, sendo cinco no munic\u00edpio de C\u00e1ceres e 11 em Barra do Bugres. \u00a0 O programa \u00e9 realizado em parceria com [&hellip;]<\/p>\n","protected":false},"author":1,"featured_media":2471,"comment_status":"open","ping_status":"open","sticky":false,"template":"","format":"standard","meta":{"advgb_blocks_editor_width":"","advgb_blocks_columns_visual_guide":"","footnotes":""},"categories":[1],"tags":[],"class_list":["post-9869","post","type-post","status-publish","format-standard","has-post-thumbnail","hentry","category-geral"],"acf":[],"author_meta":{"display_name":"siteadmin","author_link":"https:\/\/sistemafamato.org.br\/senarmt\/author\/siteadmin\/"},"featured_img":"https:\/\/sistemafamato.org.br\/senarmt\/wp-content\/uploads\/sites\/2\/2016\/05\/16052016120014-300x200.jpg","coauthors":[],"tax_additional":{"categories":{"linked":["<a href=\"https:\/\/sistemafamato.org.br\/senarmt\/category\/geral\/\" class=\"advgb-post-tax-term\">Geral<\/a>"],"unlinked":["<span class=\"advgb-post-tax-term\">Geral<\/span>"]}},"comment_count":"0","relative_dates":{"created":"Publicado 10 anos atr\u00e1s","modified":"Atualizado 10 anos atr\u00e1s"},"absolute_dates":{"created":"Publicado em 16 de maio de 2016","modified":"Atualizado em 16 de maio de 2016"},"absolute_dates_time":{"created":"Publicado em 16 de maio de 2016 12:00","modified":"Atualizado em 16 de maio de 2016 12:00"},"featured_img_caption":"","series_order":"","_links":{"self":[{"href":"https:\/\/sistemafamato.org.br\/senarmt\/wp-json\/wp\/v2\/posts\/9869","targetHints":{"allow":["GET"]}}],"collection":[{"href":"https:\/\/sistemafamato.org.br\/senarmt\/wp-json\/wp\/v2\/posts"}],"about":[{"href":"https:\/\/sistemafamato.org.br\/senarmt\/wp-json\/wp\/v2\/types\/post"}],"author":[{"embeddable":true,"href":"https:\/\/sistemafamato.org.br\/senarmt\/wp-json\/wp\/v2\/users\/1"}],"replies":[{"embeddable":true,"href":"https:\/\/sistemafamato.org.br\/senarmt\/wp-json\/wp\/v2\/comments?post=9869"}],"version-history":[{"count":0,"href":"https:\/\/sistemafamato.org.br\/senarmt\/wp-json\/wp\/v2\/posts\/9869\/revisions"}],"wp:featuredmedia":[{"embeddable":true,"href":"https:\/\/sistemafamato.org.br\/senarmt\/wp-json\/wp\/v2\/media\/2471"}],"wp:attachment":[{"href":"https:\/\/sistemafamato.org.br\/senarmt\/wp-json\/wp\/v2\/media?parent=9869"}],"wp:term":[{"taxonomy":"category","embeddable":true,"href":"https:\/\/sistemafamato.org.br\/senarmt\/wp-json\/wp\/v2\/categories?post=9869"},{"taxonomy":"post_tag","embeddable":true,"href":"https:\/\/sistemafamato.org.br\/senarmt\/wp-json\/wp\/v2\/tags?post=9869"}],"curies":[{"name":"wp","href":"https:\/\/api.w.org\/{rel}","templated":true}]}}