{"id":9863,"date":"2016-05-06T18:06:16","date_gmt":"2016-05-06T21:06:16","guid":{"rendered":"https:\/\/sistemafamato.org.br\/senarmt\/2016\/05\/06\/populacao-de-santo-antonio-do-leste-recebe-cine-senar-nesta-sexta-feira\/"},"modified":"2016-05-06T18:06:16","modified_gmt":"2016-05-06T21:06:16","slug":"populacao-de-santo-antonio-do-leste-recebe-cine-senar-nesta-sexta-feira","status":"publish","type":"post","link":"https:\/\/sistemafamato.org.br\/senarmt\/2016\/05\/06\/populacao-de-santo-antonio-do-leste-recebe-cine-senar-nesta-sexta-feira\/","title":{"rendered":"Popula\u00e7\u00e3o de Santo Ant\u00f4nio do Leste recebe Cine Senar nesta sexta-feira"},"content":{"rendered":"<p>\nA noite desta sexta-feira (06.05) promete ser agitada em Santo Ant\u00f4nio do Leste (372 km de Cuiab\u00e1). A partir das 18h ser\u00e1 montada uma sala de cinema itinerante na Pra\u00e7a Vanildo Cordeiro de Souza. \u00c9 o programa Cine Senar desenvolvido pelo Servi\u00e7o Nacional de Aprendizagem Rural de Mato Grosso (Senar-MT) em parceria com a prefeitura e sindicato rural.<\/p>\n<p>\n\u00a0<\/p>\n<p>\nO evento abre a programa\u00e7\u00e3o do m\u00eas de maio, que ainda ter\u00e1 seis Cine Senar: em Alto Boa Vista (13.05), S\u00e3o F\u00e9lix do Araguaia (14.05), S\u00e3o Jos\u00e9 dos Quatro Marcos (17.05), Ribeir\u00e3o Cascalheira (20.05), Parana\u00edta (24.05) e Planalto da Serra (27.05).<\/p>\n<p>\n\u00a0<\/p>\n<p>\nEm 2015, a institui\u00e7\u00e3o de ensino rural levou proje\u00e7\u00f5es gratuitas para mais de 40 mil pessoas que vivem em comunidades rurais ou em pequenos munic\u00edpios do Estado. Os parceiros montam uma infraestrutura que consiste em assentos para at\u00e9 300 pessoas, um tel\u00e3o infl\u00e1vel de 5x10m, sistema de som distribu\u00eddo para atender at\u00e9 3000 pessoas. A classifica\u00e7\u00e3o \u00e9 livre. O p\u00fablico se diverte com um filme de anima\u00e7\u00e3o, distribui\u00e7\u00e3o de pipoca e bal\u00f5es.<\/p>\n<p>\n\u00a0<\/p>\n<div>\n<p>\n<strong>Programa\u00e7\u00e3o Cine Senar em maio*<\/strong><\/p>\n<p>\n\u00a0<\/p>\n<p>\n06\/05 &#8211; Santo Ant\u00f4nio do Leste \u2013 Pra\u00e7a Vanildo Cordeiro de Souza \u00a0\u00a0\u00a0\u00a0\u00a0\u00a0\u00a0 \u00a0<\/p>\n<p>\n13\/05 &#8211; Alto Boa Vista \u2013 Pra\u00e7a Municipal \u00a0\u00a0\u00a0\u00a0\u00a0\u00a0\u00a0\u00a0\u00a0\u00a0\u00a0\u00a0\u00a0 \u00a0<\/p>\n<p>\n14\/05 &#8211; S\u00e3o F\u00e9lix do Araguaia \u2013 Cais da cidade\u00a0\u00a0<\/p>\n<p>\n17\/05 &#8211; S\u00e3o Jos\u00e9 dos Quatro Marcos \u2013 Pra\u00e7a S\u00e3o Jo\u00e3o Batista\u00a0 \u00a0<\/p>\n<p>\n20\/05 &#8211; Ribeir\u00e3o Cascalheira \u2013 Quadra Poliesportiva \u201cNequinha\u201d\u00a0\u00a0\u00a0\u00a0\u00a0\u00a0\u00a0\u00a0\u00a0\u00a0\u00a0\u00a0\u00a0<\/p>\n<p>\n24\/05 &#8211; Parana\u00edta \u2013 N\u00facleo Habitacional Novo Horizonte \u00a0\u00a0\u00a0\u00a0\u00a0\u00a0\u00a0\u00a0\u00a0\u00a0\u00a0\u00a0<\/p>\n<p>\n27\/05 &#8211; Planalto da Serra \u2013 Pra\u00e7a Central\u00a0\u00a0\u00a0\u00a0\u00a0\u00a0\u00a0\u00a0\u00a0\u00a0\u00a0\u00a0\u00a0<\/p>\n<p>\n*programa\u00e7\u00e3o sujeita a altera\u00e7\u00e3o<\/p>\n<\/div>\n<p>\n\u00a0<\/p>\n<p>\nO Senar-MT faz parte de um conjunto de entidades que formam o Sistema Famato, assim como a Federa\u00e7\u00e3o, o Imea e os 89 sindicatos rurais do Estado. Essas entidades d\u00e3o suporte para o desenvolvimento sustent\u00e1vel do agroneg\u00f3cio. O Senar est\u00e1 no Facebook e no Instagram. Curta a Fan Page<a href=\"http:\/\/www.facebook.com\/SenarMt\"> www.facebook.com\/SenarMt<\/a> e a conta<a href=\"https:\/\/www.instagram.com\/senar_mt\/\"> @senar_mt<\/a>.<\/p>\n","protected":false},"excerpt":{"rendered":"<p>A noite desta sexta-feira (06.05) promete ser agitada em Santo Ant\u00f4nio do Leste (372 km de Cuiab\u00e1). A partir das 18h ser\u00e1 montada uma sala de cinema itinerante na Pra\u00e7a Vanildo Cordeiro de Souza. \u00c9 o programa Cine Senar desenvolvido pelo Servi\u00e7o Nacional de Aprendizagem Rural de Mato Grosso (Senar-MT) em parceria com a prefeitura [&hellip;]<\/p>\n","protected":false},"author":1,"featured_media":2459,"comment_status":"open","ping_status":"open","sticky":false,"template":"","format":"standard","meta":{"advgb_blocks_editor_width":"","advgb_blocks_columns_visual_guide":"","footnotes":""},"categories":[1],"tags":[],"class_list":["post-9863","post","type-post","status-publish","format-standard","has-post-thumbnail","hentry","category-geral"],"acf":[],"author_meta":{"display_name":"siteadmin","author_link":"https:\/\/sistemafamato.org.br\/senarmt\/author\/siteadmin\/"},"featured_img":"https:\/\/sistemafamato.org.br\/senarmt\/wp-content\/uploads\/sites\/2\/2016\/05\/09052016045622-300x200.jpg","coauthors":[],"tax_additional":{"categories":{"linked":["<a href=\"https:\/\/sistemafamato.org.br\/senarmt\/category\/geral\/\" class=\"advgb-post-tax-term\">Geral<\/a>"],"unlinked":["<span class=\"advgb-post-tax-term\">Geral<\/span>"]}},"comment_count":"0","relative_dates":{"created":"Publicado 10 anos atr\u00e1s","modified":"Atualizado 10 anos atr\u00e1s"},"absolute_dates":{"created":"Publicado em 6 de maio de 2016","modified":"Atualizado em 6 de maio de 2016"},"absolute_dates_time":{"created":"Publicado em 6 de maio de 2016 18:06","modified":"Atualizado em 6 de maio de 2016 18:06"},"featured_img_caption":"","series_order":"","_links":{"self":[{"href":"https:\/\/sistemafamato.org.br\/senarmt\/wp-json\/wp\/v2\/posts\/9863","targetHints":{"allow":["GET"]}}],"collection":[{"href":"https:\/\/sistemafamato.org.br\/senarmt\/wp-json\/wp\/v2\/posts"}],"about":[{"href":"https:\/\/sistemafamato.org.br\/senarmt\/wp-json\/wp\/v2\/types\/post"}],"author":[{"embeddable":true,"href":"https:\/\/sistemafamato.org.br\/senarmt\/wp-json\/wp\/v2\/users\/1"}],"replies":[{"embeddable":true,"href":"https:\/\/sistemafamato.org.br\/senarmt\/wp-json\/wp\/v2\/comments?post=9863"}],"version-history":[{"count":0,"href":"https:\/\/sistemafamato.org.br\/senarmt\/wp-json\/wp\/v2\/posts\/9863\/revisions"}],"wp:featuredmedia":[{"embeddable":true,"href":"https:\/\/sistemafamato.org.br\/senarmt\/wp-json\/wp\/v2\/media\/2459"}],"wp:attachment":[{"href":"https:\/\/sistemafamato.org.br\/senarmt\/wp-json\/wp\/v2\/media?parent=9863"}],"wp:term":[{"taxonomy":"category","embeddable":true,"href":"https:\/\/sistemafamato.org.br\/senarmt\/wp-json\/wp\/v2\/categories?post=9863"},{"taxonomy":"post_tag","embeddable":true,"href":"https:\/\/sistemafamato.org.br\/senarmt\/wp-json\/wp\/v2\/tags?post=9863"}],"curies":[{"name":"wp","href":"https:\/\/api.w.org\/{rel}","templated":true}]}}