{"id":9861,"date":"2016-05-06T10:16:33","date_gmt":"2016-05-06T13:16:33","guid":{"rendered":"https:\/\/sistemafamato.org.br\/senarmt\/2016\/05\/06\/mais-de-70-lideres-do-setor-da-soja-e-do-milho-participam-de-qualificacao-em-cuiaba\/"},"modified":"2016-05-06T10:16:33","modified_gmt":"2016-05-06T13:16:33","slug":"mais-de-70-lideres-do-setor-da-soja-e-do-milho-participam-de-qualificacao-em-cuiaba","status":"publish","type":"post","link":"https:\/\/sistemafamato.org.br\/senarmt\/2016\/05\/06\/mais-de-70-lideres-do-setor-da-soja-e-do-milho-participam-de-qualificacao-em-cuiaba\/","title":{"rendered":"Mais de 70 l\u00edderes do setor da soja e do milho participam de qualifica\u00e7\u00e3o em Cuiab\u00e1"},"content":{"rendered":"<p>\nMais um grupo de 35 alunos come\u00e7ou, nesta quinta-feira (04.05), a fazer o Academia de Lideran\u00e7a. Esta semana teve in\u00edcio duas turmas e, ao todo, s\u00e3o cerca de 70 participantes. O objetivo \u00e9 propiciar aos participantes a oportunidade de aprimorarem as suas compet\u00eancias em gest\u00e3o, atrav\u00e9s de um processo cont\u00ednuo de desenvolvimento, com o objetivo de atender as crescentes demandas e desafios no agroneg\u00f3cio.<\/p>\n<p>\n\u00a0<\/p>\n<p>\nEgresso do Academia de Lideran\u00e7a, o superintendente do Senar-MT, Ot\u00e1vio Celidonio acrescenta que o programa contribui para o desenvolvimento social do agroneg\u00f3cio. Celidonio aproveitou a aula inaugural das duas turmas para falar um pouco sobre os treinamentos oferecidos pelo Senar-MT.<\/p>\n<p>\n\u00a0<\/p>\n<p>\nEle destacou ainda que a institui\u00e7\u00e3o oferece mais de 250 treinamentos e que o principal parceiro na realiza\u00e7\u00e3o das a\u00e7\u00f5es \u00e9 o Sindicato Rural. &#8220;Estamos trabalhando muito para fortalecer os Sindicatos Rurais e, al\u00e9m disso, temos investido na formata\u00e7\u00e3o de novos treinamentos e at\u00e9 de novos programas e projetos&#8221;.<\/p>\n<p>\n\u00a0<\/p>\n<p>\nO presidente da Aprosoja, Endrigo Dalcin, que tamb\u00e9m \u00e9 egresso do Academia, acrescenta que o programa incentiva a evolu\u00e7\u00e3o de cada lideran\u00e7a. \u00a0Segundo ele, os participantes tamb\u00e9m v\u00e3o aprender como trabalhar o desenvolvimento de aspectos comportamentais de comunica\u00e7\u00e3o e temas estrat\u00e9gicos do setor.<\/p>\n<p>\n\u00a0<\/p>\n<p>\nA produtora rural Ediane Miranda Castro Dalcin, de 38 anos, conta que j\u00e1 faz pelo menos oito anos que tem vontade de participar do Academia de Lideran\u00e7as, mas s\u00f3 agora foi poss\u00edvel conciliar as aulas com sua agenda. &#8220;Minha maior expectativa \u00e9 aprender a lidar melhor com os recursos humanos&#8221;.<\/p>\n<p>\n\u00a0<\/p>\n<p>\nUm pouco diferente de Ediane, o produtor rural Andr\u00e9 Carlos Adams, de 44 anos, morador de Alto Taquari acredita que o curso vai lhe dar um novo conceito de lideran\u00e7a.\u00a0 &#8220;Espero sair daqui com uma nova vis\u00e3o e novas ideias para o trabalho no cotidiano&#8221;.<\/p>\n<p>\n\u00a0<\/p>\n<p>\nClayton Tessaro, de 35 anos, produtor rural em Sorriso acrescenta que o seu objetivo \u00e9 aperfei\u00e7oar o conhecimento e, assim conduzir melhor os neg\u00f3cios. &#8220;A orat\u00f3ria e o autoconhecimento s\u00e3o dois assuntos que me interessam muito. Tenho certeza que todo o conte\u00fado vai agregar muito a minha vida profissional&#8221;.<\/p>\n<p>\n\u00a0<\/p>\n<p>\nO Senar-MT faz parte de um conjunto de entidades que formam o Sistema Famato. Essas entidades d\u00e3o suporte para o desenvolvimento sustent\u00e1vel do agroneg\u00f3cio. \u00c9 formado ainda pela Famato, Imea e pelos 89 sindicatos rurais do Estado. O Senar est\u00e1 no Facebook e no Instagram. Curta a Fan Page <a href=\"http:\/\/www.facebook.com\/SenarMt\">www.facebook.com\/SenarMt<\/a> e a conta <a href=\"https:\/\/www.instagram.com\/senar_mt\/\">@senar_mt<\/a>.<\/p>\n<p>\n\u00a0<\/p>\n<p>\n\u00a0<\/p>\n","protected":false},"excerpt":{"rendered":"<p>Mais um grupo de 35 alunos come\u00e7ou, nesta quinta-feira (04.05), a fazer o Academia de Lideran\u00e7a. Esta semana teve in\u00edcio duas turmas e, ao todo, s\u00e3o cerca de 70 participantes. O objetivo \u00e9 propiciar aos participantes a oportunidade de aprimorarem as suas compet\u00eancias em gest\u00e3o, atrav\u00e9s de um processo cont\u00ednuo de desenvolvimento, com o objetivo [&hellip;]<\/p>\n","protected":false},"author":1,"featured_media":2455,"comment_status":"open","ping_status":"open","sticky":false,"template":"","format":"standard","meta":{"advgb_blocks_editor_width":"","advgb_blocks_columns_visual_guide":"","footnotes":""},"categories":[1],"tags":[],"class_list":["post-9861","post","type-post","status-publish","format-standard","has-post-thumbnail","hentry","category-geral"],"acf":[],"author_meta":{"display_name":"siteadmin","author_link":"https:\/\/sistemafamato.org.br\/senarmt\/author\/siteadmin\/"},"featured_img":"https:\/\/sistemafamato.org.br\/senarmt\/wp-content\/uploads\/sites\/2\/2016\/05\/06052016101617-300x200.jpg","coauthors":[],"tax_additional":{"categories":{"linked":["<a href=\"https:\/\/sistemafamato.org.br\/senarmt\/category\/geral\/\" class=\"advgb-post-tax-term\">Geral<\/a>"],"unlinked":["<span class=\"advgb-post-tax-term\">Geral<\/span>"]}},"comment_count":"0","relative_dates":{"created":"Publicado 10 anos atr\u00e1s","modified":"Atualizado 10 anos atr\u00e1s"},"absolute_dates":{"created":"Publicado em 6 de maio de 2016","modified":"Atualizado em 6 de maio de 2016"},"absolute_dates_time":{"created":"Publicado em 6 de maio de 2016 10:16","modified":"Atualizado em 6 de maio de 2016 10:16"},"featured_img_caption":"","series_order":"","_links":{"self":[{"href":"https:\/\/sistemafamato.org.br\/senarmt\/wp-json\/wp\/v2\/posts\/9861","targetHints":{"allow":["GET"]}}],"collection":[{"href":"https:\/\/sistemafamato.org.br\/senarmt\/wp-json\/wp\/v2\/posts"}],"about":[{"href":"https:\/\/sistemafamato.org.br\/senarmt\/wp-json\/wp\/v2\/types\/post"}],"author":[{"embeddable":true,"href":"https:\/\/sistemafamato.org.br\/senarmt\/wp-json\/wp\/v2\/users\/1"}],"replies":[{"embeddable":true,"href":"https:\/\/sistemafamato.org.br\/senarmt\/wp-json\/wp\/v2\/comments?post=9861"}],"version-history":[{"count":0,"href":"https:\/\/sistemafamato.org.br\/senarmt\/wp-json\/wp\/v2\/posts\/9861\/revisions"}],"wp:featuredmedia":[{"embeddable":true,"href":"https:\/\/sistemafamato.org.br\/senarmt\/wp-json\/wp\/v2\/media\/2455"}],"wp:attachment":[{"href":"https:\/\/sistemafamato.org.br\/senarmt\/wp-json\/wp\/v2\/media?parent=9861"}],"wp:term":[{"taxonomy":"category","embeddable":true,"href":"https:\/\/sistemafamato.org.br\/senarmt\/wp-json\/wp\/v2\/categories?post=9861"},{"taxonomy":"post_tag","embeddable":true,"href":"https:\/\/sistemafamato.org.br\/senarmt\/wp-json\/wp\/v2\/tags?post=9861"}],"curies":[{"name":"wp","href":"https:\/\/api.w.org\/{rel}","templated":true}]}}