{"id":9859,"date":"2016-05-04T14:54:55","date_gmt":"2016-05-04T17:54:55","guid":{"rendered":"https:\/\/sistemafamato.org.br\/senarmt\/2016\/05\/04\/tres-sindicatos-realizam-feiras-e-ofertam-oficinas-e-vitrine-da-carne\/"},"modified":"2016-05-04T14:54:55","modified_gmt":"2016-05-04T17:54:55","slug":"tres-sindicatos-realizam-feiras-e-ofertam-oficinas-e-vitrine-da-carne","status":"publish","type":"post","link":"https:\/\/sistemafamato.org.br\/senarmt\/2016\/05\/04\/tres-sindicatos-realizam-feiras-e-ofertam-oficinas-e-vitrine-da-carne\/","title":{"rendered":"Tr\u00eas sindicatos realizam feiras e ofertam oficinas e vitrine da carne"},"content":{"rendered":"<p>\nEm maio se intensifica a temporada de Exposi\u00e7\u00f5es Agropecu\u00e1rias em Mato Grosso. Para esta semana est\u00e1 prevista a realiza\u00e7\u00e3o de tr\u00eas eventos que s\u00e3o promovidos pelos Sindicatos Rurais de Porto Alegre do Norte, S\u00e3o Jos\u00e9 do Rio Claro e Campin\u00e1polis. Logo mais, \u00e0 noite, eles dar\u00e3o in\u00edcio a suas exposi\u00e7\u00f5es agropecu\u00e1rias e o Servi\u00e7o Nacional de Aprendizagem Rural de Mato Grosso (Senar-MT) ir\u00e1 marcar presen\u00e7a.<\/p>\n<p>\n\u00a0<\/p>\n<p>\nEm Porto Alegre do Norte ocorre a 8\u00aa Din\u00e2mica de Empreendimentos e Empreendedores, no p\u00e1tio Araguassu (BR-158) e segue at\u00e9 o dia 08 de maio de 2016. O Senar-MT oferece oficinas de confec\u00e7\u00e3o de bolsas e de cintos em couro bovino e de manuten\u00e7\u00e3o de tratores agr\u00edcolas.\u00a0 Nos dias 07 e 08 de maio, a institui\u00e7\u00e3o em parceria com sindicato, tamb\u00e9m oferta a Vitrine da carne. &#8220;Estamos animados e a expectativa \u00e9 grande&#8221;, enfatiza o presidente do Sindicato Rural, Marcelo Gon\u00e7alves Rodrigues.<\/p>\n<p>\n\u00a0<\/p>\n<p>\nJ\u00e1 em S\u00e3o Jos\u00e9 do Rio Claro, ocorre at\u00e9 o dia 08, a 19\u00ba Expoclaro. O estande do Senar-MT est\u00e1 pronto. No espa\u00e7o ser\u00e3o ofertadas, em parceria com o sindicato rural, oficinas de beneficiamento de carne e a Vitrine da carne.<\/p>\n<p>\n\u00a0<\/p>\n<p>\nNesta quarta-feira (04.05) tamb\u00e9m come\u00e7a a Exposi\u00e7\u00e3o Agropecu\u00e1ria de Campin\u00e1polis (Expocamp) e o Senar-MT mais uma vez estar\u00e1 presente. A programa\u00e7\u00e3o no estande conta com oficinas de beneficiamento do leite (barra), de doce de leite pingo, queijo mussarela tran\u00e7a e nozinho e de confec\u00e7\u00e3o de cabe\u00e7ada em couro bovino.<\/p>\n<p>\n\u00a0<\/p>\n<p>\nO presidente do Sindicato Rural de Campinapolis, Joaquim Jos\u00e9 de Almeida tamb\u00e9m est\u00e1 animado com a exposi\u00e7\u00e3o. Ele destaca que as oficinas realizadas em parceria com o Senar-MT chamam a aten\u00e7\u00e3o do p\u00fablico que participam da feira e tamb\u00e9m ajudam a divulgar os treinamentos oferecidos pela institui\u00e7\u00e3o de ensino.<\/p>\n<p>\n\u00a0<\/p>\n<p>\nTodas as oficinas e vitrines s\u00e3o demandadas pelos Sindicatos Rurais, que tamb\u00e9m s\u00e3o respons\u00e1veis pela mobiliza\u00e7\u00e3o das turmas. Os temas das oficinas s\u00e3o escolhidos de acordo com a voca\u00e7\u00e3o regional.<\/p>\n<p>\n\u00a0<\/p>\n<p>\nPrograma\u00e7\u00e3o de oficinas e vitrines nas feiras:<\/p>\n<p>\n\u00a0<\/p>\n<p>\nPORTO ALEGRE DO NORTE<\/p>\n<p>\n04\/05 &#8211; Oficina de confec\u00e7\u00e3o de bolsas em couro bovino, Oficina de confec\u00e7\u00e3o de cintos em couro bovino e Oficina manuten\u00e7\u00e3o de tratores agr\u00edcolas<\/p>\n<p>\n05\/05- Oficina de confec\u00e7\u00e3o de bolsas em couro bovino, Oficina de confec\u00e7\u00e3o de cintos em couro bovino e Oficina manuten\u00e7\u00e3o de tratores agr\u00edcolas<\/p>\n<p>\n06\/05- Oficina de confec\u00e7\u00e3o de chinelos em couro bovino, Oficina de confec\u00e7\u00e3o de revestimento para copos em couro bovino e Oficina manuten\u00e7\u00e3o de tratores agr\u00edcolas<\/p>\n<p>\nNo dia 07\/05 acontecer\u00e1 vitrine da carne \u2013 bovino e no dia 08\/05 vitrine da carne \u2013 peixe<\/p>\n<p>\n\u00a0<\/p>\n<p>\nS\u00c3O JOSE DO RIO CLARO<\/p>\n<p>\n04\/05- Oficina de beneficiamento \u2013 Hamburguer<\/p>\n<p>\n05\/05- Oficina de beneficiamento &#8211; Lingui\u00e7a apimentada<\/p>\n<p>\nAl\u00e9m das oficinas a exposi\u00e7\u00e3o tamb\u00e9m contar\u00e1 com a vitrine da carne bovina no dia 06\/05 e vitrine da carne de frango no dia 07\/05<\/p>\n<p>\n\u00a0<\/p>\n<p>\nCAMPIN\u00c1POLIS<\/p>\n<p>\n05\/05 Oficina de beneficiamento do leite &#8211; doce de leite para corte (barra)<\/p>\n<p>\n06\/05- Oficina de beneficiamento do leite &#8211; doce de leite pingo e Oficina de confec\u00e7\u00e3o de cabe\u00e7ada em couro bovino<\/p>\n<p>\n07\/05- Oficina de beneficiamento do leite &#8211; doce pastoso e iogurte e Oficina de confec\u00e7\u00e3o de cintos em couro bovino<\/p>\n<p>\n08\/05-Oficina de beneficiamento do leite &#8211; queijo mussarela tran\u00e7a e nozinho<\/p>\n<p>\n\u00a0<\/p>\n<p>\nO Senar-MT faz parte de um conjunto de entidades que formam o Sistema Famato. Essas entidades d\u00e3o suporte para o desenvolvimento sustent\u00e1vel do agroneg\u00f3cio. \u00c9 formado ainda pela Famato, Imea e pelos 89 sindicatos rurais do Estado. O Senar est\u00e1 no Facebook e no Instagram. Curta a Fan Page <a href=\"http:\/\/www.facebook.com\/SenarMt\">www.facebook.com\/SenarMt<\/a> e a conta <a href=\"https:\/\/www.instagram.com\/senar_mt\/\">@senar_mt<\/a>.<\/p>\n","protected":false},"excerpt":{"rendered":"<p>Em maio se intensifica a temporada de Exposi\u00e7\u00f5es Agropecu\u00e1rias em Mato Grosso. Para esta semana est\u00e1 prevista a realiza\u00e7\u00e3o de tr\u00eas eventos que s\u00e3o promovidos pelos Sindicatos Rurais de Porto Alegre do Norte, S\u00e3o Jos\u00e9 do Rio Claro e Campin\u00e1polis. Logo mais, \u00e0 noite, eles dar\u00e3o in\u00edcio a suas exposi\u00e7\u00f5es agropecu\u00e1rias e o Servi\u00e7o Nacional [&hellip;]<\/p>\n","protected":false},"author":1,"featured_media":2451,"comment_status":"open","ping_status":"open","sticky":false,"template":"","format":"standard","meta":{"advgb_blocks_editor_width":"","advgb_blocks_columns_visual_guide":"","footnotes":""},"categories":[1],"tags":[],"class_list":["post-9859","post","type-post","status-publish","format-standard","has-post-thumbnail","hentry","category-geral"],"acf":[],"author_meta":{"display_name":"siteadmin","author_link":"https:\/\/sistemafamato.org.br\/senarmt\/author\/siteadmin\/"},"featured_img":"https:\/\/sistemafamato.org.br\/senarmt\/wp-content\/uploads\/sites\/2\/2016\/05\/05052016032111-300x199.jpg","coauthors":[],"tax_additional":{"categories":{"linked":["<a href=\"https:\/\/sistemafamato.org.br\/senarmt\/category\/geral\/\" class=\"advgb-post-tax-term\">Geral<\/a>"],"unlinked":["<span class=\"advgb-post-tax-term\">Geral<\/span>"]}},"comment_count":"0","relative_dates":{"created":"Publicado 10 anos atr\u00e1s","modified":"Atualizado 10 anos atr\u00e1s"},"absolute_dates":{"created":"Publicado em 4 de maio de 2016","modified":"Atualizado em 4 de maio de 2016"},"absolute_dates_time":{"created":"Publicado em 4 de maio de 2016 14:54","modified":"Atualizado em 4 de maio de 2016 14:54"},"featured_img_caption":"","series_order":"","_links":{"self":[{"href":"https:\/\/sistemafamato.org.br\/senarmt\/wp-json\/wp\/v2\/posts\/9859","targetHints":{"allow":["GET"]}}],"collection":[{"href":"https:\/\/sistemafamato.org.br\/senarmt\/wp-json\/wp\/v2\/posts"}],"about":[{"href":"https:\/\/sistemafamato.org.br\/senarmt\/wp-json\/wp\/v2\/types\/post"}],"author":[{"embeddable":true,"href":"https:\/\/sistemafamato.org.br\/senarmt\/wp-json\/wp\/v2\/users\/1"}],"replies":[{"embeddable":true,"href":"https:\/\/sistemafamato.org.br\/senarmt\/wp-json\/wp\/v2\/comments?post=9859"}],"version-history":[{"count":0,"href":"https:\/\/sistemafamato.org.br\/senarmt\/wp-json\/wp\/v2\/posts\/9859\/revisions"}],"wp:featuredmedia":[{"embeddable":true,"href":"https:\/\/sistemafamato.org.br\/senarmt\/wp-json\/wp\/v2\/media\/2451"}],"wp:attachment":[{"href":"https:\/\/sistemafamato.org.br\/senarmt\/wp-json\/wp\/v2\/media?parent=9859"}],"wp:term":[{"taxonomy":"category","embeddable":true,"href":"https:\/\/sistemafamato.org.br\/senarmt\/wp-json\/wp\/v2\/categories?post=9859"},{"taxonomy":"post_tag","embeddable":true,"href":"https:\/\/sistemafamato.org.br\/senarmt\/wp-json\/wp\/v2\/tags?post=9859"}],"curies":[{"name":"wp","href":"https:\/\/api.w.org\/{rel}","templated":true}]}}