{"id":9858,"date":"2016-05-03T16:41:09","date_gmt":"2016-05-03T19:41:09","guid":{"rendered":"https:\/\/sistemafamato.org.br\/senarmt\/2016\/05\/03\/qualificacao-reune-lideres-do-agronegocio-em-cuiaba\/"},"modified":"2016-05-03T16:41:09","modified_gmt":"2016-05-03T19:41:09","slug":"qualificacao-reune-lideres-do-agronegocio-em-cuiaba","status":"publish","type":"post","link":"https:\/\/sistemafamato.org.br\/senarmt\/2016\/05\/03\/qualificacao-reune-lideres-do-agronegocio-em-cuiaba\/","title":{"rendered":"Qualifica\u00e7\u00e3o re\u00fane l\u00edderes do agroneg\u00f3cio em Cuiab\u00e1"},"content":{"rendered":"<p>\nBoa parte dos 35 alunos da turma que participa do Programa Academia de Lideran&ccedil;a, desenvolvido pelo Servi&ccedil;o Nacional de Aprendizagem Rural de Mato Grosso (Senar-MT) e mobilizada pela Aprosoja tem como objetivo principal desenvolver a habilidade de falar bem em p&uacute;blico. Mas o conte&uacute;do vai muito al&eacute;m disso. Autoconhecimento, gerenciamento de crise, conhecimento reflexivo e muito mais.<\/p>\n<p>\n&nbsp;<\/p>\n<p>\nEgresso do programa, o superintendente do Senar-MT, Ot&aacute;vio Celidonio diz que o objetivo principal do Academia de Lideran&ccedil;a &eacute; contribuir para o desenvolvimento social do agroneg&oacute;cio. Celidonio aproveitou a abertura desta primeira turma de 2016, da Aprosoja, para falar um pouco sobre os treinamentos oferecidos pelo Senar-MT.<\/p>\n<p>\n&nbsp;<\/p>\n<p>\nEle destacou ainda que a institui&ccedil;&atilde;o oferece mais de 250 treinamentos e que o principal parceiro na realiza&ccedil;&atilde;o das a&ccedil;&otilde;es &eacute; o Sindicato Rural. &quot;Estamos trabalhando muito para fortalecer os Sindicatos Rurais e, al&eacute;m disso, temos investido na formata&ccedil;&atilde;o de novos treinamentos e at&eacute; de novos programas e projetos&quot;.<\/p>\n<p>\n&nbsp;<\/p>\n<p>\nO diretor administrativo da Aprosoja, Alexandre Schenkel, que tamb&eacute;m &eacute; egresso do Academia, acrescenta que o programa incentiva a evolu&ccedil;&atilde;o de cada lideran&ccedil;a. &quot;Os participantes t&ecirc;m a oportunidade de aumentar as compet&ecirc;ncias relacionadas &agrave; lideran&ccedil;a. Eles tamb&eacute;m v&atilde;o aprender diversas outras coisas, como trabalhar o desenvolvimento de aspectos comportamentais de comunica&ccedil;&atilde;o e temas estrat&eacute;gicos do setor&quot;.<\/p>\n<p>\n&nbsp;<\/p>\n<p>\nA expectativa do engenheiro agr&ocirc;nomo e produtor rural, Luiz Bier (28 ), morador de&nbsp; Ga&uacute;cha do Norte, assim como a maioria&nbsp; &eacute; aprender a se comunicar melhor.&nbsp; &quot;Ouvi falar muito bem sobre Academia de Lideran&ccedil;a, principalmente sobre as aulas de orat&oacute;ria e as de negocia&ccedil;&atilde;o. Minha expectativa para este curso &eacute; muito grande&quot;.&nbsp;<\/p>\n<p>\n&nbsp;<\/p>\n<p>\nJ&aacute; o produtor e engenheiro agr&ocirc;nomo Diogo Molina, de 35 anos, morador de Cl&aacute;udia, optou pela Academia de Lideran&ccedil;a porque j&aacute; conhecia o programa. Ele ressalta que &eacute; sempre importante se aperfei&ccedil;oar. &quot;Nesse momento em que eu estou em fase de transi&ccedil;&atilde;o de uma profiss&atilde;o liberal para a de produtor rural, o Academia vai me ajudar a melhorar o autoconhecimento e a ficar mais confiante na hora de falar com outros produtores&quot;.<\/p>\n<p>\n&nbsp;<\/p>\n<p>\nMagda Ortolan, de 40 anos, administradora e moradora do munic&iacute;pio de Campo Novo dos Parecis tamb&eacute;m est&aacute; fazendo o primeiro m&oacute;dulo do Academia de Lideran&ccedil;a, que acontece em Cuiab&aacute; entre os dias 3 e 6 de maio, diz que em fun&ccedil;&atilde;o de fazer parte da diretoria do Sindicato Rural de seu munic&iacute;pio sentiu a necessidade de fazer o programa. &quot;&Eacute; uma oportunidade de crescimento. O que mais me chamou aten&ccedil;&atilde;o &eacute; a parte de lideran&ccedil;a. E eu quero me tornar uma pessoa melhor para conduzir minha equipe. Eu acho que os l&iacute;deres precisam disso&quot;.<\/p>\n<p>\n&nbsp;<\/p>\n<p>\nO Senar-MT faz parte de um conjunto de entidades que formam o Sistema Famato. Essas entidades d&atilde;o suporte para o desenvolvimento sustent&aacute;vel do agroneg&oacute;cio. &Eacute; formado ainda pela Famato, Imea e pelos 89 sindicatos rurais do Estado. O Senar est&aacute; no Facebook e no Instagram. Curta a Fan Page <a href=\"http:\/\/www.facebook.com\/SenarMt\">www.facebook.com\/SenarMt<\/a> e a conta <a href=\"https:\/\/www.instagram.com\/senar_mt\/\">@senar_mt<\/a>.<\/p>\n","protected":false},"excerpt":{"rendered":"<p>Boa parte dos 35 alunos da turma que participa do Programa Academia de Lideran&ccedil;a, desenvolvido pelo Servi&ccedil;o Nacional de Aprendizagem Rural de Mato Grosso (Senar-MT) e mobilizada pela Aprosoja tem como objetivo principal desenvolver a habilidade de falar bem em p&uacute;blico. Mas o conte&uacute;do vai muito al&eacute;m disso. Autoconhecimento, gerenciamento de crise, conhecimento reflexivo e [&hellip;]<\/p>\n","protected":false},"author":1,"featured_media":2449,"comment_status":"open","ping_status":"open","sticky":false,"template":"","format":"standard","meta":{"advgb_blocks_editor_width":"","advgb_blocks_columns_visual_guide":"","footnotes":""},"categories":[1],"tags":[],"class_list":["post-9858","post","type-post","status-publish","format-standard","has-post-thumbnail","hentry","category-geral"],"acf":[],"author_meta":{"display_name":"siteadmin","author_link":"https:\/\/sistemafamato.org.br\/senarmt\/author\/siteadmin\/"},"featured_img":"https:\/\/sistemafamato.org.br\/senarmt\/wp-content\/uploads\/sites\/2\/2016\/05\/03052016043940-300x200.jpg","coauthors":[],"tax_additional":{"categories":{"linked":["<a href=\"https:\/\/sistemafamato.org.br\/senarmt\/category\/geral\/\" class=\"advgb-post-tax-term\">Geral<\/a>"],"unlinked":["<span class=\"advgb-post-tax-term\">Geral<\/span>"]}},"comment_count":"0","relative_dates":{"created":"Publicado 10 anos atr\u00e1s","modified":"Atualizado 10 anos atr\u00e1s"},"absolute_dates":{"created":"Publicado em 3 de maio de 2016","modified":"Atualizado em 3 de maio de 2016"},"absolute_dates_time":{"created":"Publicado em 3 de maio de 2016 16:41","modified":"Atualizado em 3 de maio de 2016 16:41"},"featured_img_caption":"","series_order":"","_links":{"self":[{"href":"https:\/\/sistemafamato.org.br\/senarmt\/wp-json\/wp\/v2\/posts\/9858","targetHints":{"allow":["GET"]}}],"collection":[{"href":"https:\/\/sistemafamato.org.br\/senarmt\/wp-json\/wp\/v2\/posts"}],"about":[{"href":"https:\/\/sistemafamato.org.br\/senarmt\/wp-json\/wp\/v2\/types\/post"}],"author":[{"embeddable":true,"href":"https:\/\/sistemafamato.org.br\/senarmt\/wp-json\/wp\/v2\/users\/1"}],"replies":[{"embeddable":true,"href":"https:\/\/sistemafamato.org.br\/senarmt\/wp-json\/wp\/v2\/comments?post=9858"}],"version-history":[{"count":0,"href":"https:\/\/sistemafamato.org.br\/senarmt\/wp-json\/wp\/v2\/posts\/9858\/revisions"}],"wp:featuredmedia":[{"embeddable":true,"href":"https:\/\/sistemafamato.org.br\/senarmt\/wp-json\/wp\/v2\/media\/2449"}],"wp:attachment":[{"href":"https:\/\/sistemafamato.org.br\/senarmt\/wp-json\/wp\/v2\/media?parent=9858"}],"wp:term":[{"taxonomy":"category","embeddable":true,"href":"https:\/\/sistemafamato.org.br\/senarmt\/wp-json\/wp\/v2\/categories?post=9858"},{"taxonomy":"post_tag","embeddable":true,"href":"https:\/\/sistemafamato.org.br\/senarmt\/wp-json\/wp\/v2\/tags?post=9858"}],"curies":[{"name":"wp","href":"https:\/\/api.w.org\/{rel}","templated":true}]}}