{"id":585393,"date":"2026-04-02T07:30:00","date_gmt":"2026-04-02T11:30:00","guid":{"rendered":"https:\/\/sistemafamato.org.br\/senarmt\/?p=585393"},"modified":"2026-04-02T08:17:46","modified_gmt":"2026-04-02T12:17:46","slug":"mulheres-em-campo-fortalece-protagonismo-feminino-no-meio-rural-em-mt","status":"publish","type":"post","link":"https:\/\/sistemafamato.org.br\/senarmt\/2026\/04\/02\/mulheres-em-campo-fortalece-protagonismo-feminino-no-meio-rural-em-mt\/","title":{"rendered":"Mulheres em Campo amplia participa\u00e7\u00e3o feminina no agro"},"content":{"rendered":"\n<p>O Servi\u00e7o Nacional de Aprendizagem Rural de Mato Grosso (Senar MT), em parceria com os sindicatos rurais do estado, desenvolve o Programa Mulheres em Campo, uma iniciativa voltada ao fortalecimento do protagonismo feminino no meio rural. A a\u00e7\u00e3o busca estimular o desenvolvimento de compet\u00eancias em gest\u00e3o, lideran\u00e7a e empreendedorismo, contribuindo para que as mulheres ampliem sua participa\u00e7\u00e3o nas decis\u00f5es das propriedades e dos neg\u00f3cios rurais.<\/p>\n\n\n\n<p>Com uma metodologia estruturada pelo Senar Central, o programa tem como objetivo despertar o interesse das participantes pela administra\u00e7\u00e3o das atividades produtivas, promovendo tamb\u00e9m o crescimento pessoal e profissional. A proposta reconhece caracter\u00edsticas como determina\u00e7\u00e3o, sensibilidade, resili\u00eancia e capacidade de supera\u00e7\u00e3o, cada vez mais presentes na atua\u00e7\u00e3o feminina tanto no campo quanto na cidade.<\/p>\n\n\n\n<p>A forma\u00e7\u00e3o \u00e9 organizada em cinco m\u00f3dulos, que conduzem as participantes por uma jornada de aprendizado e transforma\u00e7\u00e3o; Diagn\u00f3stico e vis\u00e3o de futuro, Planejamento, Custos de produ\u00e7\u00e3o, Desenvolvimento e Comercializa\u00e7\u00e3o e empreendedorismo.<\/p>\n\n\n\n<p>O programa conta ainda com dois complementos pedag\u00f3gicos que ampliam os resultados da forma\u00e7\u00e3o. Um deles \u00e9 a Feira de Comercializa\u00e7\u00e3o, realizada com o apoio dos sindicatos rurais e parceiros locais. Nesse espa\u00e7o, as participantes vivenciam na pr\u00e1tica a experi\u00eancia de mercado, apresentando e comercializando seus produtos, al\u00e9m de desenvolver habilidades de negocia\u00e7\u00e3o, relacionamento com clientes e valoriza\u00e7\u00e3o da produ\u00e7\u00e3o rural.<\/p>\n\n\n\n<p>Outro diferencial \u00e9 a An\u00e1lise de Perfil Comportamental, que permite \u00e0s participantes compreenderem melhor suas caracter\u00edsticas pessoais, sua forma de agir, pensar e se relacionar. A atividade contribui diretamente para o fortalecimento da autoconfian\u00e7a e para o desenvolvimento de compet\u00eancias essenciais na gest\u00e3o do neg\u00f3cio e nas rela\u00e7\u00f5es interpessoais.<\/p>\n\n\n\n<p>Entre os momentos importantes do programa est\u00e1 o encontro de autoconhecimento, considerado um dos pilares da forma\u00e7\u00e3o. A partir dessa etapa, as participantes passam a ter uma compreens\u00e3o mais profunda de si mesmas, o que potencializa os resultados do m\u00f3dulo, voltado ao desenvolvimento pessoal. Esse processo promove mudan\u00e7as que v\u00e3o al\u00e9m do ambiente de aprendizagem, impactando positivamente a vida familiar, a gest\u00e3o da propriedade e o relacionamento com a comunidade.<\/p>\n\n\n\n<p>O programa estimula a forma\u00e7\u00e3o de redes de apoio entre mulheres do campo, incentivando o compartilhamento de experi\u00eancias e a participa\u00e7\u00e3o em a\u00e7\u00f5es coletivas.<\/p>\n\n\n\n<p><strong>Programa\u00e7\u00e3o<\/strong><\/p>\n\n\n\n<p>02\/04 a 30\/04 \u2013 Vila Bela da Sant\u00edssima Trindade<br>06\/04 a 04\/05 \u2013 Barra do Bugres<br>08\/04 a 21\/05 \u2013 Comodoro<br>30\/04 a 09\/05 \u2013 Canabrava do Norte<\/p>\n\n\n\n<figure class=\"wp-block-gallery has-nested-images columns-default is-cropped wp-block-gallery-1 is-layout-flex wp-block-gallery-is-layout-flex\">\n<figure class=\"wp-block-image size-large\"><img loading=\"lazy\" decoding=\"async\" width=\"1024\" height=\"768\" data-id=\"585395\" src=\"https:\/\/sistemafamato.org.br\/senarmt\/wp-content\/uploads\/sites\/2\/2026\/04\/WhatsApp-Image-2026-03-31-at-17.07.24-1024x768.jpeg\" alt=\"\" class=\"wp-image-585395\" srcset=\"https:\/\/sistemafamato.org.br\/senarmt\/wp-content\/uploads\/sites\/2\/2026\/04\/WhatsApp-Image-2026-03-31-at-17.07.24-1024x768.jpeg 1024w, https:\/\/sistemafamato.org.br\/senarmt\/wp-content\/uploads\/sites\/2\/2026\/04\/WhatsApp-Image-2026-03-31-at-17.07.24-300x225.jpeg 300w, https:\/\/sistemafamato.org.br\/senarmt\/wp-content\/uploads\/sites\/2\/2026\/04\/WhatsApp-Image-2026-03-31-at-17.07.24-768x576.jpeg 768w, https:\/\/sistemafamato.org.br\/senarmt\/wp-content\/uploads\/sites\/2\/2026\/04\/WhatsApp-Image-2026-03-31-at-17.07.24-1536x1152.jpeg 1536w, https:\/\/sistemafamato.org.br\/senarmt\/wp-content\/uploads\/sites\/2\/2026\/04\/WhatsApp-Image-2026-03-31-at-17.07.24-150x113.jpeg 150w, https:\/\/sistemafamato.org.br\/senarmt\/wp-content\/uploads\/sites\/2\/2026\/04\/WhatsApp-Image-2026-03-31-at-17.07.24.jpeg 1600w\" sizes=\"auto, (max-width: 1024px) 100vw, 1024px\" \/><\/figure>\n\n\n\n<figure class=\"wp-block-image size-large\"><img loading=\"lazy\" decoding=\"async\" width=\"958\" height=\"954\" data-id=\"585396\" src=\"https:\/\/sistemafamato.org.br\/senarmt\/wp-content\/uploads\/sites\/2\/2026\/04\/WhatsApp-Image-2026-03-31-at-16.56.15.jpeg\" alt=\"\" class=\"wp-image-585396\" srcset=\"https:\/\/sistemafamato.org.br\/senarmt\/wp-content\/uploads\/sites\/2\/2026\/04\/WhatsApp-Image-2026-03-31-at-16.56.15.jpeg 958w, https:\/\/sistemafamato.org.br\/senarmt\/wp-content\/uploads\/sites\/2\/2026\/04\/WhatsApp-Image-2026-03-31-at-16.56.15-300x300.jpeg 300w, https:\/\/sistemafamato.org.br\/senarmt\/wp-content\/uploads\/sites\/2\/2026\/04\/WhatsApp-Image-2026-03-31-at-16.56.15-150x149.jpeg 150w, https:\/\/sistemafamato.org.br\/senarmt\/wp-content\/uploads\/sites\/2\/2026\/04\/WhatsApp-Image-2026-03-31-at-16.56.15-768x765.jpeg 768w, https:\/\/sistemafamato.org.br\/senarmt\/wp-content\/uploads\/sites\/2\/2026\/04\/WhatsApp-Image-2026-03-31-at-16.56.15-96x96.jpeg 96w\" sizes=\"auto, (max-width: 958px) 100vw, 958px\" \/><\/figure>\n\n\n\n<figure class=\"wp-block-image size-large\"><img loading=\"lazy\" decoding=\"async\" width=\"1024\" height=\"768\" data-id=\"585397\" src=\"https:\/\/sistemafamato.org.br\/senarmt\/wp-content\/uploads\/sites\/2\/2026\/04\/WhatsApp-Image-2026-03-31-at-16.52.37-1024x768.jpeg\" alt=\"\" class=\"wp-image-585397\" srcset=\"https:\/\/sistemafamato.org.br\/senarmt\/wp-content\/uploads\/sites\/2\/2026\/04\/WhatsApp-Image-2026-03-31-at-16.52.37-1024x768.jpeg 1024w, https:\/\/sistemafamato.org.br\/senarmt\/wp-content\/uploads\/sites\/2\/2026\/04\/WhatsApp-Image-2026-03-31-at-16.52.37-300x225.jpeg 300w, https:\/\/sistemafamato.org.br\/senarmt\/wp-content\/uploads\/sites\/2\/2026\/04\/WhatsApp-Image-2026-03-31-at-16.52.37-768x576.jpeg 768w, https:\/\/sistemafamato.org.br\/senarmt\/wp-content\/uploads\/sites\/2\/2026\/04\/WhatsApp-Image-2026-03-31-at-16.52.37-1536x1152.jpeg 1536w, https:\/\/sistemafamato.org.br\/senarmt\/wp-content\/uploads\/sites\/2\/2026\/04\/WhatsApp-Image-2026-03-31-at-16.52.37-150x113.jpeg 150w, https:\/\/sistemafamato.org.br\/senarmt\/wp-content\/uploads\/sites\/2\/2026\/04\/WhatsApp-Image-2026-03-31-at-16.52.37.jpeg 1600w\" sizes=\"auto, (max-width: 1024px) 100vw, 1024px\" \/><\/figure>\n<\/figure>\n","protected":false},"excerpt":{"rendered":"<p>Programa do Senar MT, em parceria com sindicatos rurais, capacita mulheres para gest\u00e3o, lideran\u00e7a e empreendedorismo no campo<\/p>\n","protected":false},"author":76,"featured_media":585394,"comment_status":"open","ping_status":"open","sticky":false,"template":"","format":"standard","meta":{"advgb_blocks_editor_width":"","advgb_blocks_columns_visual_guide":"","footnotes":""},"categories":[1],"tags":[],"class_list":["post-585393","post","type-post","status-publish","format-standard","has-post-thumbnail","hentry","category-geral"],"acf":[],"author_meta":{"display_name":"Rosangela Milles","author_link":"https:\/\/sistemafamato.org.br\/senarmt\/author\/rosangela-miles\/"},"featured_img":"https:\/\/sistemafamato.org.br\/senarmt\/wp-content\/uploads\/sites\/2\/2026\/04\/WhatsApp-Image-2026-03-31-at-16.56.14-300x225.jpeg","coauthors":[],"tax_additional":{"categories":{"linked":["<a href=\"https:\/\/sistemafamato.org.br\/senarmt\/category\/geral\/\" class=\"advgb-post-tax-term\">Geral<\/a>"],"unlinked":["<span class=\"advgb-post-tax-term\">Geral<\/span>"]}},"comment_count":"0","relative_dates":{"created":"Publicado 4 semanas atr\u00e1s","modified":"Atualizado 4 semanas atr\u00e1s"},"absolute_dates":{"created":"Publicado em 2 de abril de 2026","modified":"Atualizado em 2 de abril de 2026"},"absolute_dates_time":{"created":"Publicado em 2 de abril de 2026 07:30","modified":"Atualizado em 2 de abril de 2026 08:17"},"featured_img_caption":"","series_order":"","_links":{"self":[{"href":"https:\/\/sistemafamato.org.br\/senarmt\/wp-json\/wp\/v2\/posts\/585393","targetHints":{"allow":["GET"]}}],"collection":[{"href":"https:\/\/sistemafamato.org.br\/senarmt\/wp-json\/wp\/v2\/posts"}],"about":[{"href":"https:\/\/sistemafamato.org.br\/senarmt\/wp-json\/wp\/v2\/types\/post"}],"author":[{"embeddable":true,"href":"https:\/\/sistemafamato.org.br\/senarmt\/wp-json\/wp\/v2\/users\/76"}],"replies":[{"embeddable":true,"href":"https:\/\/sistemafamato.org.br\/senarmt\/wp-json\/wp\/v2\/comments?post=585393"}],"version-history":[{"count":5,"href":"https:\/\/sistemafamato.org.br\/senarmt\/wp-json\/wp\/v2\/posts\/585393\/revisions"}],"predecessor-version":[{"id":585427,"href":"https:\/\/sistemafamato.org.br\/senarmt\/wp-json\/wp\/v2\/posts\/585393\/revisions\/585427"}],"wp:featuredmedia":[{"embeddable":true,"href":"https:\/\/sistemafamato.org.br\/senarmt\/wp-json\/wp\/v2\/media\/585394"}],"wp:attachment":[{"href":"https:\/\/sistemafamato.org.br\/senarmt\/wp-json\/wp\/v2\/media?parent=585393"}],"wp:term":[{"taxonomy":"category","embeddable":true,"href":"https:\/\/sistemafamato.org.br\/senarmt\/wp-json\/wp\/v2\/categories?post=585393"},{"taxonomy":"post_tag","embeddable":true,"href":"https:\/\/sistemafamato.org.br\/senarmt\/wp-json\/wp\/v2\/tags?post=585393"}],"curies":[{"name":"wp","href":"https:\/\/api.w.org\/{rel}","templated":true}]}}