{"id":585345,"date":"2026-03-31T11:00:02","date_gmt":"2026-03-31T15:00:02","guid":{"rendered":"https:\/\/sistemafamato.org.br\/senarmt\/?p=585345"},"modified":"2026-03-31T11:09:28","modified_gmt":"2026-03-31T15:09:28","slug":"programa-do-senar-mt-leva-atendimento-domiciliar-e-educacao","status":"publish","type":"post","link":"https:\/\/sistemafamato.org.br\/senarmt\/2026\/03\/31\/programa-do-senar-mt-leva-atendimento-domiciliar-e-educacao\/","title":{"rendered":"Senar MT leva atendimento domiciliar de preven\u00e7\u00e3o em sa\u00fade a fam\u00edlias rurais"},"content":{"rendered":"\n<p>O Programa Sa\u00fade no Campo, desenvolvido pelo Servi\u00e7o Nacional de Aprendizagem Rural de Mato Grosso (Senar MT), tem promovido mudan\u00e7as na vida de produtores e suas fam\u00edlias ao levar atendimento de sa\u00fade direto \u00e0s propriedades rurais. Com a metodologia da Assist\u00eancia T\u00e9cnica e Gerencial (ATeG), o programa amplia o cuidado no campo ao integrar sa\u00fade, educa\u00e7\u00e3o e qualidade de vida.<\/p>\n\n\n\n<p>O programa est\u00e1 presente em 56 munic\u00edpios de Mato Grosso, com o apoio de 42 Sindicatos Rurais. A partir do segundo semestre deste ano, a iniciativa ser\u00e1 ampliada e vai alca\u00e7ar todos os Sindicatos Rurais do estado, expandindo o atendimento e fortalecendo as a\u00e7\u00f5es de sa\u00fade no meio rural.<\/p>\n\n\n\n<p>A iniciativa atende fam\u00edlias j\u00e1 acompanhadas pela ATeG, com visitas domiciliares mensais durante um per\u00edodo de at\u00e9 24 meses. Nessas visitas, t\u00e9cnicos de enfermagem e enfermeiros realizam o monitoramento dos principais indicadores de sa\u00fade, como press\u00e3o arterial, glicemia, peso e \u00edndice de massa corporal (IMC), al\u00e9m de desenvolver a\u00e7\u00f5es educativas voltadas \u00e0 preven\u00e7\u00e3o de doen\u00e7as e promo\u00e7\u00e3o do autocuidado.<\/p>\n\n\n\n<p>Segundo a supervisora de Promo\u00e7\u00e3o Social do Senar MT, Michelle Camila de Paula, o diferencial est\u00e1 no olhar humanizado sobre o produtor rural. \u201cMais do que aferir sinais vitais, o nosso foco \u00e9 a educa\u00e7\u00e3o em sa\u00fade. A cada m\u00eas trabalhamos temas como hipertens\u00e3o, diabetes, dengue e outras doen\u00e7as, sempre considerando a realidade de cada fam\u00edlia\u201d, explica.<\/p>\n\n\n\n<p>Outro destaque \u00e9 a oferta de telessa\u00fade, realizada em parceria entre o Senar Central e o Einstein Hospital Israelita. Por meio de videochamadas, os participantes t\u00eam acesso a consultas com cl\u00ednico geral, psic\u00f3logo e pediatra, ampliando o acesso a servi\u00e7os especializados mesmo em regi\u00f5es mais remotas.<\/p>\n\n\n\n<p>A presen\u00e7a constante dos t\u00e9cnicos nas propriedades cria um v\u00ednculo de confian\u00e7a com as fam\u00edlias, fator essencial para a ades\u00e3o \u00e0s orienta\u00e7\u00f5es de sa\u00fade. O trabalho \u00e9 individualizado e respeita o tempo e as necessidades de cada pessoa, o que contribui para resultados mais efetivos.<\/p>\n\n\n\n<p>A t\u00e9cnica de sa\u00fade rural Edyane Vic\u00eancia de Assis Kester destaca que o acompanhamento vai al\u00e9m de orienta\u00e7\u00f5es pontuais. \u201c\u00c9 um processo cont\u00ednuo. A gente observa, orienta, acompanha e ajusta as a\u00e7\u00f5es conforme a evolu\u00e7\u00e3o de cada caso\u201d, afirma.<\/p>\n\n\n\n<p><strong>Supera\u00e7\u00e3o do tabagismo no campo<\/strong><\/p>\n\n\n\n<p>Um dos exemplos de transforma\u00e7\u00e3o proporcionados pelo programa \u00e9 a hist\u00f3ria da produtora rural dona Enil Dias de Arruda, do s\u00edtio S\u00e3o Pedro, em Pocon\u00e9, &nbsp;que decidiu enfrentar o v\u00edcio do tabagismo ap\u00f3s iniciar o acompanhamento pelo programa Sa\u00fade no Campo.<\/p>\n\n\n\n<p>Tabagista h\u00e1 muitos anos, dona Enil fumava cerca de 20 cigarros por dia. Durante as visitas, a t\u00e9cnica respons\u00e1vel iniciou um trabalho gradual de conscientiza\u00e7\u00e3o, sem imposi\u00e7\u00f5es, focado na educa\u00e7\u00e3o em sa\u00fade e no incentivo a h\u00e1bitos mais saud\u00e1veis.<\/p>\n\n\n\n<p>\u201cEu fumava muito e achava que n\u00e3o ia conseguir parar. Com as orienta\u00e7\u00f5es e o acompanhamento, fui reduzindo aos poucos. Hoje me sinto melhor, mais disposta e com vontade de cuidar mais da minha sa\u00fade\u201d, relata dona Enil.<\/p>\n\n\n<div class=\"wp-block-image\">\n<figure class=\"aligncenter size-large is-resized\"><img loading=\"lazy\" decoding=\"async\" width=\"1024\" height=\"576\" src=\"https:\/\/sistemafamato.org.br\/senarmt\/wp-content\/uploads\/sites\/2\/2026\/03\/WhatsApp-Image-2026-03-31-at-09.52.56-1024x576.jpeg\" alt=\"\" class=\"wp-image-585347\" style=\"width:791px;height:auto\" srcset=\"https:\/\/sistemafamato.org.br\/senarmt\/wp-content\/uploads\/sites\/2\/2026\/03\/WhatsApp-Image-2026-03-31-at-09.52.56-1024x576.jpeg 1024w, https:\/\/sistemafamato.org.br\/senarmt\/wp-content\/uploads\/sites\/2\/2026\/03\/WhatsApp-Image-2026-03-31-at-09.52.56-300x169.jpeg 300w, https:\/\/sistemafamato.org.br\/senarmt\/wp-content\/uploads\/sites\/2\/2026\/03\/WhatsApp-Image-2026-03-31-at-09.52.56-768x432.jpeg 768w, https:\/\/sistemafamato.org.br\/senarmt\/wp-content\/uploads\/sites\/2\/2026\/03\/WhatsApp-Image-2026-03-31-at-09.52.56-1536x864.jpeg 1536w, https:\/\/sistemafamato.org.br\/senarmt\/wp-content\/uploads\/sites\/2\/2026\/03\/WhatsApp-Image-2026-03-31-at-09.52.56-150x84.jpeg 150w, https:\/\/sistemafamato.org.br\/senarmt\/wp-content\/uploads\/sites\/2\/2026\/03\/WhatsApp-Image-2026-03-31-at-09.52.56.jpeg 1600w\" sizes=\"auto, (max-width: 1024px) 100vw, 1024px\" \/><figcaption class=\"wp-element-caption\">Fam\u00edlia assistida pelo Programa Sa\u00fade no Campo, em Pocon\u00e9<\/figcaption><\/figure><\/div>\n\n\n<p>A estrat\u00e9gia incluiu orienta\u00e7\u00f5es sobre os malef\u00edcios do cigarro, est\u00edmulo \u00e0 pr\u00e1tica de atividades f\u00edsicas e encaminhamento para acompanhamento m\u00e9dico e psicol\u00f3gico na rede p\u00fablica de sa\u00fade. Mesmo diante de desafios como sintomas de abstin\u00eancia, entre eles ansiedade, irritabilidade e fadiga, a produtora manteve o compromisso com a mudan\u00e7a.<\/p>\n\n\n\n<p>Ap\u00f3s seis meses de acompanhamento, os resultados foram significativos: dona Enil reduziu o consumo para cerca de tr\u00eas cigarros por dia, apresentou melhora nos sintomas de ansiedade e relatou mais disposi\u00e7\u00e3o para as atividades di\u00e1rias.<\/p>\n\n\n\n<p>A t\u00e9cnica de sa\u00fade rural Edyane disse que o \u201capoio junto ao munic\u00edpio de Pocon\u00e9 foi importante para viabilizar o tratamento, refor\u00e7ando a integra\u00e7\u00e3o entre o Senar MT e a rede de atendimento \u00e0 sa\u00fade local. Al\u00e9m disse o apoio do Sindicato Rural faz nos abre portas\u201d.<\/p>\n\n\n\n<figure class=\"wp-block-gallery has-nested-images columns-default is-cropped wp-block-gallery-1 is-layout-flex wp-block-gallery-is-layout-flex\">\n<figure class=\"wp-block-image size-large\"><img loading=\"lazy\" decoding=\"async\" width=\"866\" height=\"573\" data-id=\"585352\" src=\"https:\/\/sistemafamato.org.br\/senarmt\/wp-content\/uploads\/sites\/2\/2026\/03\/saude-no-campo-2.jpg\" alt=\"\" class=\"wp-image-585352\" srcset=\"https:\/\/sistemafamato.org.br\/senarmt\/wp-content\/uploads\/sites\/2\/2026\/03\/saude-no-campo-2.jpg 866w, https:\/\/sistemafamato.org.br\/senarmt\/wp-content\/uploads\/sites\/2\/2026\/03\/saude-no-campo-2-300x198.jpg 300w, https:\/\/sistemafamato.org.br\/senarmt\/wp-content\/uploads\/sites\/2\/2026\/03\/saude-no-campo-2-768x508.jpg 768w, https:\/\/sistemafamato.org.br\/senarmt\/wp-content\/uploads\/sites\/2\/2026\/03\/saude-no-campo-2-150x99.jpg 150w\" sizes=\"auto, (max-width: 866px) 100vw, 866px\" \/><\/figure>\n\n\n\n<figure class=\"wp-block-image size-large\"><img loading=\"lazy\" decoding=\"async\" width=\"834\" height=\"553\" data-id=\"585353\" src=\"https:\/\/sistemafamato.org.br\/senarmt\/wp-content\/uploads\/sites\/2\/2026\/03\/saude-no-campo.jpg\" alt=\"\" class=\"wp-image-585353\" srcset=\"https:\/\/sistemafamato.org.br\/senarmt\/wp-content\/uploads\/sites\/2\/2026\/03\/saude-no-campo.jpg 834w, https:\/\/sistemafamato.org.br\/senarmt\/wp-content\/uploads\/sites\/2\/2026\/03\/saude-no-campo-300x199.jpg 300w, https:\/\/sistemafamato.org.br\/senarmt\/wp-content\/uploads\/sites\/2\/2026\/03\/saude-no-campo-768x509.jpg 768w, https:\/\/sistemafamato.org.br\/senarmt\/wp-content\/uploads\/sites\/2\/2026\/03\/saude-no-campo-150x99.jpg 150w\" sizes=\"auto, (max-width: 834px) 100vw, 834px\" \/><\/figure>\n<\/figure>\n","protected":false},"excerpt":{"rendered":"<p>O Programa Sa\u00fade no campo alia visitas mensais, telessa\u00fade e orienta\u00e7\u00e3o personalizada para melhorar a qualidade de vida das fam\u00edlias assistidas pela ATeG<\/p>\n","protected":false},"author":76,"featured_media":585346,"comment_status":"open","ping_status":"open","sticky":false,"template":"","format":"standard","meta":{"advgb_blocks_editor_width":"","advgb_blocks_columns_visual_guide":"","footnotes":""},"categories":[1],"tags":[],"class_list":["post-585345","post","type-post","status-publish","format-standard","has-post-thumbnail","hentry","category-geral"],"acf":[],"author_meta":{"display_name":"Rosangela Milles","author_link":"https:\/\/sistemafamato.org.br\/senarmt\/author\/rosangela-miles\/"},"featured_img":"https:\/\/sistemafamato.org.br\/senarmt\/wp-content\/uploads\/sites\/2\/2026\/03\/Dona-Enil-1-300x225.jpeg","coauthors":[],"tax_additional":{"categories":{"linked":["<a href=\"https:\/\/sistemafamato.org.br\/senarmt\/category\/geral\/\" class=\"advgb-post-tax-term\">Geral<\/a>"],"unlinked":["<span class=\"advgb-post-tax-term\">Geral<\/span>"]}},"comment_count":"0","relative_dates":{"created":"Publicado 1 m\u00eas atr\u00e1s","modified":"Atualizado 1 m\u00eas atr\u00e1s"},"absolute_dates":{"created":"Publicado em 31 de mar\u00e7o de 2026","modified":"Atualizado em 31 de mar\u00e7o de 2026"},"absolute_dates_time":{"created":"Publicado em 31 de mar\u00e7o de 2026 11:00","modified":"Atualizado em 31 de mar\u00e7o de 2026 11:09"},"featured_img_caption":"","series_order":"","_links":{"self":[{"href":"https:\/\/sistemafamato.org.br\/senarmt\/wp-json\/wp\/v2\/posts\/585345","targetHints":{"allow":["GET"]}}],"collection":[{"href":"https:\/\/sistemafamato.org.br\/senarmt\/wp-json\/wp\/v2\/posts"}],"about":[{"href":"https:\/\/sistemafamato.org.br\/senarmt\/wp-json\/wp\/v2\/types\/post"}],"author":[{"embeddable":true,"href":"https:\/\/sistemafamato.org.br\/senarmt\/wp-json\/wp\/v2\/users\/76"}],"replies":[{"embeddable":true,"href":"https:\/\/sistemafamato.org.br\/senarmt\/wp-json\/wp\/v2\/comments?post=585345"}],"version-history":[{"count":6,"href":"https:\/\/sistemafamato.org.br\/senarmt\/wp-json\/wp\/v2\/posts\/585345\/revisions"}],"predecessor-version":[{"id":585359,"href":"https:\/\/sistemafamato.org.br\/senarmt\/wp-json\/wp\/v2\/posts\/585345\/revisions\/585359"}],"wp:featuredmedia":[{"embeddable":true,"href":"https:\/\/sistemafamato.org.br\/senarmt\/wp-json\/wp\/v2\/media\/585346"}],"wp:attachment":[{"href":"https:\/\/sistemafamato.org.br\/senarmt\/wp-json\/wp\/v2\/media?parent=585345"}],"wp:term":[{"taxonomy":"category","embeddable":true,"href":"https:\/\/sistemafamato.org.br\/senarmt\/wp-json\/wp\/v2\/categories?post=585345"},{"taxonomy":"post_tag","embeddable":true,"href":"https:\/\/sistemafamato.org.br\/senarmt\/wp-json\/wp\/v2\/tags?post=585345"}],"curies":[{"name":"wp","href":"https:\/\/api.w.org\/{rel}","templated":true}]}}